{"id":4903,"date":"2019-10-03T16:31:21","date_gmt":"2019-10-03T14:31:21","guid":{"rendered":"https:\/\/www.luxor.cz\/blog\/?p=4903"},"modified":"2019-10-03T16:34:43","modified_gmt":"2019-10-03T14:34:43","slug":"nakup-a-vyhraj-v-luxoru-central-kladno","status":"publish","type":"post","link":"https:\/\/www.luxor.cz\/blog\/souteze\/nakup-a-vyhraj-v-luxoru-central-kladno\/","title":{"rendered":"Nakup a vyhraj v Luxoru Central Kladno"},"content":{"rendered":"<p><b><span style=\"margin: 0px; color: #222222; font-family: 'Montserrat',serif; font-size: 13pt;\">Jak na to?<\/span><\/b><\/p>\n<p><span style=\"margin: 0px; color: #222222; font-family: 'Montserrat',serif; font-size: 13pt;\">P\u0159ij\u010fte o v\u00edkendu 4. 10. \u2013 6. 10. do nov\u011b otev\u0159en\u00e9ho knihkupectv\u00ed Luxor v\u00a0OC Central Kladno. Nakupte a sta\u0148te se \u010dlenem na\u0161eho v\u011brnostn\u00edho programu KK Basic nebo KK Premium. U\u017e \u010dlenem jste? Nevad\u00ed, sta\u010d\u00ed, kdy\u017e p\u0159i n\u00e1kupu p\u0159edlo\u017e\u00edte svou \u010dlenskou kartu.<\/span><\/p>\n<p><b><span style=\"margin: 0px; color: #222222; font-family: 'Montserrat',serif; font-size: 13pt;\">Kdo vyhraje?<\/span><\/b><\/p>\n<p><span style=\"margin: 0px; color: #222222; font-family: 'Montserrat',serif; font-size: 13pt;\">K\u00e1vovar Nespresso z\u00edsk\u00e1 ten, kdo spln\u00ed podm\u00ednky sout\u011b\u017ee a jeho \u00fa\u010dtenka bude m\u00edt\u00a0<b>za cel\u00fd v\u00edkend nejvy\u0161\u0161\u00ed hodnotu<\/b>. Nakoupit m\u016f\u017eete samoz\u0159ejm\u011b i v\u00edckr\u00e1t!<\/span><\/p>\n<p><span style=\"margin: 0px; color: #222222; font-family: 'Montserrat',serif; font-size: 13pt;\">N\u00ed\u017ee najdete podrobn\u00e1 pravidla a dal\u0161\u00ed dopl\u0148uj\u00edc\u00ed informace.<\/span><\/p>\n<p><span style=\"margin: 0px; color: #222222; font-family: 'Montserrat',serif; font-size: 13pt;\">T\u011b\u0161\u00edme se na v\u00e1s v nov\u00e9m kr\u00e1sn\u00e9m kladensk\u00e9m knihkupectv\u00ed!<\/span><\/p>\n<p><span style=\"margin: 0px; color: #222222; font-family: 'Montserrat',serif; font-size: 13pt;\">Luxor, v\u00a0knihkupectv\u00ed jako doma<\/span><\/p>\n<hr \/>\n<p><strong>Pravidla spot\u0159ebitelsk\u00e9 sout\u011b\u017ee<br \/>\n\u201eNakup a vyhraj\u201c<\/strong><\/p>\n<ol>\n<li><strong> \u00davodn\u00ed ustanoven\u00ed<\/strong><\/li>\n<\/ol>\n<p>Obchodn\u00ed spole\u010dnost NEOLUXOR, s.r.o., I\u010cO: 62577620, se s\u00eddlem Praha 1, Na Po\u0159\u00ed\u010d\u00ed 1067\/25, 110\u00a000, zapsan\u00e1 v\u00a0obchodn\u00edm rejst\u0159\u00edku veden\u00e9m M\u011bstsk\u00fdm soudem v\u00a0Praze, odd\u00edl C, vlo\u017eka 32816, organizuje na \u00fazem\u00ed \u010cesk\u00e9 republiky v\u00a0obdob\u00ed od 4. 10. 2019 do 6. 10. 2019 spot\u0159ebitelskou sout\u011b\u017e pod n\u00e1zvem \u201eNakup a vyhraj\u201c (d\u00e1le jen \u201e<strong>sout\u011b\u017e<\/strong>\u201c).<\/p>\n<p>N\u00ed\u017ee uveden\u00e1 pravidla (d\u00e1le jen \u201e<strong>pravidla<\/strong>\u201c) jsou z\u00e1vazn\u00fdm dokumentem upravuj\u00edc\u00edm podm\u00ednky vyhl\u00e1\u0161en\u00e9 sout\u011b\u017ee. Pravidla sout\u011b\u017ee jsou platn\u00e1 pro v\u0161echny \u00fa\u010dastn\u00edky sout\u011b\u017ee v \u010cesk\u00e9 republice a jsou zve\u0159ejn\u011bna na webov\u00e9 str\u00e1nce <a href=\"https:\/\/www.luxor.cz\/blog\/souteze\/nakup-a-vyhraj-v-luxoru-central-kladno\/\">https:\/\/www.luxor.cz\/blog\/souteze\/nakup-a-vyhraj-v-luxoru-central-kladno\/<\/a>.<\/p>\n<ol>\n<li><strong> Vyhla\u0161ovatel sout\u011b\u017ee <\/strong><\/li>\n<\/ol>\n<p>Organiz\u00e1torem spot\u0159ebitelsk\u00e9 sout\u011b\u017ee je obchodn\u00ed spole\u010dnost NEOLUXOR, s.r.o., I\u010cO: 62577620, se s\u00eddlem Praha 1, Na Po\u0159\u00ed\u010d\u00ed 1067\/25, 110 00, zapsan\u00e1 v\u00a0obchodn\u00edm rejst\u0159\u00edku veden\u00e9m M\u011bstsk\u00fdm soudem v\u00a0Praze, odd\u00edl C, vlo\u017eka 32816 (d\u00e1le jen \u201e<strong>organiz\u00e1tor<\/strong>\u201c).<\/p>\n<p><strong>III. \u00da\u010dastn\u00edci sout\u011b\u017ee <\/strong><\/p>\n<p>Sout\u011b\u017ee se m\u016f\u017ee z\u00fa\u010dastnit ka\u017ed\u00fd z\u00e1kazn\u00edk prodejny knihkupectv\u00ed Luxor v\u00a0OC Central Kladno, kter\u00fd v obdob\u00ed od 4. 10. 2019 do 6. 10. 2019 uskute\u010dn\u00ed v prodejn\u011b knihkupectv\u00ed Luxor v\u00a0OC Central Kladno jak\u00fdkoliv n\u00e1kup a zaregistruje se do v\u011brnostn\u00edho programu Kni\u017en\u00ed klub Basic nebo se stane \u010dlenem Kni\u017en\u00edho klubu Premium. Podm\u00ednkou \u010dlenstv\u00ed v\u00a0Kni\u017en\u00ed klubu Basic a Kni\u017en\u00edm klubu Premium je v\u011bk minim\u00e1ln\u011b 18 let.<\/p>\n<p>\u00da\u010dastn\u00edkem sout\u011b\u017ee m\u016f\u017ee b\u00fdt tak\u00e9 ji\u017e st\u00e1vaj\u00edc\u00ed \u010dlen Kni\u017en\u00edho klubu Basic nebo Kni\u017en\u00edho klubu Premium, pokud spln\u00ed podm\u00ednku n\u00e1kupu a p\u0159edlo\u017e\u00ed v\u011brnostn\u00ed \u010di klubovou kartu.<\/p>\n<p>Z\u00e1kazn\u00edk m\u016f\u017ee n\u00e1kup opakovat bez omezen\u00ed a \u00fa\u010dastnit se tak sout\u011b\u017ee v\u00edcekr\u00e1t.<\/p>\n<p>Z\u00e1kazn\u00edk nem\u016f\u017ee u\u017e\u00edt tut\u00e9\u017e \u00fa\u010dtenku pro \u00fa\u010dely sout\u011b\u017ee v\u00edcekr\u00e1t.<\/p>\n<p>Z \u00fa\u010dasti na sout\u011b\u017ei jsou podle t\u011bchto pravidel vylou\u010deny osoby v pracovn\u00edm nebo obdobn\u00e9m pom\u011bru ve vztahu k organiz\u00e1torovi, jako\u017e i k osob\u00e1m s organiz\u00e1torem person\u00e1ln\u011b \u010di majetkov\u011b spojen\u00fdm.<\/p>\n<p>Z \u00fa\u010dasti na sout\u011b\u017ei budou vylou\u010deni ti \u00fa\u010dastn\u00edci, kte\u0159\u00ed nespln\u00ed podm\u00ednky sout\u011b\u017ee. Z \u00fa\u010dasti na sout\u011b\u017ei budou d\u00e1le vylou\u010deni \u00fa\u010dastn\u00edci jednaj\u00edc\u00ed v rozporu se z\u00e1konem \u010di dobr\u00fdmi mravy. O vylou\u010den\u00ed z\u00a0\u00fa\u010dasti na sout\u011b\u017ei rozhoduje organiz\u00e1tor.<\/p>\n<p><strong>\u00a0<\/strong><\/p>\n<ol>\n<li><strong> Term\u00edn sout\u011b\u017ee <\/strong><\/li>\n<\/ol>\n<p>Sout\u011b\u017e se uskute\u010dn\u00ed v obdob\u00ed od 4. 10. 2019 do 6. 10. 2019.<\/p>\n<p>Na v\u00fdhru lze uplatnit n\u00e1rok nejpozd\u011bji do 27. 10. 2019, po tomto datu ji\u017e n\u00e1rok uplatnit nelze.<\/p>\n<p>V\u00fdhra bude organiz\u00e1torem p\u0159ed\u00e1na v\u00fdherci po vz\u00e1jemn\u00e9 domluv\u011b nejpozd\u011bji do 10. 11. 2019.<\/p>\n<ol>\n<li><strong> Pravidla sout\u011b\u017ee <\/strong><\/li>\n<\/ol>\n<p>Ka\u017ed\u00fd z\u00e1kazn\u00edk, kter\u00fd nakoup\u00ed v\u00a0kamenn\u00e9 prodejn\u011b knihkupectv\u00ed Luxor v\u00a0OC Central Kladno v\u00a0obdob\u00ed 4. 10. 2019 do 6. 10. 2019 a zaregistruje se do v\u011brnostn\u00edho programu Kni\u017en\u00ed klub Basic nebo se stane \u010dlenem Kni\u017en\u00edho klubu Premium, se m\u016f\u017ee z\u00fa\u010dastnit sout\u011b\u017ee.<\/p>\n<p>Podm\u00ednky registrace do v\u011brnostn\u00edho programu Kni\u017en\u00ed klub Basic jsou dostupn\u00e9 na internetov\u00e9 adrese:\u00a0 <a href=\"https:\/\/kk.luxor.cz\/files\/kk_basic_podminky_09_19.pdf\" target=\"_blank\" rel=\"noopener\">https:\/\/kk.luxor.cz\/files\/kk_basic_podminky_09_19.pdf<\/a><\/p>\n<p>Podm\u00ednky \u010dlenstv\u00ed v\u00a0Kni\u017en\u00edm klubu Premium jsou dostupn\u00e9 na internetov\u00e9 adrese: <a href=\"https:\/\/www.knizniklub.cz\/file\/60359\/Podminky_ucasti_KK_Premium.pdf\" target=\"_blank\" rel=\"noopener\">https:\/\/www.knizniklub.cz\/file\/60359\/Podminky_ucasti_KK_Premium.pdf<\/a><\/p>\n<p>Do sout\u011b\u017ee se mohou zapojit tak\u00e9 ji\u017e st\u00e1vaj\u00edc\u00ed \u010dlenov\u00e9 Kni\u017en\u00edho klubu Basic nebo Kni\u017en\u00edho klubu Premium, podm\u00ednkou je p\u0159edlo\u017een\u00ed v\u011brnostn\u00ed nebo klubov\u00e9 karty.<\/p>\n<p>Do sout\u011b\u017ee bude za\u0159azen ka\u017ed\u00fd z\u00e1kazn\u00edk, kter\u00fd spln\u00ed v\u00fd\u0161e uveden\u00e9 podm\u00ednky a na pokladn\u011b kamenn\u00e9 prodejny knihkupectv\u00ed Luxor v\u00a0OC Central Kladno p\u0159edlo\u017e\u00ed da\u0148ov\u00fd doklad (d\u00e1le jen \u201e\u00fa\u010dtenka\u201c) a v\u011brnostn\u00ed kartu Kni\u017en\u00edho klubu Basic nebo klubovou kartu Kni\u017en\u00edho klubu Premium ke kontrole z\u00e1stupci organiz\u00e1tora (tj. zam\u011bstnanci knihkupectv\u00ed Luxor). Z\u00e1stupce organiz\u00e1tora p\u0159edlo\u017een\u00e9 doklady ov\u011b\u0159\u00ed a pokud jsou v\u00a0souladu s\u00a0pravidly sout\u011b\u017ee, za\u0159ad\u00ed z\u00e1kazn\u00edka do sout\u011b\u017ee. Do sout\u011b\u017ee budou za\u0159azeny pouze \u00fapln\u00e9 a nepo\u0161kozen\u00e9 \u00fa\u010dtenky, kter\u00e9 budou vystaveny prodejnou knihkupectv\u00ed Luxor v\u00a0OC Central Kladno.<\/p>\n<p>Organiz\u00e1tor sout\u011b\u017ee si vyhrazuje pr\u00e1vo v\u00fdsledn\u00e9ho posouzen\u00ed spln\u011bn\u00ed podm\u00ednek sout\u011b\u017ee. Rozhodnut\u00ed organiz\u00e1tora je kone\u010dn\u00e9 a nen\u00ed mo\u017en\u00e9 se proti n\u011bmu odvolat. Pokud organiz\u00e1tor zjist\u00ed, \u017ee z\u00e1kazn\u00edk p\u0159edlo\u017eil pro \u00fa\u010dely \u00fa\u010dasti v\u00a0sout\u011b\u017ei fale\u0161n\u00e9, nespr\u00e1vn\u00e9 \u010di nepravdiv\u00e9 \u00fadaje a\/nebo bude m\u00edt opr\u00e1vn\u011bn\u00e9 podez\u0159en\u00ed z\u00a0p\u00e1ch\u00e1n\u00ed podvodn\u00e9ho nebo nekal\u00e9ho jedn\u00e1n\u00ed ze strany z\u00e1kazn\u00edka, bude opr\u00e1vn\u011bn ho ze sout\u011b\u017ee vylou\u010dit, p\u0159i\u010dem\u017e n\u00e1rok z\u00e1kazn\u00edka na v\u00fdhru t\u00edmto zanik\u00e1.<\/p>\n<p><strong>\u00a0<\/strong><\/p>\n<ol>\n<li><strong> V\u00fdherce sout\u011b\u017ee <\/strong><\/li>\n<\/ol>\n<p>V\u00fdhercem sout\u011b\u017ee je ten \u00fa\u010dastn\u00edk, kter\u00fd spln\u00ed v\u00fd\u0161e uveden\u00e9 podm\u00ednky a jeho\u017e \u00fa\u010dtenka z\u00a0n\u00e1kupu v\u00a0prodejn\u011b knihkupectv\u00ed Luxor v\u00a0OC Central Kladno v\u00a0obdob\u00ed od 4. 10. 2019 do 6. 10. 2019 bude vystavena na nejvy\u0161\u0161\u00ed hodnotu (cenu zbo\u017e\u00ed).<\/p>\n<p>V\u00fdherce bude za \u00fa\u010delem ozn\u00e1men\u00ed v\u00fdhry kontaktov\u00e1n organiz\u00e1torem prost\u0159ednictv\u00edm emailu \u010di telefonick\u00e9ho kontaktu dle \u00fadaj\u016f poskytnut\u00fdch \u00fa\u010dastn\u00edkem sout\u011b\u017ee za \u00fa\u010delem registrace do v\u011brnostn\u00edho programu Kni\u017en\u00ed klub Basic nebo \u010dlenstv\u00ed v\u00a0Kni\u017en\u00edm klubu Premium.<\/p>\n<p>Organiz\u00e1tor bude v\u00fdherce v\u00fd\u0161e uveden\u00fdm zp\u016fsobem kontaktovat nejpozd\u011bji do 13. 10. 2019. V\u00fdherce je povinen \u0159\u00eddit se organiza\u010dn\u00edmi pokyny organiz\u00e1tora sout\u011b\u017ee.<\/p>\n<p><strong>VII. V\u00fdhry vlo\u017een\u00e9 do\u00a0sout\u011b\u017ee <\/strong><\/p>\n<p>V\u00fdhrou v\u00a0sout\u011b\u017ei je k\u00e1vovar Nespresso EN85.L.<\/p>\n<p><strong>VIII. Zp\u016fsob p\u0159ed\u00e1n\u00ed v\u00fdhry <\/strong><\/p>\n<p>N\u00e1rok na v\u00fdhru uplat\u0148uje v\u00fdherce na pokladn\u011b kamenn\u00e9 prodejny knihkupectv\u00ed Luxor v\u00a0OC Central Kladno. Zde je povinen p\u0159edlo\u017eit \u00fa\u010dtenku a v\u011brnostn\u00ed kartu Kni\u017en\u00edho klubu Basic nebo klubovou kartu Kni\u017en\u00edho klubu Premium ke kontrole z\u00e1stupci organiz\u00e1tora (tj. zam\u011bstnanci knihkupectv\u00ed Luxor). Z\u00e1stupce organiz\u00e1tora p\u0159edlo\u017een\u00e9 doklady ov\u011b\u0159\u00ed a pokud jsou\u00a0v souladu s\u00a0pravidly sout\u011b\u017ee, p\u0159ed\u00e1 v\u00fdherci v\u00fdhru, resp. se s\u00a0v\u00fdhercem domluv\u00ed na p\u0159ed\u00e1n\u00ed v\u00fdhry oproti potvrzen\u00ed o p\u0159evzet\u00ed v\u00fdhry ke spot\u0159ebitelsk\u00e9 sout\u011b\u017ei \u201eNakup a vyhraj\u201c (d\u00e1le jen \u201e<strong>potvrzen\u00ed o p\u0159evzet\u00ed v\u00fdhry<\/strong>\u201c), kter\u00e9 je p\u0159\u00edlohou \u010d. 2 t\u011bchto pravidel, a to v\u00a0n\u00ed\u017ee uveden\u00e9m term\u00ednu, tj. nejpozd\u011bji do 10. 11. 2019.<\/p>\n<p>Za \u00fa\u010delem p\u0159ed\u00e1n\u00ed v\u00fdhry je v\u00fdherce povinen vyplnit potvrzen\u00ed o p\u0159evzet\u00ed v\u00fdhry, v\u00a0n\u011bm\u017e uvede sv\u00e9 osobn\u00ed \u00fadaje (jm\u00e9no, p\u0159\u00edjmen\u00ed, adresa, telefonn\u00ed \u010d\u00edslo). Bez vypln\u011bn\u00e9ho potvrzen\u00ed o p\u0159evzet\u00ed v\u00fdhry nen\u00ed mo\u017en\u00e9 v\u00fdhru p\u0159edat.<\/p>\n<p>Potvrzen\u00ed o p\u0159evzet\u00ed v\u00fdhry mus\u00ed b\u00fdt ve dvou vyhotoven\u00edch vypln\u011bno a podeps\u00e1no ob\u011bma stranami, tj. v\u00fdhercem a zam\u011bstnancem organiz\u00e1tora sout\u011b\u017ee, kter\u00fd v\u00fdhru p\u0159ed\u00e1v\u00e1.<\/p>\n<p>Potvrzen\u00ed o p\u0159evzet\u00ed v\u00fdhry slou\u017e\u00ed jako potvrzen\u00ed o tom, \u017ee v\u00fdhra byla p\u0159ed\u00e1na.<\/p>\n<p>V\u00fdhru lze uplatnit do 27. 10. 2019. Po tomto datu ji\u017e nelze uplatnit n\u00e1rok na v\u00fdhru.<\/p>\n<p>V\u00fdhra bude organiz\u00e1torem p\u0159ed\u00e1na v\u00fdherci do 10. 11. 2019. Nebude-li ze strany v\u00fdherce v\u00fdhra p\u0159evzata zp\u016fsobem uveden\u00fdm v\u00a0t\u011bchto pravidlech nejpozd\u011bji do tohoto term\u00ednu, n\u00e1rok v\u00fdherce na ni zanik\u00e1, kdy\u017e v\u00fdhra tak propad\u00e1 organiz\u00e1torovi sout\u011b\u017ee, kter\u00fd je opr\u00e1vn\u011bn ji ud\u011blit jin\u00e9mu \u00fa\u010dastn\u00edkovi v po\u0159ad\u00ed, pop\u0159. ji u\u017e\u00edt k jin\u00fdm marketingov\u00fdm \u00fa\u010del\u016fm.<\/p>\n<p>Bude-li zji\u0161t\u011bno, \u017ee v\u00fdherce p\u0159edlo\u017eil pro \u00fa\u010dely \u00fa\u010dasti v\u00a0sout\u011b\u017ei \u010di za \u00fa\u010delem obdr\u017een\u00ed v\u00fdhry fale\u0161n\u00e9, nespr\u00e1vn\u00e9 \u010di nepravdiv\u00e9 \u00fadaje a\/nebo bude m\u00edt organiz\u00e1tor opr\u00e1vn\u011bn\u00e9 podez\u0159en\u00ed z\u00a0p\u00e1ch\u00e1n\u00ed podvodn\u00e9ho nebo nekal\u00e9ho jedn\u00e1n\u00ed ze strany v\u00fdherce, bude organiz\u00e1torem vylou\u010den ze sout\u011b\u017ee a zanikne mu n\u00e1rok na v\u00fdhru, kter\u00e1 tak propad\u00e1 organiz\u00e1torovi sout\u011b\u017ee, kter\u00fd je opr\u00e1vn\u011bn ji ud\u011blit jin\u00e9mu \u00fa\u010dastn\u00edkovi v po\u0159ad\u00ed, pop\u0159. ji u\u017e\u00edt k jin\u00fdm marketingov\u00fdm \u00fa\u010del\u016fm.<\/p>\n<p>Organiz\u00e1tor si vyhrazuje pr\u00e1vo kone\u010dn\u00e9ho posouzen\u00ed spln\u011bn\u00ed pravidel a rozhodnut\u00ed o ne\/vylou\u010den\u00ed \u00fa\u010dastn\u00edka. Takov\u00e9 rozhodnut\u00ed organiz\u00e1tora je kone\u010dn\u00e9 a nen\u00ed mo\u017en\u00e9 se proti n\u011bmu odvolat.<\/p>\n<p>V\u00fdherce nem\u016f\u017ee n\u00e1rokovat jinou v\u00fdhru, ne\u017e kter\u00e1 mu bude vyd\u00e1na, nem\u00e1 n\u00e1rok v\u00fdhru reklamovat, ani n\u00e1rokovat \u017e\u00e1dn\u00e9 v\u011bcn\u00e9 nebo finan\u010dn\u00ed protipln\u011bn\u00ed v hodnot\u011b v\u00fdhry.<\/p>\n<p><strong>\u00a0<\/strong><\/p>\n<ol>\n<li><strong> Zm\u011bna podm\u00ednek sout\u011b\u017ee a ukon\u010den\u00ed sout\u011b\u017ee <\/strong><\/li>\n<\/ol>\n<p>Organiz\u00e1tor sout\u011b\u017ee si vyhrazuje pr\u00e1vo na omezen\u00ed, odlo\u017een\u00ed, p\u0159eru\u0161en\u00ed, zm\u011bnu \u010di zru\u0161en\u00ed sout\u011b\u017ee nebo zm\u011bnu pravidel, kter\u00e1 nen\u00ed v\u00a0rozporu s\u00a0pr\u00e1vn\u00edmi p\u0159edpisy upravuj\u00edc\u00edmi spot\u0159ebitelskou sout\u011b\u017e.<\/p>\n<ol>\n<li><strong> Osobn\u00ed \u00fadaje, autorsk\u00e1 d\u00edla <\/strong><\/li>\n<\/ol>\n<p>Osobn\u00ed \u00fadaje \u00fa\u010dastn\u00edk\u016f sout\u011b\u017ee se zpracov\u00e1vaj\u00ed pouze za \u00fa\u010delem \u00fa\u010dasti v sout\u011b\u017ei a za \u00fa\u010delem doru\u010den\u00ed a p\u0159ed\u00e1n\u00ed v\u00fdhry. Bli\u017e\u0161\u00ed informace o zpracov\u00e1n\u00ed osobn\u00edch \u00fadaj\u016f, dal\u0161\u00edch \u00fa\u010delech zpracov\u00e1n\u00ed, p\u0159ed\u00e1v\u00e1n\u00ed \u00fadaj\u016f mimo EU a va\u0161ich pr\u00e1vech najdete <a href=\"https:\/\/luxor.cz\/files\/doc\/Ochrana_osobnich_udaju.pdf\" target=\"_blank\" rel=\"noopener\">v<\/a>\u00a0p\u0159\u00edloze \u010d. 1 t\u011bchto pravidel.<\/p>\n<p>Zpracov\u00e1n\u00ed osobn\u00edch \u00fadaj\u016f je p\u0159edm\u011btem souhlasu u\u017eivatele v samostatn\u00e9m dokumentu ve smyslu Na\u0159\u00edzen\u00ed evropsk\u00e9ho parlamentu a rady (EU) 2016\/679 o ochran\u011b fyzick\u00fdch osob v souvislosti se zpracov\u00e1n\u00edm osobn\u00edch \u00fadaj\u016f (GDPR), ve smyslu z\u00e1kona \u010d. 101\/2000 Sb. o ochran\u011b osobn\u00edch \u00fadaj\u016f, kter\u00fd je p\u0159\u00edlohou \u010d. 1 t\u011bchto pravidel a obsahuje bli\u017e\u0161\u00ed informace o zpracov\u00e1n\u00ed osobn\u00edch \u00fadaj\u016f, dal\u0161\u00edch \u00fa\u010delech zpracov\u00e1n\u00ed, p\u0159ed\u00e1v\u00e1n\u00ed \u00fadaj\u016f mimo EU a va\u0161ich pr\u00e1vech.<\/p>\n<p>P\u0159edlo\u017een\u00edm \u00fa\u010dtenky a v\u011brnostn\u00ed karty Kni\u017en\u00edho klubu Basic nebo klubov\u00e9 karty Kni\u017en\u00edho klubu Premium ka\u017ed\u00fd \u00fa\u010dastn\u00edk potvrzuje, \u017ee spl\u0148uje podm\u00ednky \u00fa\u010dasti v sout\u011b\u017ei stanoven\u00e9 t\u011bmito pravidly sout\u011b\u017ee a tato pravidla a instrukce, kter\u00e9 jsou uvedeny na sout\u011b\u017en\u00edch dokumentech, schvaluje a p\u0159istupuje k nim.<\/p>\n<ol>\n<li><strong> P\u0159\u00edlohy <\/strong><\/li>\n<\/ol>\n<p>P\u0159\u00edloha 1: Ochrana osobn\u00edch \u00fadaj\u016f.<\/p>\n<p>P\u0159\u00edloha 2: <a href=\"https:\/\/luxor.cz\/files\/doc\/Potvrzeni_o_prevzeti_vyhry.pdf\" target=\"_blank\" rel=\"noopener\">Potvrzen\u00ed o p\u0159evzet\u00ed v\u00fdhry ke spot\u0159ebitelsk\u00e9 sout\u011b\u017ei <\/a>Nakup a vyhraj.<\/p>\n<p>Oba dokumenty jsou sou\u010d\u00e1st\u00ed tohoto ujedn\u00e1n\u00ed a vztahuj\u00ed se na n\u011b stejn\u00e1 pr\u00e1va i podm\u00ednky.<\/p>\n<p><strong>XII. Z\u00e1v\u011bre\u010dn\u00e1 ustanoven\u00ed <\/strong><\/p>\n<p>Ve smyslu z\u00e1kona \u010d. 89\/2012 Sb., ob\u010dansk\u00fd z\u00e1kon\u00edk, v platn\u00e9m zn\u011bn\u00ed (d\u00e1le jen \u201eob\u010dansk\u00fd z\u00e1kon\u00edk\u201c), v\u00fdhru nen\u00ed mo\u017eno vym\u00e1hat soudn\u00ed cestou. Na v\u00fdhru nen\u00ed pr\u00e1vn\u00ed n\u00e1rok a n\u00e1rok na v\u00fdhru nelze p\u0159ev\u00e9st na jinou osobu. Nen\u00ed mo\u017en\u00e9 uplatnit n\u00e1rok na v\u00fdhru v alternativn\u00ed podob\u011b.<\/p>\n<p>Organiz\u00e1tor sout\u011b\u017ee si vyhrazuje pr\u00e1vo nahradit deklarovanou v\u00fdhru v\u00fdhrou obdobn\u00e9ho typu a\u00a0odpov\u00eddaj\u00edc\u00ed hodnoty.<\/p>\n<p>Organiz\u00e1tor neodpov\u00edd\u00e1 za \u0161kodu vzniklou u\u017e\u00edv\u00e1n\u00edm v\u00fdhry.<\/p>\n<p>Tyto podm\u00ednky nab\u00fdvaj\u00ed \u00fa\u010dinnost v\u016f\u010di t\u0159et\u00edm osob\u00e1m dnem ve\u0159ejn\u00e9ho vyhl\u00e1\u0161en\u00ed sout\u011b\u017ee. Pro p\u0159\u00edpad existence rozd\u00edln\u00fdch zn\u011bn\u00ed podm\u00ednek sout\u011b\u017ee je platn\u00e9 a z\u00e1vazn\u00e9 jejich posledn\u00ed zn\u011bn\u00ed na webov\u00fdch str\u00e1nk\u00e1ch knihkupectv\u00ed Luxor.<\/p>\n<p>Osoby, kter\u00e9 se z\u00fa\u010dastn\u00ed sout\u011b\u017ee, vyjad\u0159uj\u00ed sv\u016fj souhlas se z\u00e1vaznost\u00ed podm\u00ednek.<\/p>\n<p>V p\u0159\u00edpad\u011b rozporu ustanoven\u00ed pravidel a propaga\u010dn\u00edch materi\u00e1l\u016f t\u00fdkaj\u00edc\u00edch se sout\u011b\u017ee, je rozhoduj\u00edc\u00ed zn\u011bn\u00ed \u00a0ustanoven\u00ed t\u011bchto pravidel.<\/p>\n<p>V p\u0159\u00edpad\u011b jak\u00fdchkoli spor\u016f, kter\u00e9 vypl\u00fdvaj\u00ed z t\u00e9to sout\u011b\u017ee nebo vznikly v souvislosti s n\u00ed, budou tyto \u0159e\u0161eny rozhodnut\u00edm organiz\u00e1tora sout\u011b\u017ee, kter\u00e9 je kone\u010dn\u00e9.<\/p>\n<p>Jedin\u00e1 a \u00fapln\u00e1 pravidla jsou ulo\u017eena u organiz\u00e1tora a uve\u0159ejn\u011bna na webov\u00fdch str\u00e1nk\u00e1ch knihkupectv\u00ed Luxor <a href=\"https:\/\/www.luxor.cz\/blog\/souteze\/nakup-a-vyhraj-v-luxoru-central-kladno\/\">https:\/\/www.luxor.cz\/blog\/souteze\/nakup-a-vyhraj-v-luxoru-central-kladno\/<\/a>.<\/p>\n<p>K mimosoudn\u00edmu \u0159e\u0161en\u00ed spot\u0159ebitelsk\u00fdch spor\u016f ze spot\u0159ebitelsk\u00e9 sout\u011b\u017ee je p\u0159\u00edslu\u0161n\u00e1 \u010cesk\u00e1 obchodn\u00ed inspekce, \u00dast\u0159edn\u00ed inspektor\u00e1t \u2013 odd\u011blen\u00ed ADR, Praha 2, \u0160t\u011bp\u00e1nsk\u00e1 15, PS\u010c 120 00, email: adr@coi.cz, webov\u00e9 str\u00e1nky: <u>adr.coi.cz<\/u>. Z\u00e1kazn\u00edk m\u016f\u017ee vyu\u017e\u00edt rovn\u011b\u017e platformu pro \u0159e\u0161en\u00ed spor\u016f online, kter\u00e1 je z\u0159\u00edzena Evropskou komis\u00ed na adrese\u00a0<a href=\"http:\/\/ec.europa.eu\/consumers\/odr\/\" target=\"_blank\" rel=\"noopener\">http:\/\/ec.europa.eu\/consumers\/odr\/<\/a>.<\/p>\n<p>V Praze dne 18. 9. 2019<\/p>\n<hr \/>\n<p><strong>\u00a0\u00a0\u00a0\u00a0\u00a0\u00a0\u00a0\u00a0\u00a0\u00a0\u00a0\u00a0\u00a0\u00a0\u00a0\u00a0\u00a0\u00a0\u00a0\u00a0\u00a0\u00a0\u00a0\u00a0\u00a0\u00a0\u00a0\u00a0\u00a0\u00a0\u00a0\u00a0\u00a0\u00a0\u00a0\u00a0\u00a0\u00a0 Ochrana osobn\u00edch \u00fadaj\u016f<\/strong><\/p>\n<p><strong>\u00a0<\/strong><\/p>\n<p>Spole\u010dnost NEOLUXOR, s.r.o., I\u010cO: 62577620 (d\u00e1le jen \u201emy\u201c) v\u011bnuje ochran\u011b osobn\u00edch \u00fadaj\u016f velkou pozornost. V\u00a0tomto dokumentu naleznete informace o tom, jak\u00e9 osobn\u00ed \u00fadaje zpracov\u00e1v\u00e1me v\u00a0souvislosti se spot\u0159ebitelskou sout\u011b\u017e\u00ed \u201eNAKUP A VYHRAJ\u201c, zda \u00fadaje zpracov\u00e1v\u00e1me na z\u00e1klad\u011b souhlasu nebo na z\u00e1klad\u011b jin\u00e9ho pr\u00e1vn\u00edho d\u016fvodu,\u00a0k jak\u00fdm \u00fa\u010del\u016fm je pou\u017e\u00edv\u00e1me, komu je m\u016f\u017eeme p\u0159ed\u00e1vat a jak\u00e1 m\u00e1te v\u00a0souvislosti se zpracov\u00e1n\u00edm va\u0161ich osobn\u00edch \u00fadaj\u016f pr\u00e1va.<\/p>\n<ol>\n<li><strong>Jak\u00e9 osobn\u00ed \u00fadaje zpracov\u00e1v\u00e1me?<\/strong><\/li>\n<\/ol>\n<p>Zpracov\u00e1v\u00e1me n\u00e1sleduj\u00edc\u00ed osobn\u00ed \u00fadaje:<\/p>\n<ol>\n<li>a) <strong>identifika\u010dn\u00ed \u00fadaje<\/strong>, kter\u00fdmi se rozum\u00ed zejm\u00e9na jm\u00e9no a p\u0159\u00edjmen\u00ed;<\/li>\n<li>b) <strong>kontaktn\u00ed \u00fadaje<\/strong>, jimi\u017e se rozum\u00ed osobn\u00ed \u00fadaje, kter\u00e9 n\u00e1m umo\u017e\u0148uj\u00ed kontakt s v\u00e1mi, zejm\u00e9na adresa pro doru\u010den\u00ed a telefonn\u00ed \u010d\u00edslo;<\/li>\n<li><strong>Pro\u010d osobn\u00ed \u00fadaje zpracov\u00e1v\u00e1me a co n\u00e1s k\u00a0tomu oprav\u0148uje?<\/strong><\/li>\n<\/ol>\n<p>V\u00a0r\u00e1mci na\u0161\u00ed \u010dinnosti zpracov\u00e1v\u00e1me osobn\u00ed \u00fadaje pro r\u016fzn\u00e9 \u00fa\u010dely a to bez va\u0161eho souhlasu na z\u00e1klad\u011b na\u0161eho opr\u00e1vn\u011bn\u00e9ho z\u00e1jmu nebo z\u00a0d\u016fvodu pln\u011bn\u00ed pr\u00e1vn\u00ed povinnosti.<\/p>\n<p>Jak\u00e1 zpracov\u00e1n\u00ed m\u016f\u017eeme prov\u00e1d\u011bt bez va\u0161eho souhlasu, z\u00e1vis\u00ed na tom, k\u00a0jak\u00e9mu \u00fa\u010delu p\u0159\u00edslu\u0161n\u00e9 zpracov\u00e1n\u00ed sm\u011b\u0159uje a v\u00a0jak\u00e9 pozici k\u00a0n\u00e1m vystupujete. Va\u0161e \u00fadaje budeme zpracov\u00e1vat pouze pokud vyhrajete v\u00a0sout\u011b\u017ei a budete p\u0159\u00edjemcem n\u011bkter\u00e9 z v\u00fdher.<\/p>\n<p><strong>B.1<\/strong>\u00a0\u00a0\u00a0\u00a0\u00a0\u00a0\u00a0\u00a0\u00a0\u00a0\u00a0\u00a0\u00a0\u00a0 <strong>Pokud se z\u00fa\u010dastn\u00edte sout\u011b\u017ee.<\/strong><\/p>\n<p>Pokud se z\u00fa\u010dastn\u00edte sout\u011b\u017ee, <strong>zpracov\u00e1v\u00e1me va\u0161e osobn\u00ed \u00fadaje<\/strong> na z\u00e1klad\u011b na\u0161eho opr\u00e1vn\u011bn\u00e9ho z\u00e1jmu (tedy bez va\u0161eho souhlasu) za \u00fa\u010delem:<\/p>\n<ul>\n<li>p\u0159ed\u00e1n\u00ed v\u00fdhry<\/li>\n<\/ul>\n<p>Pro tyto \u00fa\u010dely osobn\u00ed \u00fadaje pou\u017e\u00edv\u00e1me po dobu trv\u00e1n\u00ed sout\u011b\u017ee a n\u00e1sledn\u011b archiva\u010dn\u00ed lh\u016fty 2 let. Proti tomuto zpracov\u00e1n\u00ed m\u00e1te <u>pr\u00e1vo uplatnit n\u00e1mitku<\/u>.<\/p>\n<ol>\n<li><strong>Kdo va\u0161e osobn\u00ed \u00fadaje zpracov\u00e1v\u00e1 a komu je p\u0159ed\u00e1v\u00e1me? <\/strong><\/li>\n<\/ol>\n<p>V\u0161echny zm\u00edn\u011bn\u00e9 osobn\u00ed \u00fadaje zpracov\u00e1v\u00e1me my jako <strong>spr\u00e1vce.<\/strong> To znamen\u00e1, \u017ee my stanovujeme shora vymezen\u00e9 \u00fa\u010dely, pro kter\u00e9 va\u0161e osobn\u00ed \u00fadaje shroma\u017e\u010fujeme, ur\u010dujeme prost\u0159edky zpracov\u00e1n\u00ed a odpov\u00edd\u00e1me za jeho \u0159\u00e1dn\u00e9 proveden\u00ed.<\/p>\n<p>Va\u0161e osobn\u00ed \u00fadaje m\u016f\u017eeme p\u0159ed\u00e1vat tak\u00e9 dal\u0161\u00edm subjekt\u016fm, kte\u0159\u00ed se nach\u00e1z\u00ed v\u00a0roli <strong>spr\u00e1vce<\/strong>, a to:<\/p>\n<ul>\n<li>v\u00a0souvislosti s\u00a0v\u00fdhrou v\u00a0sout\u011b\u017ei p\u0159epravci, kter\u00fd v\u00fdhru doru\u010d\u00ed<\/li>\n<\/ul>\n<ol>\n<li><strong>Z\u00a0jak\u00fdch zdroj\u016f osobn\u00ed \u00fadaje z\u00edsk\u00e1v\u00e1me?<\/strong><\/li>\n<\/ol>\n<p>Ve v\u011bt\u0161in\u011b p\u0159\u00edpad\u016f zpracov\u00e1v\u00e1me osobn\u00ed \u00fadaje, kter\u00e9 n\u00e1m poskytnete v\u00a0r\u00e1mci n\u00e1rokov\u00e1n\u00ed a p\u0159ed\u00e1n\u00ed v\u00fdhry.<\/p>\n<ol>\n<li><strong>P\u0159ed\u00e1v\u00e1n\u00ed \u00fadaj\u016f mimo EU<\/strong><\/li>\n<\/ol>\n<p>V\u00a0r\u00e1mci p\u0159ed\u00e1n\u00ed \u00fadaj\u016f p\u0159\u00edjemc\u016fm, uveden\u00fdm v\u00a0\u010d\u00e1sti C. <u>Kdo va\u0161e osobn\u00ed \u00fadaje zpracov\u00e1v\u00e1 a komu je p\u0159ed\u00e1v\u00e1me?<\/u> m\u016f\u017eeme va\u0161e \u00fadaje p\u0159edat tak\u00e9 do t\u0159et\u00edch zem\u00ed mimo Evropsk\u00fd hospod\u00e1\u0159sk\u00fd prostor, v\u010detn\u011b zem\u00ed, kter\u00e9 nezaji\u0161\u0165uj\u00ed odpov\u00eddaj\u00edc\u00ed \u00farove\u0148 ochrany osobn\u00edch \u00fadaj\u016f. Ve\u0161ker\u00e9 takov\u00e9 p\u0159ed\u00e1v\u00e1n\u00ed budeme uskute\u010d\u0148ovat pouze v\u00a0p\u0159\u00edpad\u011b, \u017ee se p\u0159\u00edslu\u0161n\u00fd p\u0159\u00edjemce zav\u00e1\u017ee dodr\u017eovat n\u011bkter\u00e9 ze standardn\u00edch smluvn\u00edch dolo\u017eek vydan\u00fdch Evropskou komis\u00ed a dostupn\u00fdch na adres\u00e1ch <a href=\"http:\/\/eur-lex.europa.eu\/legal-content\/en\/TXT\/?uri=CELEX%3A32010D0087\" target=\"_blank\" rel=\"noopener\">http:\/\/eur-lex.europa.eu\/legal-content\/en\/TXT\/?uri=CELEX%3A32010D0087<\/a>, <a href=\"http:\/\/eur-lex.europa.eu\/legal-content\/en\/ALL\/?uri=CELEX:32001D0497\" target=\"_blank\" rel=\"noopener\">http:\/\/eur-lex.europa.eu\/legal-content\/en\/ALL\/?uri=CELEX:32001D0497<\/a> a <a href=\"http:\/\/eur-lex.europa.eu\/legal-content\/EN\/TXT\/?uri=CELEX%3A32004D0915\" target=\"_blank\" rel=\"noopener\">http:\/\/eur-lex.europa.eu\/legal-content\/EN\/TXT\/?uri=CELEX%3A32004D0915<\/a><\/p>\n<ol>\n<li><strong>Jak\u00e1 m\u00e1te pr\u00e1va p\u0159i zpracov\u00e1n\u00ed osobn\u00edch \u00fadaj\u016f?<\/strong><\/li>\n<\/ol>\n<p>Stejn\u011b jako my m\u00e1me sv\u00e1 pr\u00e1va a povinnosti p\u0159i zpracov\u00e1n\u00ed va\u0161ich osobn\u00edch \u00fadaj\u016f, m\u00e1te tak\u00e9 vy p\u0159i zpracov\u00e1n\u00ed va\u0161ich osobn\u00edch \u00fadaj\u016f ur\u010dit\u00e1 pr\u00e1va. Mezi tato pr\u00e1va pat\u0159\u00ed:<\/p>\n<p><strong>Pr\u00e1vo na p\u0159\u00edstup<\/strong><\/p>\n<p>Zjednodu\u0161en\u011b \u0159e\u010deno m\u00e1te pr\u00e1vo v\u011bd\u011bt, jak\u00e9 \u00fadaje o v\u00e1s zpracov\u00e1v\u00e1me, za jak\u00fdm \u00fa\u010delem, po\u00a0jakou dobu, kde va\u0161e osobn\u00ed \u00fadaje z\u00edsk\u00e1v\u00e1me, komu je p\u0159ed\u00e1v\u00e1me, kdo je mimo n\u00e1s zpracov\u00e1v\u00e1 a jak\u00e1 m\u00e1te dal\u0161\u00ed pr\u00e1va souvisej\u00edc\u00ed se zpracov\u00e1n\u00edm va\u0161ich osobn\u00edch \u00fadaj\u016f. To v\u0161e se m\u016f\u017eete dozv\u011bd\u011bt v\u00a0tomto dokumentu. Pokud si v\u0161ak nejste jist\u00ed, kter\u00e9 osobn\u00ed \u00fadaje o v\u00e1s zpracov\u00e1v\u00e1me, m\u016f\u017eete n\u00e1s po\u017e\u00e1dat o potvrzen\u00ed, zda osobn\u00ed \u00fadaje, kter\u00e9 se v\u00e1s t\u00fdkaj\u00ed, jsou \u010di nejsou z na\u0161\u00ed strany zpracov\u00e1v\u00e1ny, a pokud tomu tak je, m\u00e1te pr\u00e1vo z\u00edskat p\u0159\u00edstup k\u00a0t\u011bmto osobn\u00edm \u00fadaj\u016fm. V r\u00e1mci pr\u00e1va na p\u0159\u00edstup n\u00e1s m\u016f\u017eete po\u017e\u00e1dat o kopii zpracov\u00e1van\u00fdch osobn\u00edch \u00fadaj\u016f, p\u0159i\u010dem\u017e prvn\u00ed kopii v\u00e1m poskytneme bezplatn\u011b a dal\u0161\u00ed kopie s poplatkem.<\/p>\n<p><strong>Pr\u00e1vo na opravu<\/strong><\/p>\n<p>Chybovat je lidsk\u00e9. Pokud zjist\u00edte, \u017ee osobn\u00ed \u00fadaje, kter\u00e9 o v\u00e1s zpracov\u00e1v\u00e1me, jsou nep\u0159esn\u00e9 nebo ne\u00fapln\u00e9, m\u00e1te pr\u00e1vo na to, abychom je bez zbyte\u010dn\u00e9ho odkladu opravili, pop\u0159\u00edpad\u011b doplnili.<\/p>\n<p><strong>Pr\u00e1vo na v\u00fdmaz<\/strong><\/p>\n<p>V n\u011bkter\u00fdch p\u0159\u00edpadech m\u00e1te pr\u00e1vo, abychom va\u0161e osobn\u00ed \u00fadaje vymazali. Va\u0161e osobn\u00ed \u00fadaje bez zbyte\u010dn\u00e9ho odkladu vyma\u017eeme, pokud je spln\u011bn n\u011bkter\u00fd z n\u00e1sleduj\u00edc\u00edch d\u016fvod\u016f:<\/p>\n<ul>\n<li>va\u0161e osobn\u00ed \u00fadaje ji\u017e nepot\u0159ebujeme pro \u00fa\u010dely, pro kter\u00e9 jsme je zpracov\u00e1vali,<\/li>\n<li>odvol\u00e1te souhlas se zpracov\u00e1n\u00edm osobn\u00edch \u00fadaj\u016f, p\u0159i\u010dem\u017e se jedn\u00e1 o \u00fadaje, k jejich\u017e zpracov\u00e1n\u00ed je v\u00e1\u0161 souhlas nezbytn\u00fd a z\u00e1rove\u0148 nem\u00e1me jin\u00fd d\u016fvod, pro\u010d tyto \u00fadaje pot\u0159ebujeme nad\u00e1le zpracov\u00e1vat,<\/li>\n<li>vyu\u017eijete sv\u00e9ho pr\u00e1va vzn\u00e9st n\u00e1mitku proti zpracov\u00e1n\u00ed (viz n\u00ed\u017ee \u010d\u00e1st <u>Pr\u00e1vo vzn\u00e9st n\u00e1mitku proti zpracov\u00e1n\u00ed<\/u>) u osobn\u00edch \u00fadaj\u016f, kter\u00e9 zpracov\u00e1v\u00e1me na z\u00e1klad\u011b na\u0161ich opr\u00e1vn\u011bn\u00fdch z\u00e1jm\u016f a my shled\u00e1me, \u017ee ji\u017e \u017e\u00e1dn\u00e9 takov\u00e9 opr\u00e1vn\u011bn\u00e9 z\u00e1jmy, kter\u00e9 by toto zpracov\u00e1n\u00ed oprav\u0148ovaly, nem\u00e1me nebo<\/li>\n<li>domn\u00edv\u00e1te se, \u017ee n\u00e1mi prov\u00e1d\u011bn\u00e9 zpracov\u00e1n\u00ed osobn\u00edch \u00fadaj\u016f \u00a0p\u0159estalo b\u00fdt v souladu s\u00a0obecn\u011b z\u00e1vazn\u00fdmi p\u0159edpisy.<\/li>\n<\/ul>\n<p>Ale m\u011bjte pros\u00edm na pam\u011bti, \u017ee i kdy\u017e p\u016fjde o jeden z t\u011bchto d\u016fvod\u016f, neznamen\u00e1 to, \u017ee ihned sma\u017eeme v\u0161echny va\u0161e osobn\u00ed \u00fadaje. Toto pr\u00e1vo se toti\u017e neuplatn\u00ed v p\u0159\u00edpad\u011b, \u017ee zpracov\u00e1n\u00ed Va\u0161ich osobn\u00edch \u00fadaj\u016f je i nad\u00e1le nezbytn\u00e9 pro spln\u011bn\u00ed na\u0161\u00ed pr\u00e1vn\u00ed povinnosti nebo ur\u010den\u00ed, v\u00fdkon nebo obhajobu na\u0161ich pr\u00e1vn\u00edch n\u00e1rok\u016f (viz \u010d\u00e1st B. <u>Pro\u010d osobn\u00ed \u00fadaje zpracov\u00e1v\u00e1me a co n\u00e1s k\u00a0tomu oprav\u0148uje?<\/u>).<\/p>\n<p><strong>Pr\u00e1vo na omezen\u00ed zpracov\u00e1n\u00ed<\/strong><\/p>\n<p>V\u00a0n\u011bkter\u00fdch p\u0159\u00edpadech m\u016f\u017eete krom\u011b pr\u00e1va na v\u00fdmaz vyu\u017e\u00edt pr\u00e1vo na omezen\u00ed zpracov\u00e1n\u00ed osobn\u00edch \u00fadaj\u016f. Toto pr\u00e1vo V\u00e1m umo\u017e\u0148uje v\u00a0ur\u010dit\u00fdch p\u0159\u00edpadech po\u017eadovat, aby do\u0161lo k\u00a0ozna\u010den\u00ed va\u0161ich osobn\u00edch \u00fadaj\u016f a tyto \u00fadaje nebyly p\u0159edm\u011btem \u017e\u00e1dn\u00fdch dal\u0161\u00edch operac\u00ed zpracov\u00e1n\u00ed \u2013 v\u00a0tomto p\u0159\u00edpad\u011b v\u0161ak nikoliv nav\u017edy (jako v\u00a0p\u0159\u00edpad\u011b pr\u00e1va na v\u00fdmaz), ale po omezenou dobu. Zpracov\u00e1n\u00ed osobn\u00edch \u00fadaj\u016f mus\u00edme omezit kdy\u017e:<\/p>\n<ul>\n<li>pop\u00edr\u00e1te p\u0159esnost osobn\u00edch \u00fadaj\u016f, ne\u017e se dohodneme, jak\u00e9 \u00fadaje jsou spr\u00e1vn\u00e9<\/li>\n<li>va\u0161e osobn\u00ed \u00fadaje zpracov\u00e1v\u00e1me bez dostate\u010dn\u00e9ho pr\u00e1vn\u00edho z\u00e1kladu (nap\u0159. nad r\u00e1mec toho, co zpracov\u00e1vat mus\u00edme), ale vy budete p\u0159ed v\u00fdmazem takov\u00fdch \u00fadaj\u016f up\u0159ednost\u0148ovat pouze jejich omezen\u00ed (nap\u0159. pokud o\u010dek\u00e1v\u00e1te, \u017ee byste n\u00e1m v\u00a0budoucnu takov\u00e9 \u00fadaje stejn\u011b poskytl)<\/li>\n<li>va\u0161e osobn\u00ed \u00fadaje ji\u017e nepot\u0159ebujeme pro shora uveden\u00e9 \u00fa\u010dely zpracov\u00e1n\u00ed, ale vy je po\u017eadujete pro ur\u010den\u00ed, v\u00fdkon nebo obhajobu sv\u00fdch pr\u00e1vn\u00edch n\u00e1rok\u016f, nebo<\/li>\n<li>vzneste n\u00e1mitku proti zpracov\u00e1n\u00ed. Pr\u00e1vo na n\u00e1mitku je podrobn\u011bji pops\u00e1no n\u00ed\u017ee v\u00a0kapitole <u>Pr\u00e1vo vzn\u00e9st n\u00e1mitku proti zpracov\u00e1n\u00ed<\/u>). Po dobu, po kterou \u0161et\u0159\u00edme, je-li va\u0161e n\u00e1mitka opr\u00e1vn\u011bn\u00e1, jsme povinni zpracov\u00e1n\u00ed va\u0161ich osobn\u00edch \u00fadaj\u016f omezit.<\/li>\n<\/ul>\n<p><strong>Pr\u00e1vo na p\u0159enositelnost<\/strong><\/p>\n<p>M\u00e1te pr\u00e1vo z\u00edskat od n\u00e1s z\u00edskat v\u0161echny va\u0161e osobn\u00ed \u00fadaje, kter\u00e9 jste n\u00e1m vy s\u00e1m poskytl a kter\u00e9 zpracov\u00e1v\u00e1me na z\u00e1klad\u011b va\u0161eho souhlasu (viz \u010d\u00e1st B.7 <u>Pokud n\u00e1m ud\u011bl\u00edte sv\u016fj souhlas<\/u>) a na z\u00e1klad\u011b pln\u011bn\u00ed smlouvy (viz \u010d\u00e1st B. <u>Pro\u010d osobn\u00ed \u00fadaje zpracov\u00e1v\u00e1me a co n\u00e1s k\u00a0tomu oprav\u0148uje?<\/u>). Va\u0161e osobn\u00ed \u00fadaje v\u00e1m poskytneme ve strukturovan\u00e9m, b\u011b\u017en\u011b pou\u017e\u00edvan\u00e9m a strojov\u011b \u010diteln\u00e9m form\u00e1tu. Abychom mohli na va\u0161i \u017e\u00e1dost \u00fadaje snadno p\u0159ev\u00e9st, m\u016f\u017ee se jednat pouze o \u00fadaje, kter\u00e9 zpracov\u00e1v\u00e1me automatizovan\u011b v\u00a0na\u0161ich elektronick\u00fdch datab\u00e1z\u00edch.<\/p>\n<p><strong>Pr\u00e1vo vzn\u00e9st n\u00e1mitku proti zpracov\u00e1n\u00ed<\/strong><\/p>\n<p>M\u00e1te pr\u00e1vo vzn\u00e9st n\u00e1mitku proti zpracov\u00e1n\u00ed osobn\u00edch \u00fadaj\u016f, k\u00a0n\u011bmu\u017e doch\u00e1z\u00ed na z\u00e1klad\u011b na\u0161eho opr\u00e1vn\u011bn\u00e9ho z\u00e1jmu (viz \u010d\u00e1st B. <u>Pro\u010d osobn\u00ed \u00fadaje zpracov\u00e1v\u00e1me a co n\u00e1s k\u00a0tomu oprav\u0148uje?<\/u>). Jde-li o marketingov\u00e9 aktivity, p\u0159estaneme bez dal\u0161\u00edho va\u0161e osobn\u00ed \u00fadaje zpracov\u00e1vat; v\u00a0ostatn\u00edch p\u0159\u00edpadech tak u\u010din\u00edme, pokud nebudeme m\u00edt z\u00e1va\u017en\u00e9 opr\u00e1vn\u011bn\u00e9 d\u016fvody pro to, abychom v\u00a0takov\u00e9m zpracov\u00e1n\u00ed pokra\u010dovali.<\/p>\n<p><strong>Pr\u00e1vo neb\u00fdt subjektem automatizovan\u00e9ho rozhodov\u00e1n\u00ed: <\/strong>Nejste-li aktivn\u00edm \u010dlenem Kni\u017en\u00edho klubu (tedy nezakoup\u00edte-li si alespo\u0148 jeden kni\u017en\u00ed titul v\u00a0obdob\u00ed platnosti ka\u017ed\u00e9ho katalogu) po dobu v\u00edce ne\u017e p\u011bti po sob\u011b jdouc\u00edch period, pro kter\u00e9 jsou platn\u00e9 jednotliv\u00e9 katalogy Kni\u017en\u00edho klubu (leden\u00a0&#8211;\u00a0b\u0159ezen, duben\u00a0&#8211;\u00a0kv\u011bten, \u010derven\u00a0&#8211;\u00a0srpen, z\u00e1\u0159\u00ed\u00a0&#8211;\u00a0prosinec), z\u00edsk\u00e1v\u00e1te automaticky status tzv.\u00a0neaktivn\u00edho \u010dlena, kter\u00e9mu od t\u00e9 doby nen\u00ed zas\u00edl\u00e1n katalog ani dal\u0161\u00ed nab\u00eddky. K\u00a0p\u0159id\u011blen\u00ed tohoto statusu doch\u00e1z\u00ed automaticky a\u00a0vy m\u00e1te pr\u00e1vo odm\u00edtnout toto automatizovan\u00e9 rozhodov\u00e1n\u00ed a po\u017eadovat individu\u00e1ln\u00ed posouzen\u00ed z\u00a0na\u0161\u00ed strany.<\/p>\n<p><strong>Pr\u00e1vo podat st\u00ed\u017enost<\/strong><\/p>\n<p>Uplatn\u011bn\u00edm pr\u00e1v v\u00fd\u0161e uveden\u00fdm zp\u016fsobem nen\u00ed nijak dot\u010deno va\u0161e pr\u00e1vo podat st\u00ed\u017enost u\u00a0p\u0159\u00edslu\u0161n\u00e9ho dozorov\u00e9ho \u00fa\u0159adu. Toto pr\u00e1vo m\u016f\u017eete uplatnit zejm\u00e9na v\u00a0p\u0159\u00edpad\u011b, \u017ee se domn\u00edv\u00e1te, \u017ee va\u0161e osobn\u00ed \u00fadaje zpracov\u00e1v\u00e1me neopr\u00e1vn\u011bn\u011b nebo v\u00a0rozporu s\u00a0obecn\u011b z\u00e1vazn\u00fdmi pr\u00e1vn\u00edmi p\u0159edpisy. St\u00ed\u017enost proti n\u00e1mi prov\u00e1d\u011bn\u00e9mu zpracov\u00e1n\u00ed osobn\u00edch \u00fadaj\u016f m\u016f\u017eete podat u \u00da\u0159adu pro ochranu osobn\u00edch \u00fadaj\u016f, kter\u00fd s\u00eddl\u00ed na adrese Pplk. Sochora 27, 170 00 Praha 7.<\/p>\n<ol>\n<li><strong>Jak lze uplatnit jednotliv\u00e1 pr\u00e1va?<\/strong><\/li>\n<\/ol>\n<p>Ve v\u0161ech z\u00e1le\u017eitostech souvisej\u00edc\u00edch se zpracov\u00e1n\u00edm va\u0161ich osobn\u00edch \u00fadaj\u016f, a\u0165 ji\u017e jde o dotaz, uplatn\u011bn\u00ed pr\u00e1va, pod\u00e1n\u00ed st\u00ed\u017enosti \u010di cokoliv jin\u00e9ho, m\u016f\u017eete prov\u00e9st dle informac\u00ed zve\u0159ejn\u011bn\u00fdch na <a href=\"https:\/\/www.euromedia.cz\/ochrana-soukromi\/\" target=\"_blank\" rel=\"noopener\">https:\/\/www.euromedia.cz\/ochrana-soukromi\/<\/a>.<\/p>\n<p>Va\u0161i \u017e\u00e1dost vy\u0159\u00edd\u00edme bez zbyte\u010dn\u00e9ho odkladu, maxim\u00e1ln\u011b v\u0161ak do jednoho m\u011bs\u00edce. Ve\u00a0v\u00fdjime\u010dn\u00fdch p\u0159\u00edpadech, zejm\u00e9na z\u00a0d\u016fvodu slo\u017eitosti va\u0161eho po\u017eadavku, jsme opr\u00e1vn\u011bni tuto lh\u016ftu prodlou\u017eit o\u00a0dal\u0161\u00ed dva m\u011bs\u00edce. O takov\u00e9m p\u0159\u00edpadn\u00e9m prodlou\u017een\u00ed a jeho zd\u016fvodn\u011bn\u00ed v\u00e1s samoz\u0159ejm\u011b budeme informovat.<\/p>\n<p>Na\u0161eho<strong> pov\u011b\u0159ence pro\u00a0ochranu osobn\u00edch \u00fadaj\u016f <\/strong>m\u016f\u017eete kontaktovat na dpo@euromedia.cz.<\/p>\n","protected":false},"excerpt":{"rendered":"<p>Jak na to? P\u0159ij\u010fte o v\u00edkendu 4. 10. \u2013 6. 10. do nov\u011b otev\u0159en\u00e9ho knihkupectv\u00ed Luxor v\u00a0OC Central Kladno. Nakupte a sta\u0148te se \u010dlenem na\u0161eho v\u011brnostn\u00edho programu KK Basic nebo [&hellip;]<\/p>\n","protected":false},"author":4,"featured_media":4904,"comment_status":"open","ping_status":"open","sticky":false,"template":"","format":"standard","meta":{"_acf_changed":false,"_monsterinsights_skip_tracking":false,"_monsterinsights_sitenote_active":false,"_monsterinsights_sitenote_note":"","_monsterinsights_sitenote_category":0,"_EventAllDay":false,"_EventTimezone":"","_EventStartDate":"","_EventEndDate":"","_EventStartDateUTC":"","_EventEndDateUTC":"","_EventShowMap":false,"_EventShowMapLink":false,"_EventURL":"","_EventCost":"","_EventCostDescription":"","_EventCurrencySymbol":"","_EventCurrencyCode":"","_EventCurrencyPosition":"","_EventDateTimeSeparator":"","_EventTimeRangeSeparator":"","_EventOrganizerID":[],"_EventVenueID":[],"_OrganizerEmail":"","_OrganizerPhone":"","_OrganizerWebsite":"","_VenueAddress":"","_VenueCity":"","_VenueCountry":"","_VenueProvince":"","_VenueState":"","_VenueZip":"","_VenuePhone":"","_VenueURL":"","_VenueStateProvince":"","_VenueLat":"","_VenueLng":"","_VenueShowMap":false,"_VenueShowMapLink":false,"twitterCardType":"","cardImageID":0,"cardImage":"","cardTitle":"","cardDesc":"","cardImageAlt":"","cardPlayer":"","cardPlayerWidth":0,"cardPlayerHeight":0,"cardPlayerStream":"","cardPlayerCodec":"","footnotes":""},"categories":[9],"tags":[33,34,32,30,31],"class_list":["post-4903","post","type-post","status-publish","format-standard","has-post-thumbnail","hentry","category-souteze","tag-central","tag-kavovar","tag-kladno","tag-pravidla","tag-souteze"],"acf":{"related_products":null},"_links":{"self":[{"href":"https:\/\/www.luxor.cz\/blog\/wp-json\/wp\/v2\/posts\/4903","targetHints":{"allow":["GET"]}}],"collection":[{"href":"https:\/\/www.luxor.cz\/blog\/wp-json\/wp\/v2\/posts"}],"about":[{"href":"https:\/\/www.luxor.cz\/blog\/wp-json\/wp\/v2\/types\/post"}],"author":[{"embeddable":true,"href":"https:\/\/www.luxor.cz\/blog\/wp-json\/wp\/v2\/users\/4"}],"replies":[{"embeddable":true,"href":"https:\/\/www.luxor.cz\/blog\/wp-json\/wp\/v2\/comments?post=4903"}],"version-history":[{"count":0,"href":"https:\/\/www.luxor.cz\/blog\/wp-json\/wp\/v2\/posts\/4903\/revisions"}],"wp:featuredmedia":[{"embeddable":true,"href":"https:\/\/www.luxor.cz\/blog\/wp-json\/wp\/v2\/media\/4904"}],"wp:attachment":[{"href":"https:\/\/www.luxor.cz\/blog\/wp-json\/wp\/v2\/media?parent=4903"}],"wp:term":[{"taxonomy":"category","embeddable":true,"href":"https:\/\/www.luxor.cz\/blog\/wp-json\/wp\/v2\/categories?post=4903"},{"taxonomy":"post_tag","embeddable":true,"href":"https:\/\/www.luxor.cz\/blog\/wp-json\/wp\/v2\/tags?post=4903"}],"curies":[{"name":"wp","href":"https:\/\/api.w.org\/{rel}","templated":true}]}}