{"id":4690,"date":"2019-08-16T13:40:00","date_gmt":"2019-08-16T11:40:00","guid":{"rendered":"https:\/\/www.luxor.cz\/blog\/nezarazene\/ruze-bila-cerny-les-komorni-drama-v-kulisach-2-svetove-valky\/"},"modified":"2023-01-06T11:42:18","modified_gmt":"2023-01-06T10:42:18","slug":"ruze-bila-cerny-les-komorni-drama-v-kulisach-2-svetove-valky-2305","status":"publish","type":"post","link":"https:\/\/www.luxor.cz\/blog\/recenze\/ruze-bila-cerny-les-komorni-drama-v-kulisach-2-svetove-valky-2305\/","title":{"rendered":"R\u016f\u017ee b\u00edl\u00e1, \u010dern\u00fd les \u2013 komorn\u00ed drama v kulis\u00e1ch 2. sv\u011btov\u00e9 v\u00e1lky"},"content":{"rendered":"<p><i><\/i><\/p>\n<p><i><\/i><\/p>\n<p><i>P\u0159ipadalo j\u00ed to jako vhodn\u00e9 m\u00edsto pro smrt.<\/i><\/p>\n<p>Rom\u00e1n <b>R\u016f\u017ee b\u00edl\u00e1, \u010dern\u00fd les<\/b>  za\u010d\u00edn\u00e1 <span>p\u016fsobivou sc\u00e9nou. Zoufal\u00e1 Franka p\u0159i\u0161la o v\u0161echno, na \u010dem j\u00ed v \u017eivot\u011b z\u00e1le\u017eelo. Matku ztratila je\u0161t\u011b p\u0159ed v\u00e1lkou, o bratra i otce p\u0159i\u0161la kv\u016fli nacist\u016fm. Skute\u010dn\u00e9 p\u0159\u00e1tele nem\u00e1, proto\u017ee  komu m\u016f\u017ee v t\u00e9to dob\u011b v\u011b\u0159it? Gestapo m\u00e1 o\u010di a u\u0161i v\u0161ude. Franka  dob\u0159e v\u00ed, jak dopadli ti, kdo se  pokusili T\u0159et\u00ed \u0159\u00ed\u0161i vzep\u0159\u00edt. Zb\u00fdv\u00e1 j\u00ed jedin\u00e1 mo\u017enost, jak si zachovat svobodu \u2013 vybrat si, jak a kde zem\u0159e.<\/span><\/p>\n<p>Hlubok\u00fd,  zasn\u011b\u017een\u00fd les <span>vysoko  v hor\u00e1ch je pro ten \u010din  ide\u00e1ln\u00ed. Sta\u010d\u00ed se schoulit do sn\u011bhu a umrznout\u2026 Jen\u017ee ne\u017e mlad\u00e1 \u017eena stihne sv\u016fj pl\u00e1n uskute\u010dnit, najde mezi stromy zran\u011bn\u00e9ho para\u0161utistu. Mu\u017e m\u00e1 na sob\u011b uniformu Luftwaffe,  ale Franka m\u00e1 pocit, \u017ee je na  n\u011bm n\u011bco divn\u00e9ho. Ze mdlob toti\u017e promluv\u00ed n\u011bkolik slov anglicky!<\/span><\/p>\n<p>V\u00e1le\u010dn\u00fdch rom\u00e1n\u016f u\u017e bylo naps\u00e1no  tolik, \u017ee v n\u011bkter\u00fdch knihkupectv\u00edch maj\u00ed sv\u00e9 vlastn\u00ed odd\u011blen\u00ed. <b>R\u016f\u017ee b\u00edl\u00e1,  \u010dern\u00fd les<\/b> od <b>Eoina Dempseyho<\/b> se ale v\u00fdrazn\u011b li\u0161\u00ed. Autor sice p\u0159\u00edb\u011bh zasadil  do roku 1943, kdy druh\u00e1 sv\u011btov\u00e1 v\u00e1lka vrchol\u00ed, ale nen\u00ed to v\u00e1le\u010dn\u00fd rom\u00e1n. Kniha  sp\u00ed\u0161e p\u0159ipom\u00edn\u00e1 thriller nebo divadeln\u00ed drama. Sledujeme dv\u011b postavy. Ob\u011b n\u011bco  skr\u00fdvaj\u00ed.<\/p>\n<p>Franka i mu\u017e v uniform\u011b maj\u00ed sv\u00e9 vlastn\u00ed  pl\u00e1ny a \u00fakoly. A my v uzav\u0159en\u00e9m prostoru Fran\u010diny chaty uprost\u0159ed zasn\u011b\u017een\u00e9ho  lesa sledujeme, jak opatrn\u011b zji\u0161\u0165uj\u00ed, zda jeden druh\u00e9mu mohou v\u011b\u0159it. Pokud  toti\u017e cht\u011bj\u00ed p\u0159e\u017e\u00edt, nezbyde jim nic jin\u00e9ho, ne\u017e se sna\u017eit spolupracovat\u2026<\/p>\n<p>Postupn\u011b odhalujeme st\u0159\u00edpky z  minulosti obou postav. <b>R\u016f\u017ee b\u00edl\u00e1, \u010dern\u00fd les<\/b> v tomto vlastn\u011b trochu  p\u0159ipom\u00edn\u00e1 detektivku. P\u0159ipravte se na bolav\u00e9 \u0161r\u00e1my i n\u011bkolik p\u0159ekvapen\u00ed, kter\u00e1  v\u00e1s zvednou ze \u017eidle. Kniha m\u011b d\u00edky tomu naprosto pohltila a ne\u0161lo ji p\u0159estat  \u010d\u00edst. Prost\u011b jsem nutn\u011b pot\u0159eboval v\u011bd\u011bt: a) o\u010d ob\u011bma hrdin\u016fm jde a b) jak to s  nimi dopadne.<\/p>\n<p>Paranoidn\u00ed atmosf\u00e9ra nacistick\u00e9 T\u0159et\u00ed  \u0159\u00ed\u0161e, kdy tajn\u00e1 policie sleduje v\u0161echny a udava\u010dem m\u016f\u017ee b\u00fdt i va\u0161e nejlep\u0161\u00ed  kamar\u00e1dka, se autorovi povedla na v\u00fdbornou. P\u0159i \u010dten\u00ed na v\u00e1s pad\u00e1 znepokojiv\u00e1  t\u00edse\u0148. Uv\u011bdom\u00edte si toti\u017e, jak tit\u011brn\u00ed a bezmocn\u00ed se c\u00edtili lid\u00e9, kte\u0159\u00ed v sob\u011b  na\u0161li odvahu vzep\u0159\u00edt se nel\u00edtostn\u00e9mu totalitn\u00edmu re\u017eimu. A obdivujete, \u017ee v  tomto nevyrovnan\u00e9m boji byli ochotni polo\u017eit i \u017eivot.<\/p>\n<p>N\u00e1zev knihy odkazuje k protihitlerovsk\u00e9  skupin\u011b, kter\u00e1 si \u0159\u00edkala B\u00edl\u00e1 r\u016f\u017ee, a k poho\u0159\u00ed \u010cern\u00fd les na jihoz\u00e1pad\u011b N\u011bmecka,  kde se rom\u00e1n z velk\u00e9 \u010d\u00e1sti odehr\u00e1v\u00e1. <b>B\u00edl\u00e1 r\u016f\u017ee, \u010dern\u00fd les<\/b> nepochybn\u011b  pat\u0159\u00ed mezi <span>knihy, kter\u00e9 by v\u00e1s letos  nem\u011bly minout.<\/span><\/p>\n<p>Rom\u00e1nu nen\u00ed co vytknout: autor \u0161ikovn\u011b  buduje nap\u011bt\u00ed, rozehr\u00e1v\u00e1 vztahy mezi postavami a stav\u00ed hrdiny p\u0159ed t\u011b\u017ek\u00e1  rozhodnut\u00ed. V druh\u00e9 polovin\u011b p\u0159ib\u00fdv\u00e1 akce, tempo se zrychluje a po celou dobu  je nemo\u017en\u00e9 knihu odlo\u017eit. P\u0159i \u010dten\u00ed se p\u0159\u00edmo nab\u00edz\u00ed my\u0161lenka, \u017ee tohle by byl  bezvadn\u00fd filmov\u00fd trh\u00e1k.<\/p>\n<p><\/p>\n<p>Radek Bla\u017eek<\/p>\n<p><\/p>\n","protected":false},"excerpt":{"rendered":"<p>N\u011bmecko, rok 1943. Dva vyvrhelov\u00e9 se setkaj\u00ed uprost\u0159ed temn\u00e9ho lesa. M\u016f\u017eou si navz\u00e1jem v\u011b\u0159it? Nap\u00ednav\u00fd rom\u00e1n Eoina Dempseyho si vysta\u010d\u00ed se dv\u011bma postavami a odlehlou chatou, p\u0159itom ale navod\u00ed velkolep\u00e9 drama.<\/p>\n","protected":false},"author":2,"featured_media":4691,"comment_status":"open","ping_status":"open","sticky":false,"template":"","format":"standard","meta":{"_acf_changed":false,"_monsterinsights_skip_tracking":false,"_monsterinsights_sitenote_active":false,"_monsterinsights_sitenote_note":"","_monsterinsights_sitenote_category":0,"_EventAllDay":false,"_EventTimezone":"","_EventStartDate":"","_EventEndDate":"","_EventStartDateUTC":"","_EventEndDateUTC":"","_EventShowMap":false,"_EventShowMapLink":false,"_EventURL":"","_EventCost":"","_EventCostDescription":"","_EventCurrencySymbol":"","_EventCurrencyCode":"","_EventCurrencyPosition":"","_EventDateTimeSeparator":"","_EventTimeRangeSeparator":"","_EventOrganizerID":[],"_EventVenueID":[],"_OrganizerEmail":"","_OrganizerPhone":"","_OrganizerWebsite":"","_VenueAddress":"","_VenueCity":"","_VenueCountry":"","_VenueProvince":"","_VenueState":"","_VenueZip":"","_VenuePhone":"","_VenueURL":"","_VenueStateProvince":"","_VenueLat":"","_VenueLng":"","_VenueShowMap":false,"_VenueShowMapLink":false,"twitterCardType":"","cardImageID":0,"cardImage":"","cardTitle":"","cardDesc":"","cardImageAlt":"","cardPlayer":"","cardPlayerWidth":0,"cardPlayerHeight":0,"cardPlayerStream":"","cardPlayerCodec":"","footnotes":""},"categories":[7],"tags":[],"class_list":["post-4690","post","type-post","status-publish","format-standard","has-post-thumbnail","hentry","category-recenze"],"acf":{"related_products":null},"_links":{"self":[{"href":"https:\/\/www.luxor.cz\/blog\/wp-json\/wp\/v2\/posts\/4690","targetHints":{"allow":["GET"]}}],"collection":[{"href":"https:\/\/www.luxor.cz\/blog\/wp-json\/wp\/v2\/posts"}],"about":[{"href":"https:\/\/www.luxor.cz\/blog\/wp-json\/wp\/v2\/types\/post"}],"author":[{"embeddable":true,"href":"https:\/\/www.luxor.cz\/blog\/wp-json\/wp\/v2\/users\/2"}],"replies":[{"embeddable":true,"href":"https:\/\/www.luxor.cz\/blog\/wp-json\/wp\/v2\/comments?post=4690"}],"version-history":[{"count":0,"href":"https:\/\/www.luxor.cz\/blog\/wp-json\/wp\/v2\/posts\/4690\/revisions"}],"wp:featuredmedia":[{"embeddable":true,"href":"https:\/\/www.luxor.cz\/blog\/wp-json\/wp\/v2\/media\/4691"}],"wp:attachment":[{"href":"https:\/\/www.luxor.cz\/blog\/wp-json\/wp\/v2\/media?parent=4690"}],"wp:term":[{"taxonomy":"category","embeddable":true,"href":"https:\/\/www.luxor.cz\/blog\/wp-json\/wp\/v2\/categories?post=4690"},{"taxonomy":"post_tag","embeddable":true,"href":"https:\/\/www.luxor.cz\/blog\/wp-json\/wp\/v2\/tags?post=4690"}],"curies":[{"name":"wp","href":"https:\/\/api.w.org\/{rel}","templated":true}]}}