{"id":4682,"date":"2019-08-16T10:16:00","date_gmt":"2019-08-16T08:16:00","guid":{"rendered":"https:\/\/www.luxor.cz\/blog\/nezarazene\/vteriny-ktere-zmeni-zivot\/"},"modified":"2023-01-06T11:42:18","modified_gmt":"2023-01-06T10:42:18","slug":"vteriny-ktere-zmeni-zivot-2301","status":"publish","type":"post","link":"https:\/\/www.luxor.cz\/blog\/recenze\/vteriny-ktere-zmeni-zivot-2301\/","title":{"rendered":"Vte\u0159iny, kter\u00e9 zm\u011bn\u00ed \u017eivot"},"content":{"rendered":"<\/p>\n<p>Vzpom\u00ednky jsou n\u011bco, co n\u00e1s utv\u00e1\u0159\u00ed. N\u011bco, co je pro n\u00e1s \u017eivotn\u011b d\u016fle\u017eit\u00e9. A  kdy\u017e najednou zmiz\u00ed, z\u016fstane ve v\u00e1s pust\u00e9 pr\u00e1zdno, velk\u00e1 d\u00edra, kter\u00e1 nejde  zaplnit. A Maggie p\u0159esn\u011b tohle za\u017eije. Probud\u00ed se v nemocnici a naprosto  netu\u0161\u00ed, co se stalo. Dozv\u00ed se, \u017ee jej\u00ed dcera zem\u0159ela, po tom, co ji zamkla v  aut\u011b, kter\u00e9 sjelo do \u0159eky. A jej\u00ed man\u017eel, jen\u017e by mohl vn\u00e9st trochu sv\u011btla do  t\u00e9hle \u0161\u00edlen\u00e9 situace, zmizel nezn\u00e1mo kam. Ot\u00e1zky p\u0159ib\u00fdvaj\u00ed, to\u010d\u00ed se kolem n\u00ed v  nekone\u010dn\u00e9m kruhu \u0161\u00edlenstv\u00ed. Maggie tomu nechce uv\u011b\u0159it, m\u00e1 pocit, \u017ee se v\u0161echno  odehr\u00e1lo \u00fapln\u011b jinak\u2026<\/p>\n<p><b>Den, kdy se to stalo<\/b> je nap\u00ednav\u00fd thriller, kter\u00fd se v\u00e1m zaryje hluboko pod  k\u016f\u017ei. <b>Nuele Ellwood<\/b> napsala naprosto brilantn\u00ed psychologick\u00fd rom\u00e1n se skv\u011ble  vymy\u0161lenou z\u00e1pletkou, jej\u00ed\u017e ud\u00e1losti se nepodep\u00ed\u0161\u00ed jen na postav\u00e1ch, ale i na  v\u00e1s samotn\u00fdch. Bez dechu mezi \u0159\u00e1dky p\u00e1tr\u00e1te po tajemstv\u00edch, kter\u00e9 se st\u00e1le v\u00edce  zamot\u00e1vaj\u00ed a vy st\u011b\u017e\u00ed h\u00e1d\u00e1te, co se vlastn\u011b mohlo st\u00e1t.<\/p>\n<p>P\u0159\u00edb\u011bh zaujme svou p\u016fsobivou intenzitou, syrovost\u00ed, hranic\u00ed mezi rozumem a  \u0161\u00edlenstv\u00edm, kter\u00e1 je neust\u00e1le poru\u0161ov\u00e1na, jen jen p\u0159epadnout na druhou stranu,  i siln\u00fdm psychologick\u00fdm vlivem. Kdo je vlastn\u011b norm\u00e1ln\u00ed a kdo se top\u00ed mezi  du\u0161evn\u00ed nevyrovnanost\u00ed a snahou udr\u017eet si \u010distou mysl?<\/p>\n<p>Tento perfektn\u00ed dechberouc\u00ed p\u0159\u00edb\u011bh bublav\u011b graduje a\u017e do mistrn\u00e9ho konce.  Vyvol\u00e1 ve v\u00e1s pochyby o podob\u011b zla, pohlt\u00ed v\u00e1s do problematiky vnit\u0159n\u00ed vinny a  nekon\u010d\u00edc\u00edch ztr\u00e1t\u00e1ch. Mysl\u00edte si, \u017ee se kone\u010dn\u011b dost\u00e1v\u00e1te k podstat\u011b v\u0161eho?  Omyl. Autorka ve vte\u0159in\u011b smete ze stolu v\u0161echny va\u0161e dohady a domn\u011bnky. <\/p>\n<p>Dost\u00e1v\u00e1te se do st\u0159\u00edpkovit\u00e9ho \u017eivota Maggie, kter\u00e1 postupn\u011b poodhaluje  \u010d\u00e1sti ze sv\u00e9 minulosti. Jeliko\u017e jsou v\u0161echny skute\u010dnosti vid\u011bni z jej\u00edho  pohledu, st\u00e1v\u00e1 se ob\u010das tak trochu ned\u016fv\u011bryhodnou. Zanech\u00e1v\u00e1 za sebou klam a  dohady. Nen\u00ed jist\u00e9, co je opravdov\u00e9, a co Maggiina ztracen\u00e1 pam\u011b\u0165 hluboko v  propadlin\u00e1ch st\u00e1le ukr\u00fdv\u00e1. <\/p>\n<p>Kniha <b>Den, kdy se to stalo<\/b> v sob\u011b kloub\u00ed rychl\u00fd, nap\u00ednav\u00fd a ojedin\u011bl\u00fd styl.  Vyvol\u00e1v\u00e1 ve v\u00e1s obrovsk\u00e9 emoce, i kdy\u017e se o to autorka p\u0159\u00edli\u0161 nesna\u017e\u00ed.  Kombinuje v sob\u011b realitu a kontaminovanou mysl \u0161\u00edlenc\u016f. Jestli\u017ee zn\u00e1te autor\u010din  bestseller <b><i>Co zbylo z moj\u00ed sestry<\/i><\/b>, \u010dek\u00e1 v\u00e1s podobn\u00e1 j\u00edzda.<\/p>\n<p><\/p>\n<p>Pavla Krej\u010d\u00ed<\/p>\n<p><\/p>\n","protected":false},"excerpt":{"rendered":"<p>Maggie se jednoho dne probere z komatu. V\u0161echno kolem n\u00ed se zm\u011bnilo, naprosto j\u00ed to p\u0159evr\u00e1tilo \u017eivot naruby. Jej\u00ed dcera je mrtv\u00e1 a po man\u017eelovi se slehla zem. Jen\u017ee t\u00edm to nekon\u010d\u00ed\u2026<\/p>\n","protected":false},"author":2,"featured_media":4683,"comment_status":"open","ping_status":"open","sticky":false,"template":"","format":"standard","meta":{"_acf_changed":false,"_monsterinsights_skip_tracking":false,"_monsterinsights_sitenote_active":false,"_monsterinsights_sitenote_note":"","_monsterinsights_sitenote_category":0,"_EventAllDay":false,"_EventTimezone":"","_EventStartDate":"","_EventEndDate":"","_EventStartDateUTC":"","_EventEndDateUTC":"","_EventShowMap":false,"_EventShowMapLink":false,"_EventURL":"","_EventCost":"","_EventCostDescription":"","_EventCurrencySymbol":"","_EventCurrencyCode":"","_EventCurrencyPosition":"","_EventDateTimeSeparator":"","_EventTimeRangeSeparator":"","_EventOrganizerID":[],"_EventVenueID":[],"_OrganizerEmail":"","_OrganizerPhone":"","_OrganizerWebsite":"","_VenueAddress":"","_VenueCity":"","_VenueCountry":"","_VenueProvince":"","_VenueState":"","_VenueZip":"","_VenuePhone":"","_VenueURL":"","_VenueStateProvince":"","_VenueLat":"","_VenueLng":"","_VenueShowMap":false,"_VenueShowMapLink":false,"twitterCardType":"","cardImageID":0,"cardImage":"","cardTitle":"","cardDesc":"","cardImageAlt":"","cardPlayer":"","cardPlayerWidth":0,"cardPlayerHeight":0,"cardPlayerStream":"","cardPlayerCodec":"","footnotes":""},"categories":[7],"tags":[],"class_list":["post-4682","post","type-post","status-publish","format-standard","has-post-thumbnail","hentry","category-recenze"],"acf":{"related_products":null},"_links":{"self":[{"href":"https:\/\/www.luxor.cz\/blog\/wp-json\/wp\/v2\/posts\/4682","targetHints":{"allow":["GET"]}}],"collection":[{"href":"https:\/\/www.luxor.cz\/blog\/wp-json\/wp\/v2\/posts"}],"about":[{"href":"https:\/\/www.luxor.cz\/blog\/wp-json\/wp\/v2\/types\/post"}],"author":[{"embeddable":true,"href":"https:\/\/www.luxor.cz\/blog\/wp-json\/wp\/v2\/users\/2"}],"replies":[{"embeddable":true,"href":"https:\/\/www.luxor.cz\/blog\/wp-json\/wp\/v2\/comments?post=4682"}],"version-history":[{"count":0,"href":"https:\/\/www.luxor.cz\/blog\/wp-json\/wp\/v2\/posts\/4682\/revisions"}],"wp:featuredmedia":[{"embeddable":true,"href":"https:\/\/www.luxor.cz\/blog\/wp-json\/wp\/v2\/media\/4683"}],"wp:attachment":[{"href":"https:\/\/www.luxor.cz\/blog\/wp-json\/wp\/v2\/media?parent=4682"}],"wp:term":[{"taxonomy":"category","embeddable":true,"href":"https:\/\/www.luxor.cz\/blog\/wp-json\/wp\/v2\/categories?post=4682"},{"taxonomy":"post_tag","embeddable":true,"href":"https:\/\/www.luxor.cz\/blog\/wp-json\/wp\/v2\/tags?post=4682"}],"curies":[{"name":"wp","href":"https:\/\/api.w.org\/{rel}","templated":true}]}}