{"id":4660,"date":"2019-07-17T12:59:00","date_gmt":"2019-07-17T10:59:00","guid":{"rendered":"https:\/\/www.luxor.cz\/blog\/nezarazene\/david-lagercrantz-zavita-na-podzim-do-prahy-a-do-luxoru\/"},"modified":"2023-01-06T11:42:19","modified_gmt":"2023-01-06T10:42:19","slug":"david-lagercrantz-zavita-na-podzim-do-prahy-a-do-luxoru-2290","status":"publish","type":"post","link":"https:\/\/www.luxor.cz\/blog\/nezarazene\/david-lagercrantz-zavita-na-podzim-do-prahy-a-do-luxoru-2290\/","title":{"rendered":"David Lagercrantz zav\u00edt\u00e1 na podzim do Prahy a do Luxoru!"},"content":{"rendered":"<p><b><span><\/span><\/b><\/p>\n<p><b><\/b><\/p>\n<\/p>\n<p><b><span>David Lagercrantz<\/span><\/b><span> je  \u0161v\u00e9dsk\u00fd novin\u00e1\u0159 a\u00a0spisovatel, autor n\u011bkolika \u00fasp\u011b\u0161n\u00fdch popul\u00e1rn\u011b nau\u010dn\u00fdch  knih a\u00a0rom\u00e1n\u016f. Bestsellerov\u00fd \u017eivotopis <i><span>J\u00e1 jsem Zlatan Ibrahimovi\u0107<\/span><\/i><\/span><span> (2011, \u010desky 2014) byl p\u0159elo\u017een do\u00a0v\u00edce ne\u017e t\u0159iceti jazyk\u016f  a\u00a0po\u00a0cel\u00e9m sv\u011bt\u011b se prodalo n\u011bkolik milion\u016f v\u00fdtisk\u016f.\u00a0<\/span><\/p>\n<p><span><span>V\u00a0roce  2015 napsal pokra\u010dov\u00e1n\u00ed celosv\u011btov\u00e9ho fenom\u00e9nu <i><span>Mil\u00e9nium<\/span><\/i><\/span><\/span><span> Stiega  Larssona\u00a0\u2014 kniha <i><span>D\u00edvka v\u00a0pavou\u010d\u00ed s\u00edti<\/span><\/i><\/span><span> vzbudila obrovsk\u00fd z\u00e1jem m\u00e9di\u00ed a\u00a0stala se jednou  z\u00a0nejprod\u00e1van\u011bj\u0161\u00edch knih roku na\u00a0cel\u00e9m sv\u011bt\u011b. P\u0159\u00edb\u011bh o\u00a0Lisbeth  Salanderov\u00e9 a\u00a0Mikaelu Blomkvistovi d\u00e1le rozvinul v\u00a0knize <i><span>Mu\u017e,  kter\u00fd hledal sv\u016fj st\u00edn<\/span><\/i><\/span><span> (2017). A  pr\u00e1v\u011b letos, 12. z\u00e1\u0159\u00ed, vyjde z\u00e1v\u011bre\u010dn\u00fd \u0161est\u00fd d\u00edl cel\u00e9 s\u00e9rie Mil\u00e9nium, nazvan\u00fd <i><span>D\u00edvka,  kter\u00e1 mus\u00ed zem\u0159\u00edt<\/span><\/i><\/span><span>.<\/span><\/p>\n<p><span><br \/><\/span><\/p>\n<\/p>\n<p><b><span>O \u010dem v\u00a0posledn\u00edm d\u00edle p\u016fjde?<\/span><\/b><\/p>\n<p><span>V\u00a0jednom ze\u00a0stockholmsk\u00fdch park\u016f se najde t\u011blo \u017eebr\u00e1ka  s\u00a0amputovan\u00fdmi prsty na\u00a0rukou i\u00a0na\u00a0nohou. Vypad\u00e1 to  na\u00a0ne\u0161\u0165astnou smrt bezdomovce, av\u0161ak patolo\u017eka Fredrika Nymanov\u00e1 se nem\u016f\u017ee  zbavit pocitu, \u017ee\u00a0s\u00a0mrtv\u00fdm je n\u011bco v\u00a0nepo\u0159\u00e1dku, a\u00a0proto se  spoj\u00ed s\u00a0Mikaelem Blomkvistem.\u00a0<\/span><\/p>\n<p><span><span>P\u0159\u00edpad  probud\u00ed Mikaelovu pozornost, proto\u017ee \u017eebr\u00e1ka sly\u0161eli n\u011bkolikr\u00e1t cosi breptat  o\u00a0\u0161v\u00e9dsk\u00e9m ministru obrany Johannesu Forsellovi. Byly to jen \u0159e\u010di  paranoidn\u00edho \u0161\u00edlence, nebo m\u011bl opravdu n\u011bco spole\u010dn\u00e9ho s\u00a0vl\u00e1dou?\u00a0<\/span><\/span><\/p>\n<p><span><span>Mikael  po\u017e\u00e1d\u00e1 o\u00a0pomoc Lisbeth Salanderovou. Ta\u00a0v\u0161ak po\u00a0poh\u0159bu Holgera  Palmgrena odjela ze\u00a0\u0160v\u00e9dska a\u00a0neoz\u00fdv\u00e1 se. Nikdo netu\u0161\u00ed,  \u017ee\u00a0pob\u00fdv\u00e1 v\u00a0Moskv\u011b, aby se jednou prov\u017edy vypo\u0159\u00e1dala se svou sestrou  Camillou. Rozhodla se: u\u017e\u00a0nehodl\u00e1 b\u00fdt lovenou ko\u0159ist\u00ed. Sama se te\u010f stane  \u0161elmou.<\/span><\/span><\/p>\n<p><span><span><\/p>\n<p><\/p>\n<p><\/span><\/span><\/p>\n<p><b>David Lagercrantz v\u00a0Luxoru<\/b><\/p>\n<p>S\u00a0obl\u00edben\u00fdm  \u0161v\u00e9dsk\u00fdm autorem, kter\u00fd velmi \u00fasp\u011b\u0161n\u011b nav\u00e1zal na p\u0159\u00edb\u011bhy Stiega Larssona, se  m\u016f\u017eete na podzim potkat osobn\u011b. Nav\u0161t\u00edv\u00ed p\u00e1r dn\u00ed po vyd\u00e1n\u00ed nov\u00e9ho d\u00edlu <i>Mil\u00e9nia<\/i>  Prahu a se sv\u00fdmi \u010dten\u00e1\u0159i se setk\u00e1 na besed\u011b a autogrami\u00e1d\u011b u n\u00e1s, v\u00a0Pal\u00e1ci  knih Luxor na V\u00e1clavsk\u00e9m n\u00e1m\u011bst\u00ed.<\/p>\n<p><\/p>\n<p><i>T\u011b\u0161\u00edte se? P\u0159ijdete se pod\u00edvat a nechat si podepsat knihy (\u010di dokonce  knihy)?<\/i><\/p>\n<p><i>Sv\u011b\u0159te se n\u00e1m do koment\u00e1\u0159\u016f se sv\u00fdmi \u010dten\u00e1\u0159sk\u00fdmi z\u00e1\u017eitky z\u00a0Lagercrantzov\u00fdmi  knihami.<\/i><\/p>\n<p>Luxor,  v\u00a0knihkupectv\u00ed jako doma<\/p>\n<p><\/p>\n<p><\/p>\n<p><i>Fotografie  autora\u00a9Anna-Lena Ahlstroem<\/i><\/p>\n<p><i>Fotografie  knih\u00a9Nakladatelstv\u00ed Host Brno <\/i><\/p>\n<p>    <i><\/i><\/p>\n","protected":false},"excerpt":{"rendered":"<p>Dvan\u00e1ct\u00e9ho z\u00e1\u0159\u00ed vych\u00e1z\u00ed z\u00e1v\u011bre\u010dn\u00fd d\u00edl s\u00e9rie Mil\u00e9nium. To u\u017e v\u00edte, ale mo\u017en\u00e1 se k v\u00e1m je\u0161t\u011b nedostala dal\u0161\u00ed informace, na kterou jsme hrd\u00ed. Autor David Lagercrantz toti\u017e jen o p\u00e1r dn\u00ed pozd\u011bji p\u0159ijede do \u010cR! A na setk\u00e1n\u00ed s n\u00edm se m\u016f\u017eete t\u011b\u0161it 18. z\u00e1\u0159\u00ed od 17.00 u n\u00e1s, v Pal\u00e1ci knih Luxor na V\u00e1clavsk\u00e9m n\u00e1m\u011bst\u00ed.<\/p>\n","protected":false},"author":2,"featured_media":4661,"comment_status":"open","ping_status":"open","sticky":false,"template":"","format":"standard","meta":{"_acf_changed":false,"_monsterinsights_skip_tracking":false,"_monsterinsights_sitenote_active":false,"_monsterinsights_sitenote_note":"","_monsterinsights_sitenote_category":0,"_EventAllDay":false,"_EventTimezone":"","_EventStartDate":"","_EventEndDate":"","_EventStartDateUTC":"","_EventEndDateUTC":"","_EventShowMap":false,"_EventShowMapLink":false,"_EventURL":"","_EventCost":"","_EventCostDescription":"","_EventCurrencySymbol":"","_EventCurrencyCode":"","_EventCurrencyPosition":"","_EventDateTimeSeparator":"","_EventTimeRangeSeparator":"","_EventOrganizerID":[],"_EventVenueID":[],"_OrganizerEmail":"","_OrganizerPhone":"","_OrganizerWebsite":"","_VenueAddress":"","_VenueCity":"","_VenueCountry":"","_VenueProvince":"","_VenueState":"","_VenueZip":"","_VenuePhone":"","_VenueURL":"","_VenueStateProvince":"","_VenueLat":"","_VenueLng":"","_VenueShowMap":false,"_VenueShowMapLink":false,"twitterCardType":"","cardImageID":0,"cardImage":"","cardTitle":"","cardDesc":"","cardImageAlt":"","cardPlayer":"","cardPlayerWidth":0,"cardPlayerHeight":0,"cardPlayerStream":"","cardPlayerCodec":"","footnotes":""},"categories":[1],"tags":[],"class_list":["post-4660","post","type-post","status-publish","format-standard","has-post-thumbnail","hentry","category-nezarazene"],"acf":{"related_products":null},"_links":{"self":[{"href":"https:\/\/www.luxor.cz\/blog\/wp-json\/wp\/v2\/posts\/4660","targetHints":{"allow":["GET"]}}],"collection":[{"href":"https:\/\/www.luxor.cz\/blog\/wp-json\/wp\/v2\/posts"}],"about":[{"href":"https:\/\/www.luxor.cz\/blog\/wp-json\/wp\/v2\/types\/post"}],"author":[{"embeddable":true,"href":"https:\/\/www.luxor.cz\/blog\/wp-json\/wp\/v2\/users\/2"}],"replies":[{"embeddable":true,"href":"https:\/\/www.luxor.cz\/blog\/wp-json\/wp\/v2\/comments?post=4660"}],"version-history":[{"count":0,"href":"https:\/\/www.luxor.cz\/blog\/wp-json\/wp\/v2\/posts\/4660\/revisions"}],"wp:featuredmedia":[{"embeddable":true,"href":"https:\/\/www.luxor.cz\/blog\/wp-json\/wp\/v2\/media\/4661"}],"wp:attachment":[{"href":"https:\/\/www.luxor.cz\/blog\/wp-json\/wp\/v2\/media?parent=4660"}],"wp:term":[{"taxonomy":"category","embeddable":true,"href":"https:\/\/www.luxor.cz\/blog\/wp-json\/wp\/v2\/categories?post=4660"},{"taxonomy":"post_tag","embeddable":true,"href":"https:\/\/www.luxor.cz\/blog\/wp-json\/wp\/v2\/tags?post=4660"}],"curies":[{"name":"wp","href":"https:\/\/api.w.org\/{rel}","templated":true}]}}