{"id":4650,"date":"2019-06-27T16:00:00","date_gmt":"2019-06-27T14:00:00","guid":{"rendered":"https:\/\/www.luxor.cz\/blog\/nezarazene\/indianske-zlato-a-zrod-fbi\/"},"modified":"2023-01-06T12:48:19","modified_gmt":"2023-01-06T11:48:19","slug":"indianske-zlato-a-zrod-fbi-2285","status":"publish","type":"post","link":"https:\/\/www.luxor.cz\/blog\/recenze\/indianske-zlato-a-zrod-fbi-2285\/","title":{"rendered":"Indi\u00e1nsk\u00e9 zlato a zrod FBI"},"content":{"rendered":"<\/p>\n<p>P\u0159i \u010dten\u00ed se pohybujeme na jihu Spojen\u00fdch st\u00e1t\u016f americk\u00fdch v  obdob\u00ed vzniku st\u00e1tu Oklahoma. Sledujeme indi\u00e1nsk\u00fd kmen Osed\u017e\u016f je\u0161t\u011b p\u0159ed  \u00fatlakem b\u00edl\u00e9ho mu\u017ee, p\u0159es postupn\u00e9 vytla\u010dov\u00e1n\u00ed do rezervac\u00ed a zdrcuj\u00edc\u00ed  omezov\u00e1n\u00ed indi\u00e1nsk\u00fdch pr\u00e1v. Osed\u017e\u016fm, zvykl\u00fdm proh\u00e1n\u011bt bizony na travnat\u00fdch  pl\u00e1n\u00edch, byla postupem \u010dasu vnucena a z\u00e1konem p\u0159id\u011blena pouze \u010d\u00e1st skalnat\u00e9  ne\u00farodn\u00e9 rezervace. Nikdo v\u0161ak ne\u010dekal, \u017ee pod vyprahlou p\u016fdou se skr\u00fdv\u00e1 zlat\u00fd  d\u016fl \u2013 obrovsk\u00e9 nerostn\u00e9 bohatstv\u00ed v\u00a0podob\u011b ropy. Pro b\u00edl\u00e9ho mu\u017ee mo\u017en\u00e1  z\u00e1kon schv\u00e1lnosti, pro indi\u00e1ny velk\u00e9 zadostiu\u010din\u011bn\u00ed.<\/p>\n<p>Z\u00a0chud\u00fdch Osed\u017e\u016f se  najednou stali velc\u00ed a z\u00e1mo\u017en\u00ed p\u00e1ni, kte\u0159\u00ed si stav\u011bli p\u0159epychov\u00e1 s\u00eddla, jezdili  v\u00a0drah\u00fdch autech a mnoho z\u00a0nich zam\u011bstn\u00e1valo b\u00edl\u00e9 tv\u00e1\u0159e jako sv\u00e9 sluhy.  Jeden by \u0159ekl idylick\u00e1 poh\u00e1dka. Bohu\u017eel z\u00e1hy se v\u0161e za\u010dalo obracet, kdy\u017e byly  zavra\u017ed\u011bny prvn\u00ed ob\u011bti sv\u00e9ho bohatstv\u00ed Charles Whitehorn a Anna Brownov\u00e1.<\/p>\n<p>A\u010d je kniha americk\u00e9ho novin\u00e1\u0159e a spisovatele <b>Davida Granna<\/b> ozna\u010dov\u00e1na za <i>\u201ethriller o  skute\u010dn\u00fdch ud\u00e1lostech\u201c<\/i>, osobn\u011b bych z\u00a0popisu vynechala slovo thriller. Kdo  by o\u010dek\u00e1val divokou a nap\u00ednavou j\u00edzdu poutav\u00fdm p\u0159\u00edb\u011bhem, bude pravd\u011bpodobn\u011b  zklam\u00e1n. P\u0159i \u010dten\u00ed jsem m\u011bla ob\u010das pocit, \u017ee se prob\u00edr\u00e1m archivem vy\u0161et\u0159ovac\u00edch  spis\u016f nebo nahl\u00ed\u017e\u00edm do n\u011bjak\u00e9 diplomov\u00e9 pr\u00e1ce. Autor je v\u00edce novin\u00e1\u0159em, ne\u017e  spisovatelem, a mo\u017en\u00e1 proto je kniha sice pe\u010dliv\u011b rozd\u011blena do n\u011bkolika \u010d\u00e1st\u00ed  (kronik) a kapitol, ale nen\u00ed p\u0159\u00edb\u011bhem v\u00a0prav\u00e9m slova smyslu. Dozv\u00edd\u00e1me se  v\u00a0n\u00ed mnoho podrobnost\u00ed o osed\u017esk\u00fdch vra\u017ed\u00e1ch a jejich vy\u0161et\u0159ov\u00e1n\u00ed popisnou  formou l\u00ed\u010den\u00ed historie. Autor pou\u017e\u00edv\u00e1 mnoho letopo\u010dt\u016f a ned\u016fle\u017eit\u00fdch jmen, kter\u00e9  d\u011bj dle m\u00e9ho n\u00e1zoru sp\u00ed\u0161 naru\u0161uj\u00ed a ob\u010das to \u010dten\u00e1\u0159e nut\u00ed vracet se o p\u00e1r v\u011bt  zp\u011bt, aby mu neunikly souvislosti. Samotn\u00fd p\u0159\u00edb\u011bh je tedy tvo\u0159en synt\u00e9zou  p\u0159\u00edsn\u00fdch d\u011bjinn\u00fdch \u00fadaj\u016f a fakt\u016f a ob\u010dasn\u00e9ho vypr\u00e1v\u011bn\u00ed a p\u0159\u00edm\u00e9 \u0159e\u010di n\u011bkolika  st\u011b\u017eejn\u00edch postav.<\/p>\n<p>Protip\u00f3lem tehdej\u0161\u00edch mafi\u00e1n\u016f a zlo\u010dinc\u016f jsou detektivov\u00e9  postupn\u011b zdokonaluj\u00edc\u00ed sv\u00e9 vy\u0161et\u0159ovac\u00ed techniky. Dozv\u00edd\u00e1me se o za\u010d\u00e1tc\u00edch  pou\u017e\u00edv\u00e1n\u00ed daktyloskopie, balistiky a r\u016fzn\u00fdch dal\u0161\u00edch metod n\u00e1pomocn\u00fdch p\u0159i  vy\u0161et\u0159ov\u00e1n\u00ed vra\u017ed. Sledujeme, jak se ze zkorumpovan\u00fdch \u0161erif\u016f, v\u00fdhr\u016f\u017ekami  zastra\u0161en\u00fdch detektiv\u016f a nete\u010dn\u00fdch vl\u00e1dn\u00edch org\u00e1n\u016f, pomalu rekrutuje slo\u017eka  feder\u00e1ln\u00edch vy\u0161et\u0159ovatel\u016f v\u00a0\u010dele s\u00a0agentem Tomem Whitem a J. Edgarem Hooverem,  \u0161\u00e9fem nov\u011b vznikaj\u00edc\u00edho Feder\u00e1ln\u00edho \u00fa\u0159adu pro vy\u0161et\u0159ov\u00e1n\u00ed, zn\u00e1m\u00e9ho jako FBI.<\/p>\n<p><b>Krvav\u00e9 prachy<\/b>  p\u0159edstavuj\u00ed ide\u00e1ln\u00ed \u010detbu hlavn\u011b pro zv\u00eddav\u00e9 milovn\u00edky tajemn\u00e9 indi\u00e1nsk\u00e9  historie, jeliko\u017e mapuj\u00ed jeden z\u00a0nejv\u011bt\u0161\u00edch a nejskryt\u011bj\u0161\u00edch masakr\u016f  ur\u010dit\u00e9 skupiny obyvatel. Sledujeme obdob\u00ed t\u00e9m\u011b\u0159 sta let, kdy se na osed\u017esk\u00e9m  \u00fazem\u00ed t\u011b\u017eila ropa, jej\u00ed\u017e n\u00e1lez st\u00e1l \u017eivot des\u00edtky, mo\u017en\u00e1 stovky indi\u00e1n\u016f. \u010clov\u011bk  p\u0159i \u010detb\u011b ob\u010das \u017easne, co jsou n\u011bkte\u0159\u00ed lid\u00e9 pro pen\u00edze ochotn\u00ed ud\u011blat. Atmosf\u00e9ru  cel\u00e9 knihy bych shrnula slovy Davida Granna: <i>\u201eParalyzuj\u00edc\u00ed strach se jako temn\u00fd mrak vzn\u00e1\u0161el nad \u00fadol\u00edmi Osed\u017esk\u00fdch  vrch\u016f post\u0159\u00edkan\u00fdmi ropou.\u201c<\/i><\/p>\n<p><i><br \/><\/i><\/p>\n<p>Mark\u00e9ta Psohlavcov\u00e1<\/p>\n<p><\/p>\n","protected":false},"excerpt":{"rendered":"<p>Nem\u00e1lo zem\u00ed je poznamen\u00e1no ve sv\u00fdch d\u011bjin\u00e1ch n\u011bjak\u00fdmi n\u00e1siln\u00fdmi ud\u00e1lostmi, o kter\u00fdch se p\u0159\u00edli\u0161 nemluv\u00ed a ve sv\u011bt\u011b se o nich \u010dasto nev\u00ed. Kniha nesouc\u00ed v\u00fdsti\u017en\u00fd n\u00e1zev Krvav\u00e9 prachy \u2013 Osed\u017esk\u00e9 masov\u00e9 vra\u017edy a zrod FBI n\u00e1m kus takov\u00e9 temn\u00e9 historie p\u0159in\u00e1\u0161\u00ed.<\/p>\n","protected":false},"author":2,"featured_media":4651,"comment_status":"open","ping_status":"open","sticky":false,"template":"","format":"standard","meta":{"_acf_changed":false,"_monsterinsights_skip_tracking":false,"_monsterinsights_sitenote_active":false,"_monsterinsights_sitenote_note":"","_monsterinsights_sitenote_category":0,"_EventAllDay":false,"_EventTimezone":"","_EventStartDate":"","_EventEndDate":"","_EventStartDateUTC":"","_EventEndDateUTC":"","_EventShowMap":false,"_EventShowMapLink":false,"_EventURL":"","_EventCost":"","_EventCostDescription":"","_EventCurrencySymbol":"","_EventCurrencyCode":"","_EventCurrencyPosition":"","_EventDateTimeSeparator":"","_EventTimeRangeSeparator":"","_EventOrganizerID":[],"_EventVenueID":[],"_OrganizerEmail":"","_OrganizerPhone":"","_OrganizerWebsite":"","_VenueAddress":"","_VenueCity":"","_VenueCountry":"","_VenueProvince":"","_VenueState":"","_VenueZip":"","_VenuePhone":"","_VenueURL":"","_VenueStateProvince":"","_VenueLat":"","_VenueLng":"","_VenueShowMap":false,"_VenueShowMapLink":false,"twitterCardType":"","cardImageID":0,"cardImage":"","cardTitle":"","cardDesc":"","cardImageAlt":"","cardPlayer":"","cardPlayerWidth":0,"cardPlayerHeight":0,"cardPlayerStream":"","cardPlayerCodec":"","footnotes":""},"categories":[7],"tags":[],"class_list":["post-4650","post","type-post","status-publish","format-standard","has-post-thumbnail","hentry","category-recenze"],"acf":{"related_products":null},"_links":{"self":[{"href":"https:\/\/www.luxor.cz\/blog\/wp-json\/wp\/v2\/posts\/4650","targetHints":{"allow":["GET"]}}],"collection":[{"href":"https:\/\/www.luxor.cz\/blog\/wp-json\/wp\/v2\/posts"}],"about":[{"href":"https:\/\/www.luxor.cz\/blog\/wp-json\/wp\/v2\/types\/post"}],"author":[{"embeddable":true,"href":"https:\/\/www.luxor.cz\/blog\/wp-json\/wp\/v2\/users\/2"}],"replies":[{"embeddable":true,"href":"https:\/\/www.luxor.cz\/blog\/wp-json\/wp\/v2\/comments?post=4650"}],"version-history":[{"count":0,"href":"https:\/\/www.luxor.cz\/blog\/wp-json\/wp\/v2\/posts\/4650\/revisions"}],"wp:featuredmedia":[{"embeddable":true,"href":"https:\/\/www.luxor.cz\/blog\/wp-json\/wp\/v2\/media\/4651"}],"wp:attachment":[{"href":"https:\/\/www.luxor.cz\/blog\/wp-json\/wp\/v2\/media?parent=4650"}],"wp:term":[{"taxonomy":"category","embeddable":true,"href":"https:\/\/www.luxor.cz\/blog\/wp-json\/wp\/v2\/categories?post=4650"},{"taxonomy":"post_tag","embeddable":true,"href":"https:\/\/www.luxor.cz\/blog\/wp-json\/wp\/v2\/tags?post=4650"}],"curies":[{"name":"wp","href":"https:\/\/api.w.org\/{rel}","templated":true}]}}