{"id":4626,"date":"2019-06-04T14:15:00","date_gmt":"2019-06-04T12:15:00","guid":{"rendered":"https:\/\/www.luxor.cz\/blog\/nezarazene\/mapa-dni-dalsi-pribeh-podivnych\/"},"modified":"2023-01-06T12:48:19","modified_gmt":"2023-01-06T11:48:19","slug":"mapa-dni-dalsi-pribeh-podivnych-2273","status":"publish","type":"post","link":"https:\/\/www.luxor.cz\/blog\/recenze\/mapa-dni-dalsi-pribeh-podivnych-2273\/","title":{"rendered":"Mapa dn\u00ed, dal\u0161\u00ed p\u0159\u00edb\u011bh podivn\u00fdch"},"content":{"rendered":"<\/p>\n<\/p>\n<p>Pot\u00e9, co Jacob Portman a jeho podivn\u00ed p\u0159\u00e1tel\u00e9 vybojovali  svobodu ymbryn\u00e1m, zachr\u00e1nili du\u0161e podivn\u00fdch a t\u00e9m\u011b\u0159 vyhladili netvory, se  s\u00a0nimi op\u011bt setk\u00e1v\u00e1me o p\u00e1r m\u011bs\u00edc\u016f pozd\u011bji. Jen co se Jacob sm\u00ed\u0159il  s\u00a0\u017eivotem naoko norm\u00e1ln\u00edho chlapce, kter\u00fd odmaturuje na st\u0159edn\u00ed \u0161kole, se  mu sv\u011bt op\u011bt oto\u010dil vzh\u016fru nohama. Podivn\u00fd sv\u011bt si zvyk\u00e1 na nov\u00e1 pravidla a  ur\u010ditou svobodu, a stejn\u011b tak chr\u00e1n\u011bnci sle\u010dny Peregrinov\u00e9. Po resetu smy\u010dky  jsou najednou schopni pohybu v\u00a0sou\u010dasnosti, ani\u017e by jim hrozilo nebezpe\u010d\u00ed,  a rozhodnou se tohoto privilegia naplno vyu\u017e\u00edt k n\u00e1v\u0161t\u011bv\u011b Jacoba.<\/p>\n<p>Jacob, kter\u00fd se ze dne na den stal ve sv\u011bt\u011b podivn\u00fdch  v\u00a0podstat\u011b celebritou, je okam\u017eit\u011b rozhodnut\u00fd vydat se ve stop\u00e1ch sv\u00e9ho  slavn\u00e9ho d\u011bde\u010dka a poru\u0161it p\u00e1r pravidel. S\u00a0partou p\u0159\u00e1tel objevuje skryt\u00fd  odkaz, kter\u00fd mu star\u00fd Abe Portman zanechal, a postupn\u011b odhaluje nem\u00e1lo  tajemstv\u00ed z\u00a0jeho minulosti. <\/p>\n<p>D\u011bj autor <b>Ransom  Riggs<\/b> tentokr\u00e1t p\u0159esouv\u00e1 p\u0159ev\u00e1\u017en\u011b do Ameriky, kde d\u011bti p\u0159i pln\u011bn\u00ed mise  cestuj\u00ed neprob\u00e1dan\u00fdm \u00fazem\u00edm smy\u010dek, \u010del\u00ed velk\u00e9mu nebezpe\u010d\u00ed a zapl\u00e9taj\u00ed se do  politick\u00fdch ud\u00e1lost\u00ed klan\u016f podivn\u00fdch. Krom\u011b hlavn\u00ed linky m\u016f\u017eeme sledovat  samoz\u0159ejm\u011b i pokra\u010dov\u00e1n\u00ed Jacobova vztahu s\u00a0Emou, kter\u00fd ov\u0161em nen\u00ed tak idylick\u00fd,  jak se zd\u00e1lo. Postavy v\u0161ech d\u011bt\u00ed, a\u010d du\u0161\u00ed star\u00e9, ale v\u00a0t\u011ble teenager\u016f, se  vyv\u00edjej\u00ed a p\u0159izp\u016fsobuj\u00ed nov\u00e9 situaci, tzv. normalizaci. Povede se jim nen\u00e1padn\u011b  se vm\u00edsit mezi\u00a0norm\u00e1ln\u00ed lidi v\u00a0modern\u00edm sv\u011bt\u011b, kdy\u017e \u017eili t\u00e9m\u011b\u0159 cel\u00fd  sv\u016fj \u017eivot v\u00a0dob\u011b \u010dty\u0159ic\u00e1t\u00fdch let? Je zaj\u00edmav\u00e9 si uv\u011bdomit propastn\u00fd skok  t\u00e9m\u011b\u0159 v\u00a0ka\u017ed\u00e9m odv\u011btv\u00ed. Rozd\u00edlnost obl\u00e9k\u00e1n\u00ed, stravov\u00e1n\u00ed, technick\u00fd pokrok  a u\u017e\u00edv\u00e1n\u00ed v\u011bc\u00ed, kter\u00e9 n\u00e1m p\u0159ijdou b\u011b\u017en\u00e9 a p\u0159itom je\u0161t\u011b p\u00e1r des\u00edtek let nazp\u00e1tek  neexistovaly.<\/p>\n<p>Jak jsme ji\u017e u <b>Ransoma  Riggse<\/b> zvykl\u00ed, <b>Sirot\u010dinec sle\u010dny  Peregrinov\u00e9: Mapa dn\u00ed<\/b> je op\u011bt kniha pln\u00e1 r\u016fzn\u00fdch dobov\u00fdch a n\u011bkdy bizarn\u00edch  fotografi\u00ed dopl\u0148uj\u00edc\u00edch d\u011bj o dal\u0161\u00ed rozm\u011br. Stejn\u011b jako v\u00a0p\u0159edchoz\u00edch  d\u00edlech ocen\u00edte rozm\u00edst\u011bn\u00ed fotografi\u00ed pr\u016fb\u011b\u017en\u011b tak, \u017ee pasuj\u00ed p\u0159\u00edmo k\u00a0d\u011bji  a nemus\u00edte nikam listovat, abyste je dohled\u00e1vali. V\u00a0p\u0159\u00edb\u011bhu se Riggs nijak  nezdr\u017euje op\u011btovn\u00fdm vysv\u011btlov\u00e1n\u00edm pojm\u016f ze sv\u011bta podivn\u00fdch ani p\u0159edstavov\u00e1n\u00edm  postav. Je t\u00e9m\u011b\u0159 nezbytn\u00e9 \u010d\u00edst nejd\u0159\u00edve p\u0159edchoz\u00ed knihy, aby byl \u010dten\u00e1\u0159  v\u00a0obraze a nep\u0159ich\u00e1zel o po\u017eitek kv\u016fli nev\u011bdomosti. <\/p>\n<p>Dobrodru\u017estv\u00ed, kter\u00e9 se n\u00e1m otev\u0159elo v nejnov\u011bj\u0161\u00ed knize o  podivn\u00fdch d\u011btech, nab\u00edz\u00ed slibn\u00e9 zvraty a ne\u010dekan\u00fd v\u00fdvoj ud\u00e1lost\u00ed. Kon\u010d\u00ed pom\u011brn\u011b  n\u00e1hle, zrovna kdy\u017e o\u010dek\u00e1v\u00e1te odpov\u011bdi k nekone\u010dn\u00e9mu mno\u017estv\u00ed ot\u00e1zek. Nezb\u00fdv\u00e1  ne\u017e se t\u011b\u0161it na dal\u0161\u00ed knihu a doufat, \u017ee pokra\u010dov\u00e1n\u00ed bude co nevid\u011bt.<\/p>\n<p><\/p>\n<p>Mark\u00e9ta Psohlavcov\u00e1<\/p>\n<p><\/p>\n<p><\/p>\n","protected":false},"excerpt":{"rendered":"<p>Fanou\u0161ky s\u00e9rie knih Sirot\u010dince sle\u010dny Peregrinov\u00e9 pro podivn\u00e9 d\u011bti nejsp\u00ed\u0161 velmi p\u0159ekvapilo a pot\u011b\u0161ilo, kdy\u017e vy\u0161la letos v dubnu \u010dtvrt\u00e1 kniha, navazuj\u00edc\u00ed na p\u0159edchoz\u00ed zd\u00e1nliv\u011b uzav\u0159enou trilogii. Mapa dn\u00ed otev\u00edr\u00e1 br\u00e1ny nov\u00e9mu p\u0159\u00edb\u011bhu, po jeho\u017e p\u0159e\u010dten\u00ed zjist\u00edte, \u017ee se m\u016f\u017eeme t\u011b\u0161it na dal\u0161\u00ed pokra\u010dov\u00e1n\u00ed.<\/p>\n","protected":false},"author":2,"featured_media":4627,"comment_status":"open","ping_status":"open","sticky":false,"template":"","format":"standard","meta":{"_acf_changed":false,"_monsterinsights_skip_tracking":false,"_monsterinsights_sitenote_active":false,"_monsterinsights_sitenote_note":"","_monsterinsights_sitenote_category":0,"_EventAllDay":false,"_EventTimezone":"","_EventStartDate":"","_EventEndDate":"","_EventStartDateUTC":"","_EventEndDateUTC":"","_EventShowMap":false,"_EventShowMapLink":false,"_EventURL":"","_EventCost":"","_EventCostDescription":"","_EventCurrencySymbol":"","_EventCurrencyCode":"","_EventCurrencyPosition":"","_EventDateTimeSeparator":"","_EventTimeRangeSeparator":"","_EventOrganizerID":[],"_EventVenueID":[],"_OrganizerEmail":"","_OrganizerPhone":"","_OrganizerWebsite":"","_VenueAddress":"","_VenueCity":"","_VenueCountry":"","_VenueProvince":"","_VenueState":"","_VenueZip":"","_VenuePhone":"","_VenueURL":"","_VenueStateProvince":"","_VenueLat":"","_VenueLng":"","_VenueShowMap":false,"_VenueShowMapLink":false,"twitterCardType":"","cardImageID":0,"cardImage":"","cardTitle":"","cardDesc":"","cardImageAlt":"","cardPlayer":"","cardPlayerWidth":0,"cardPlayerHeight":0,"cardPlayerStream":"","cardPlayerCodec":"","footnotes":""},"categories":[7],"tags":[],"class_list":["post-4626","post","type-post","status-publish","format-standard","has-post-thumbnail","hentry","category-recenze"],"acf":{"related_products":null},"_links":{"self":[{"href":"https:\/\/www.luxor.cz\/blog\/wp-json\/wp\/v2\/posts\/4626","targetHints":{"allow":["GET"]}}],"collection":[{"href":"https:\/\/www.luxor.cz\/blog\/wp-json\/wp\/v2\/posts"}],"about":[{"href":"https:\/\/www.luxor.cz\/blog\/wp-json\/wp\/v2\/types\/post"}],"author":[{"embeddable":true,"href":"https:\/\/www.luxor.cz\/blog\/wp-json\/wp\/v2\/users\/2"}],"replies":[{"embeddable":true,"href":"https:\/\/www.luxor.cz\/blog\/wp-json\/wp\/v2\/comments?post=4626"}],"version-history":[{"count":0,"href":"https:\/\/www.luxor.cz\/blog\/wp-json\/wp\/v2\/posts\/4626\/revisions"}],"wp:featuredmedia":[{"embeddable":true,"href":"https:\/\/www.luxor.cz\/blog\/wp-json\/wp\/v2\/media\/4627"}],"wp:attachment":[{"href":"https:\/\/www.luxor.cz\/blog\/wp-json\/wp\/v2\/media?parent=4626"}],"wp:term":[{"taxonomy":"category","embeddable":true,"href":"https:\/\/www.luxor.cz\/blog\/wp-json\/wp\/v2\/categories?post=4626"},{"taxonomy":"post_tag","embeddable":true,"href":"https:\/\/www.luxor.cz\/blog\/wp-json\/wp\/v2\/tags?post=4626"}],"curies":[{"name":"wp","href":"https:\/\/api.w.org\/{rel}","templated":true}]}}