{"id":4624,"date":"2019-06-03T15:00:00","date_gmt":"2019-06-03T13:00:00","guid":{"rendered":"https:\/\/www.luxor.cz\/blog\/nezarazene\/jaky-je-osud-taznych-ptaku\/"},"modified":"2023-01-06T12:48:19","modified_gmt":"2023-01-06T11:48:19","slug":"jaky-je-osud-taznych-ptaku-2272","status":"publish","type":"post","link":"https:\/\/www.luxor.cz\/blog\/souteze\/jaky-je-osud-taznych-ptaku-2272\/","title":{"rendered":"Jak\u00fd je Osud ta\u017en\u00fdch pt\u00e1k\u016f?"},"content":{"rendered":"<\/p>\n<p>Mok\u0159ady z\u00e1padn\u00edho Nizozem\u00ed jsou \u00fato\u010di\u0161t\u011bm ptactva,  kter\u00e9 fascinuje nad\u011bjn\u00e9ho biologa Maartena. Pravideln\u011b vyplouv\u00e1 na sv\u00e1  pozorov\u00e1n\u00ed, aby v p\u0159\u00edrod\u011b na\u0161el harmonii, kterou postr\u00e1d\u00e1 mezi lidmi. P\u0159\u00edb\u011bh se  plynule pohybuje mezi p\u0159\u00edtomnost\u00ed a minulost\u00ed.<\/p>\n<p>Minulost \u010dten\u00e1\u0159i odkr\u00fdv\u00e1 p\u0159\u00edsnou  kalvinistickou v\u00fdchovu jedin\u00e1\u010dka v rodin\u011b zelin\u00e1\u0159e v pades\u00e1t\u00fdch letech, v  p\u0159\u00edtomnosti sledujeme Maartenovu l\u00e1skyplnou p\u00e9\u010di o um\u00edraj\u00edc\u00ed matku, jeho  badatelsk\u00e9 v\u00fdpravy a snahu o sbl\u00ed\u017een\u00ed se \u017eenami, kter\u00e9 komplikuj\u00ed jeho vnit\u0159n\u00ed  strachy.<\/p>\n<p>Cit pro vn\u00edm\u00e1n\u00ed p\u0159\u00edrody, jemn\u00e9 psychologick\u00e9 post\u0159ehy a intenzivn\u00ed  dramatick\u00e9 sc\u00e9ny zajistily autobiografick\u00e9mu rom\u00e1nu p\u0159\u00edze\u0148 evropsk\u00fdch \u010dten\u00e1\u0159\u016f.  Knihy, kter\u00e1 byla t\u00e9\u017e zfilmov\u00e1na, se prodalo ji\u017e dva a p\u016fl milionu v\u00fdtisk\u016f.<\/p>\n<p>Zodpov\u011bzte spr\u00e1vn\u011b v\u0161echny ot\u00e1zky a pak si dr\u017ete palce, kniha m\u016f\u017ee b\u00fdt va\u0161e&#8230;<\/p>\n<p><\/p>\n<p><\/p>\n<p><b>Sout\u011b\u017e trv\u00e1 do 6. 6. a knihu m\u00e1me p\u0159ipravenou pro 5 v\u00fdherc\u016f.<\/b><\/p>\n<p>Sout\u011b\u017e je ji\u017e vyhodnocena, knihu z\u00edsk\u00e1vaj\u00ed: Josef J., Marta P., Krist\u00fdna B., Michaela \u017d. a Mark\u00e9ta P. Gratulujeme!<\/p>\n<p><\/p>\n<p><b><\/b><\/p>\n","protected":false},"excerpt":{"rendered":"<p>Maarten\u2019t Hart napsal celosv\u011btov\u011b \u00fasp\u011b\u0161n\u00fd p\u0159\u00edb\u011bh o harmonii s p\u0159\u00edrodou, psychologii mezilidsk\u00fdch vztah\u016f a nesm\u011blosti mlad\u00e9ho biologa p\u0159i seznamov\u00e1n\u00ed s opa\u010dn\u00fdm pohlav\u00edm\u2026 a vy m\u016f\u017eete knihu Osud ta\u017en\u00fdch pt\u00e1k\u016f vyhr\u00e1t.<\/p>\n","protected":false},"author":2,"featured_media":4625,"comment_status":"open","ping_status":"open","sticky":false,"template":"","format":"standard","meta":{"_acf_changed":false,"_monsterinsights_skip_tracking":false,"_monsterinsights_sitenote_active":false,"_monsterinsights_sitenote_note":"","_monsterinsights_sitenote_category":0,"_EventAllDay":false,"_EventTimezone":"","_EventStartDate":"","_EventEndDate":"","_EventStartDateUTC":"","_EventEndDateUTC":"","_EventShowMap":false,"_EventShowMapLink":false,"_EventURL":"","_EventCost":"","_EventCostDescription":"","_EventCurrencySymbol":"","_EventCurrencyCode":"","_EventCurrencyPosition":"","_EventDateTimeSeparator":"","_EventTimeRangeSeparator":"","_EventOrganizerID":[],"_EventVenueID":[],"_OrganizerEmail":"","_OrganizerPhone":"","_OrganizerWebsite":"","_VenueAddress":"","_VenueCity":"","_VenueCountry":"","_VenueProvince":"","_VenueState":"","_VenueZip":"","_VenuePhone":"","_VenueURL":"","_VenueStateProvince":"","_VenueLat":"","_VenueLng":"","_VenueShowMap":false,"_VenueShowMapLink":false,"twitterCardType":"","cardImageID":0,"cardImage":"","cardTitle":"","cardDesc":"","cardImageAlt":"","cardPlayer":"","cardPlayerWidth":0,"cardPlayerHeight":0,"cardPlayerStream":"","cardPlayerCodec":"","footnotes":""},"categories":[9],"tags":[],"class_list":["post-4624","post","type-post","status-publish","format-standard","has-post-thumbnail","hentry","category-souteze"],"acf":{"related_products":null},"_links":{"self":[{"href":"https:\/\/www.luxor.cz\/blog\/wp-json\/wp\/v2\/posts\/4624","targetHints":{"allow":["GET"]}}],"collection":[{"href":"https:\/\/www.luxor.cz\/blog\/wp-json\/wp\/v2\/posts"}],"about":[{"href":"https:\/\/www.luxor.cz\/blog\/wp-json\/wp\/v2\/types\/post"}],"author":[{"embeddable":true,"href":"https:\/\/www.luxor.cz\/blog\/wp-json\/wp\/v2\/users\/2"}],"replies":[{"embeddable":true,"href":"https:\/\/www.luxor.cz\/blog\/wp-json\/wp\/v2\/comments?post=4624"}],"version-history":[{"count":0,"href":"https:\/\/www.luxor.cz\/blog\/wp-json\/wp\/v2\/posts\/4624\/revisions"}],"wp:featuredmedia":[{"embeddable":true,"href":"https:\/\/www.luxor.cz\/blog\/wp-json\/wp\/v2\/media\/4625"}],"wp:attachment":[{"href":"https:\/\/www.luxor.cz\/blog\/wp-json\/wp\/v2\/media?parent=4624"}],"wp:term":[{"taxonomy":"category","embeddable":true,"href":"https:\/\/www.luxor.cz\/blog\/wp-json\/wp\/v2\/categories?post=4624"},{"taxonomy":"post_tag","embeddable":true,"href":"https:\/\/www.luxor.cz\/blog\/wp-json\/wp\/v2\/tags?post=4624"}],"curies":[{"name":"wp","href":"https:\/\/api.w.org\/{rel}","templated":true}]}}