{"id":4614,"date":"2019-05-24T14:53:00","date_gmt":"2019-05-24T12:53:00","guid":{"rendered":"https:\/\/www.luxor.cz\/blog\/nezarazene\/zasilka-z-knihozeme-opet-prinasi-vyber-nejkrasnejsich-knih-pro-deti\/"},"modified":"2023-01-06T12:54:16","modified_gmt":"2023-01-06T11:54:16","slug":"zasilka-z-knihozeme-opet-prinasi-vyber-nejkrasnejsich-knih-pro-deti-2267","status":"publish","type":"post","link":"https:\/\/www.luxor.cz\/blog\/nezarazene\/zasilka-z-knihozeme-opet-prinasi-vyber-nejkrasnejsich-knih-pro-deti-2267\/","title":{"rendered":"Z\u00e1silka z Knihozem\u011b op\u011bt p\u0159in\u00e1\u0161\u00ed v\u00fdb\u011br nejkr\u00e1sn\u011bj\u0161\u00edch knih pro d\u011bti"},"content":{"rendered":"<\/p>\n<p>Z\u00e1silka z\u00a0Knihozem\u011b letos\u00a0nab\u00eddne i  nad\u010dasovou klasiku <i>Mal\u00fd princ<\/i>. Kniha,  kter\u00e1 v\u00a0\u010desk\u00e9m p\u0159ekladu vy\u0161la poprv\u00e9 v\u00a0roce 1959 ohromuje v\u00fdjime\u010dn\u00fdm  zpracov\u00e1n\u00edm.\u00a0Nov\u00e9 vyd\u00e1n\u00ed toti\u017e doprov\u00e1z\u00ed fotoilustrace\u00a0Eli\u0161ky  Podzimkov\u00e9, kter\u00e9 vznikly a\u017e na Islandu: <i>\u201eOd za\u010d\u00e1tku jsem na sto procent  v\u011bd\u011bla, \u017ee bych cht\u011bla fotky k ilustrac\u00edm fotit pr\u00e1v\u011b na Islandu. P\u0159\u00edb\u011bh Mal\u00e9ho  prince je kr\u00e1sn\u011b melancholick\u00fd, \u010dist\u00fd a tajemn\u00fd, stejn\u011b jako tenhle seversk\u00fd  drsn\u00fd ostrov pln\u00fd m\u00fdt\u016f a rozlehl\u00fdch mechov\u00fdch pol\u00ed. Vypad\u00e1 to tam trochu jako  na jin\u00e9 planet\u011b. Nebo na asteroidu B6012?<\/i>\u201c\u00a0<\/p>\n<p>Pro star\u0161\u00ed d\u011bti nab\u00edz\u00ed Z\u00e1silka z\u00a0Knihozem\u011b  fascinuj\u00edc\u00ed velkoform\u00e1tov\u00fd <i>Atlas vyhuben\u00fdch \u017eivo\u010dich\u016f<\/i> nebo  dobrodru\u017en\u00fd p\u0159\u00edb\u011bh s\u00a0n\u00e1dhern\u00fdmi ilustracemi dua Tomski &#038; Polanski <i>Vilma b\u011b\u017e\u00ed o \u017eivot<\/i>. Mal\u00e9  d\u011bti okouzl\u00ed p\u016fvabn\u011b ilustrovan\u00fd p\u0159\u00edb\u011bh o s\u00edle p\u0159\u00e1telstv\u00ed <i>My\u0161\u00e1k jm\u00e9nem Julian<\/i> nebo  netradi\u010dn\u00ed hrav\u00e9 zpracov\u00e1n\u00ed knihy <i>Strom<\/i>, kterou  si d\u011bti seskl\u00e1daj\u00ed ve velk\u00fd ko\u0161at\u00fd strom a poznaj\u00ed tajemn\u00fd sv\u011bt, kter\u00fd se  skr\u00fdv\u00e1 v\u00a0ko\u0159enech, pod k\u016frou i v\u00a0korun\u00e1ch strom\u016f. Pro nejmen\u0161\u00ed d\u011bti  nechyb\u00ed ani leporelo s\u00a0pohybliv\u00fdmi obr\u00e1zky <i>Medv\u00eddek na farm\u011b<\/i>. V\u00fdb\u011br  je zkr\u00e1tka \u0161irok\u00fd!\u00a0<\/p>\n<p><\/p>\n<p><b><br \/><\/b><\/p>\n<p><b><i>K n\u00e1kupu kn\u00ed\u017eky z Knihozem\u011b <\/i><\/b><b><i>nav\u00edc dostanete  zdarma dal\u0161\u00ed knihu jako d\u00e1rek.\u00a0Akce plat\u00ed do vyprod\u00e1n\u00ed  z\u00e1sob nebo do 30. \u010dervna.<\/i>\u00a0<\/b><\/p>\n<p><\/p>\n","protected":false},"excerpt":{"rendered":"<p>Konec kv\u011btna bude i letos pat\u0159it d\u011btsk\u00fdm knih\u00e1m! Z\u00e1silka z Knihozem\u011b toti\u017e po roce op\u011bt p\u0159inese v\u00fdb\u011br dvan\u00e1cti nejkr\u00e1sn\u011bj\u0161\u00edch knih pro d\u011bti do 12 let. Na tituly r\u016fzn\u00fdch \u017e\u00e1nr\u016f, pro kluky i holky, beletrie, encyklopedie, obr\u00e1zkov\u00e9 kn\u00ed\u017eky pro nejmen\u0161\u00ed d\u011bti, ale tak\u00e9 na nov\u011b zpracovan\u00e9 vyd\u00e1n\u00ed Mal\u00e9ho prince se m\u016f\u017eete t\u011b\u0161it u\u017e 23. kv\u011btna.<\/p>\n","protected":false},"author":2,"featured_media":4615,"comment_status":"open","ping_status":"open","sticky":false,"template":"","format":"standard","meta":{"_acf_changed":false,"_monsterinsights_skip_tracking":false,"_monsterinsights_sitenote_active":false,"_monsterinsights_sitenote_note":"","_monsterinsights_sitenote_category":0,"_EventAllDay":false,"_EventTimezone":"","_EventStartDate":"","_EventEndDate":"","_EventStartDateUTC":"","_EventEndDateUTC":"","_EventShowMap":false,"_EventShowMapLink":false,"_EventURL":"","_EventCost":"","_EventCostDescription":"","_EventCurrencySymbol":"","_EventCurrencyCode":"","_EventCurrencyPosition":"","_EventDateTimeSeparator":"","_EventTimeRangeSeparator":"","_EventOrganizerID":[],"_EventVenueID":[],"_OrganizerEmail":"","_OrganizerPhone":"","_OrganizerWebsite":"","_VenueAddress":"","_VenueCity":"","_VenueCountry":"","_VenueProvince":"","_VenueState":"","_VenueZip":"","_VenuePhone":"","_VenueURL":"","_VenueStateProvince":"","_VenueLat":"","_VenueLng":"","_VenueShowMap":false,"_VenueShowMapLink":false,"twitterCardType":"","cardImageID":0,"cardImage":"","cardTitle":"","cardDesc":"","cardImageAlt":"","cardPlayer":"","cardPlayerWidth":0,"cardPlayerHeight":0,"cardPlayerStream":"","cardPlayerCodec":"","footnotes":""},"categories":[1],"tags":[],"class_list":["post-4614","post","type-post","status-publish","format-standard","has-post-thumbnail","hentry","category-nezarazene"],"acf":{"related_products":null},"_links":{"self":[{"href":"https:\/\/www.luxor.cz\/blog\/wp-json\/wp\/v2\/posts\/4614","targetHints":{"allow":["GET"]}}],"collection":[{"href":"https:\/\/www.luxor.cz\/blog\/wp-json\/wp\/v2\/posts"}],"about":[{"href":"https:\/\/www.luxor.cz\/blog\/wp-json\/wp\/v2\/types\/post"}],"author":[{"embeddable":true,"href":"https:\/\/www.luxor.cz\/blog\/wp-json\/wp\/v2\/users\/2"}],"replies":[{"embeddable":true,"href":"https:\/\/www.luxor.cz\/blog\/wp-json\/wp\/v2\/comments?post=4614"}],"version-history":[{"count":0,"href":"https:\/\/www.luxor.cz\/blog\/wp-json\/wp\/v2\/posts\/4614\/revisions"}],"wp:featuredmedia":[{"embeddable":true,"href":"https:\/\/www.luxor.cz\/blog\/wp-json\/wp\/v2\/media\/4615"}],"wp:attachment":[{"href":"https:\/\/www.luxor.cz\/blog\/wp-json\/wp\/v2\/media?parent=4614"}],"wp:term":[{"taxonomy":"category","embeddable":true,"href":"https:\/\/www.luxor.cz\/blog\/wp-json\/wp\/v2\/categories?post=4614"},{"taxonomy":"post_tag","embeddable":true,"href":"https:\/\/www.luxor.cz\/blog\/wp-json\/wp\/v2\/tags?post=4614"}],"curies":[{"name":"wp","href":"https:\/\/api.w.org\/{rel}","templated":true}]}}