{"id":4612,"date":"2019-05-23T15:03:00","date_gmt":"2019-05-23T13:03:00","guid":{"rendered":"https:\/\/www.luxor.cz\/blog\/nezarazene\/dovolena-s\/"},"modified":"2023-01-06T12:54:16","modified_gmt":"2023-01-06T11:54:16","slug":"dovolena-s-2266","status":"publish","type":"post","link":"https:\/\/www.luxor.cz\/blog\/rozhovor\/dovolena-s-2266\/","title":{"rendered":"Dovolen\u00e1 s&#8230;"},"content":{"rendered":"<\/p>\n<p>Dalo by se \u0159\u00edct, \u017ee v\u00a0posledn\u00ed dob\u011b jezd\u00edme  s\u00a0rodinou na nen\u00e1ro\u010dn\u00e9 dovolen\u00e9. M\u016f\u017ee za to dvoulet\u00e1 \u00c1ja, kter\u00e9 se v\u0161echno  p\u0159izp\u016fsobuje. Miluje l\u00e9t\u00e1n\u00ed. Na leti\u0161ti si stra\u0161n\u011b r\u00e1da leh\u00e1 na zem  v\u00a0m\u00edstech, kudy proch\u00e1z\u00ed davy lid\u00ed. Bav\u00ed ji, \u017ee ji mus\u00ed obch\u00e1zet.  V\u00a0letadle nad\u0161en\u011b sk\u00e1\u010de po seda\u010dk\u00e1ch a krade cestuj\u00edc\u00edm pap\u00edrov\u00e9  podhlavn\u00edky, do kter\u00fdch smrk\u00e1, p\u0159esto\u017ee nem\u00e1 co vysmrk\u00e1vat. Kdy\u017e u\u017e si mus\u00ed  sednout, tak jedin\u011b na skl\u00e1p\u011bc\u00ed j\u00eddeln\u00ed stolek. Ani b\u011bhem sebedel\u0161\u00edho letu  neusne. Pokud se sna\u017e\u00edm jej\u00ed spont\u00e1nn\u00ed divokost jakkoli usm\u011brnit a vychov\u00e1vat  ji, h\u00e1z\u00ed hlavou ze strany na stranu a vlastn\u00edmi copy se nad\u0161en\u011b pl\u00e1c\u00e1 do tv\u00e1\u0159e.  V\u00a0z\u00e1sad\u011b se s\u00a0n\u00ed ned\u00e1 domluvit. \u010c\u00e1ste\u010dn\u011b taky proto, \u017ee nemluv\u00ed.<\/p>\n<\/p>\n<p>V\u011bt\u0161inou jezd\u00edme n\u011bkam k\u00a0mo\u0159i na \u0161irok\u00e9 p\u00eds\u010dit\u00e9 pl\u00e1\u017ee,  kde kybl\u00edkujeme a b\u00e1bovkujeme a jej\u00ed o jeden\u00e1ct let star\u0161\u00ed br\u00e1cha ji zahrab\u00e1v\u00e1  a stav\u00ed pro ni bunkry. U\u017e dlouho kv\u016fli vra\u017eedn\u00e9 kombinaci mno\u017estv\u00ed pr\u00e1ce a  rodi\u010dovsk\u00fdch povinnost\u00ed nest\u00edh\u00e1m sportovat. B\u011bh\u00e1m prakticky jen tehdy, kdy\u017e se  sna\u017e\u00edm odn\u011bkud nepozorovan\u011b ut\u00e9ct, aby \u00c1ja nevid\u011bla, \u017ee odch\u00e1z\u00edm. Posledn\u011b  s\u00a0n\u00e1mi jel k\u00a0mo\u0159i d\u011bda, a kdy\u017e se osm\u011blil \u00c1ju hl\u00eddat, sprintovali  jsme s\u00a0man\u017eelkou z\u00a0pl\u00e1\u017ee tak rychle, \u017ee jsem si brut\u00e1ln\u011b nat\u00e1hl svaly  na stehnech i zadku. P\u0159ed vlastn\u00edm d\u00edt\u011btem ale \u010dlov\u011bk stejn\u011b neute\u010de. I kdy\u017e  odjedu na jednu ze sv\u00fdch pravideln\u00fdch n\u011bkolikadenn\u00edch cest do Vysok\u00fdch Tater,  kde si u\u017e\u00edv\u00e1m samoty a chod\u00edm po hor\u00e1ch, po\u0159\u00e1d budu na \u00c1ju myslet. T\u0159eba si p\u0159edstav\u00edm,  \u017ee jednou bude nabu\u0161enou cvi\u010ditelkou aerobiku a ponese mi p\u0159es Prie\u010dne sedlo  batoh. Narodila se mi ve \u010dty\u0159iceti, tak\u017ee se mi ten sen mo\u017en\u00e1 spln\u00ed, a\u017e mi pot\u00e1hne  na \u0161edes\u00e1t\u2026<\/p>\n<p>    P\u0159izn\u00e1m se, \u017ee na leto\u0161n\u00ed l\u00e9to se sice t\u011b\u0161\u00edm, ale taky  se ho trochu boj\u00edm. Proto\u017ee \u00c1ja vytrvale odm\u00edt\u00e1 chodit na no\u010dn\u00edk a tla\u010d\u00ed do  pl\u00ednek, co\u017e zaryt\u011b taj\u00ed, \u010dek\u00e1 n\u00e1s pokus o vym\u011b\u0161ovac\u00ed bezpl\u00ednkovou kultivaci. U\u017e  jsem to kdysi za\u017eil u Hynka, tak\u017ee se ob\u00e1v\u00e1m, \u017ee budu nar\u00e1\u017eet na jej\u00ed hrom\u00e1dky  na t\u011bch nejz\u00e1ke\u0159n\u011bj\u0161\u00edch m\u00edstech. V\u0161em, kte\u0159\u00ed si mohou u\u017e\u00edvat luxusu dovolen\u00e9  bez hoven, p\u0159eju kr\u00e1sn\u00e9 l\u00e9to! A t\u011bm ostatn\u00edm pevn\u00e9 nervy. \ud83d\ude42<\/p>\n<p><\/p>\n<\/p>\n<p><b>1)  Kde si nejv\u00edc odpo\u010dinu?<\/b><\/p>\n<p>U bic\u00edch ve sv\u00e9  divadeln\u00ed pracovn\u011b. Nasad\u00edm si sluch\u00e1tka, ml\u00e1t\u00edm do bubn\u016f a b\u011bhem dvou minut  m\u00e1m v\u00a0hlav\u011b \u00fapln\u011b vygumov\u00e1no.<\/p>\n<p><\/p>\n<p><b>2)  Bez koho\/\u010deho se na dovolen\u00e9 neobejdu?<\/b><\/p>\n<p>Pot\u0159ebuju m\u00edt  mo\u017enost jen tak \u010du\u010det. Koukat na lidi nebo na p\u0159\u00edrodu a nemluvit. R\u00e1d pozoruju  sv\u011bt. A nejrad\u0161i lidi v\u00a0plavk\u00e1ch. To m\u00e1 z\u00e1rove\u0148 p\u0159\u00edjemn\u011b dr\u00e1\u017ediv\u00fd i  komick\u00fd potenci\u00e1l. <\/p>\n<p><\/p>\n<p><b>3) Co  mi nesm\u00ed chyb\u011bt v\u00a0cestovn\u00edm kufru?<\/b><\/p>\n<p>D\u011btsk\u00e9 pi\u0161kot\u00edky,  dudel a spousta r\u016fzn\u00fdch ovocn\u00fdch ty\u010dinek. Jedin\u00e9, \u010d\u00edm zaru\u010den\u011b uspokoj\u00edm svou  emocion\u00e1ln\u011b pronikavou dceru, je ucp\u00e1n\u00ed pusiny j\u00eddlem nebo silikonem.<\/p>\n<p><\/p>\n<p><b>4) Na  kterou dovolenou nikdy nezapomenu?<\/b><\/p>\n<p>Havaj. Tam bylo  fakt kr\u00e1sn\u011b. Permanentn\u011b propocen\u00ed jsme chodili pralesem a mezi sopkami. Za  \u0161est t\u00fddn\u016f jsem zhubl sedm kilo. <\/p>\n<p><\/p>\n<p><b>5)  M\u00edsto na sv\u011bt\u011b, kde to m\u00e1m opravdu r\u00e1d?<\/b><\/p>\n<p>Nejl\u00edp je mi doma. Miluju  Prahu. A nov\u011b jsem se zamiloval do Jizersk\u00fdch hor. <\/p>\n<p><\/p>\n<\/p>\n<p><b>6)  Doprava po silnici, vzduchem nebo po vod\u011b?<\/b><\/p>\n<p>Nem\u00e1m r\u00e1d \u017e\u00e1dn\u00e9  p\u0159esuny. V\u017edycky jsem nerv\u00f3zn\u00ed. Nejv\u00edc mi vyhovuje chodit p\u011b\u0161ky. <\/p>\n<p><\/p>\n<p><b>7)  Jak pro\u017e\u00edv\u00e1m n\u00e1vraty z\u00a0dovolen\u00e9?<\/b><\/p>\n<p>V\u017edycky jsem  v\u00a0euforii, \u017ee u\u017e se m\u016f\u017eu vr\u00e1tit do pr\u00e1ce. Bez psan\u00ed bych se zcvoknul. <\/p>\n<p><\/p>\n<p><i>Rozhovor s Patrikem Hartlem, magaz\u00edn Page, \u010derven 2019<\/i><\/p>\n<p>    <i><br \/><\/i><\/p>\n<p><\/p>\n","protected":false},"excerpt":{"rendered":"<p>Patrik Hartl je \u00fasp\u011b\u0161n\u00fd re\u017eis\u00e9r a spisovatel, jeho\u017e kn\u00ed\u017eky jste ur\u010dit\u011b \u010detli nebo jste o nich minim\u00e1ln\u011b sly\u0161eli&#8230; Jak vypad\u00e1 dovolen\u00e1 Patrika Hartla? Dozv\u00edte se v rozhovoru, kter\u00fd poskytl magaz\u00ednu Page.<\/p>\n","protected":false},"author":2,"featured_media":4613,"comment_status":"open","ping_status":"open","sticky":false,"template":"","format":"standard","meta":{"_acf_changed":false,"_monsterinsights_skip_tracking":false,"_monsterinsights_sitenote_active":false,"_monsterinsights_sitenote_note":"","_monsterinsights_sitenote_category":0,"_EventAllDay":false,"_EventTimezone":"","_EventStartDate":"","_EventEndDate":"","_EventStartDateUTC":"","_EventEndDateUTC":"","_EventShowMap":false,"_EventShowMapLink":false,"_EventURL":"","_EventCost":"","_EventCostDescription":"","_EventCurrencySymbol":"","_EventCurrencyCode":"","_EventCurrencyPosition":"","_EventDateTimeSeparator":"","_EventTimeRangeSeparator":"","_EventOrganizerID":[],"_EventVenueID":[],"_OrganizerEmail":"","_OrganizerPhone":"","_OrganizerWebsite":"","_VenueAddress":"","_VenueCity":"","_VenueCountry":"","_VenueProvince":"","_VenueState":"","_VenueZip":"","_VenuePhone":"","_VenueURL":"","_VenueStateProvince":"","_VenueLat":"","_VenueLng":"","_VenueShowMap":false,"_VenueShowMapLink":false,"twitterCardType":"","cardImageID":0,"cardImage":"","cardTitle":"","cardDesc":"","cardImageAlt":"","cardPlayer":"","cardPlayerWidth":0,"cardPlayerHeight":0,"cardPlayerStream":"","cardPlayerCodec":"","footnotes":""},"categories":[8],"tags":[],"class_list":["post-4612","post","type-post","status-publish","format-standard","has-post-thumbnail","hentry","category-rozhovor"],"acf":{"related_products":null},"_links":{"self":[{"href":"https:\/\/www.luxor.cz\/blog\/wp-json\/wp\/v2\/posts\/4612","targetHints":{"allow":["GET"]}}],"collection":[{"href":"https:\/\/www.luxor.cz\/blog\/wp-json\/wp\/v2\/posts"}],"about":[{"href":"https:\/\/www.luxor.cz\/blog\/wp-json\/wp\/v2\/types\/post"}],"author":[{"embeddable":true,"href":"https:\/\/www.luxor.cz\/blog\/wp-json\/wp\/v2\/users\/2"}],"replies":[{"embeddable":true,"href":"https:\/\/www.luxor.cz\/blog\/wp-json\/wp\/v2\/comments?post=4612"}],"version-history":[{"count":0,"href":"https:\/\/www.luxor.cz\/blog\/wp-json\/wp\/v2\/posts\/4612\/revisions"}],"wp:featuredmedia":[{"embeddable":true,"href":"https:\/\/www.luxor.cz\/blog\/wp-json\/wp\/v2\/media\/4613"}],"wp:attachment":[{"href":"https:\/\/www.luxor.cz\/blog\/wp-json\/wp\/v2\/media?parent=4612"}],"wp:term":[{"taxonomy":"category","embeddable":true,"href":"https:\/\/www.luxor.cz\/blog\/wp-json\/wp\/v2\/categories?post=4612"},{"taxonomy":"post_tag","embeddable":true,"href":"https:\/\/www.luxor.cz\/blog\/wp-json\/wp\/v2\/tags?post=4612"}],"curies":[{"name":"wp","href":"https:\/\/api.w.org\/{rel}","templated":true}]}}