{"id":4592,"date":"2019-05-13T17:33:00","date_gmt":"2019-05-13T15:33:00","guid":{"rendered":"https:\/\/www.luxor.cz\/blog\/nezarazene\/tiche-roky-vas-nenechaji-v-klidu\/"},"modified":"2023-01-06T12:54:16","modified_gmt":"2023-01-06T11:54:16","slug":"tiche-roky-vas-nenechaji-v-klidu-2255","status":"publish","type":"post","link":"https:\/\/www.luxor.cz\/blog\/souteze\/tiche-roky-vas-nenechaji-v-klidu-2255\/","title":{"rendered":"Tich\u00e9 roky v\u00e1s nenechaj\u00ed v klidu"},"content":{"rendered":"<\/p>\n<p><b><\/b><\/p>\n<p><b><\/b><\/p>\n<p><b>Alena Morn\u0161tajnov\u00e1<\/b>  u\u017e se zapsala do srdc\u00ed \u010dten\u00e1\u0159\u016f sv\u00fdmi t\u0159emi knihami a nyn\u00ed p\u0159ich\u00e1z\u00ed s\u00a0nov\u00fdm  rom\u00e1nem Tich\u00e9 roky. Cht\u011bli byste si doplnit sb\u00edrku o dal\u0161\u00ed kr\u00e1sn\u00fd p\u0159\u00edb\u011bh? Poj\u010fte  s\u00a0n\u00e1mi sout\u011b\u017eit!<\/p>\n<p>A pozor, ka\u017ed\u00fd v\u00fdherce dostane jako mal\u00e9 p\u0159ekvapen\u00ed je\u0161t\u011b  jednu z\u00a0p\u0159ede\u0161l\u00fdch knih Aleny Morn\u0161tajnov\u00e9 jako speci\u00e1ln\u00ed p\u0159ekvapen\u00ed\u2026<\/p>\n<p><\/p>\n<p><\/p>\n<p>Sout\u011b\u017e trv\u00e1 do 16. 5., v\u00fdhru m\u00e1me p\u0159ipravenou pro t\u0159i  \u0161\u0165astn\u00e9 v\u00fdherce.<\/p>\n<p><\/p>\n<p>Sout\u011b\u017e je ji\u017e vyhodnocena, kn\u00ed\u017eky z\u00edsk\u00e1vaj\u00ed: O. Sp\u00e1\u010dilov\u00e1, M. Smetanov\u00e1, P. \u010cern\u00fd<\/p>\n<p><\/p>\n<p><\/p>\n","protected":false},"excerpt":{"rendered":"<p>Co v\u0161echno nev\u00edme o sv\u00fdch nejbli\u017e\u0161\u00edch? Novinka Tich\u00e9 roky od autorky obl\u00edben\u00e9ho rom\u00e1nu Hana. Stejn\u011b jako u rom\u00e1nu Hana v\u0161ak jde o siln\u00fd, strhuj\u00edc\u00edm zp\u016fsobem vypr\u00e1v\u011bn\u00fd p\u0159\u00edb\u011bh, kter\u00fd si \u010dten\u00e1\u0159e podman\u00ed od prvn\u00ed do posledn\u00ed str\u00e1nky.<\/p>\n","protected":false},"author":2,"featured_media":4593,"comment_status":"open","ping_status":"open","sticky":false,"template":"","format":"standard","meta":{"_acf_changed":false,"_monsterinsights_skip_tracking":false,"_monsterinsights_sitenote_active":false,"_monsterinsights_sitenote_note":"","_monsterinsights_sitenote_category":0,"_EventAllDay":false,"_EventTimezone":"","_EventStartDate":"","_EventEndDate":"","_EventStartDateUTC":"","_EventEndDateUTC":"","_EventShowMap":false,"_EventShowMapLink":false,"_EventURL":"","_EventCost":"","_EventCostDescription":"","_EventCurrencySymbol":"","_EventCurrencyCode":"","_EventCurrencyPosition":"","_EventDateTimeSeparator":"","_EventTimeRangeSeparator":"","_EventOrganizerID":[],"_EventVenueID":[],"_OrganizerEmail":"","_OrganizerPhone":"","_OrganizerWebsite":"","_VenueAddress":"","_VenueCity":"","_VenueCountry":"","_VenueProvince":"","_VenueState":"","_VenueZip":"","_VenuePhone":"","_VenueURL":"","_VenueStateProvince":"","_VenueLat":"","_VenueLng":"","_VenueShowMap":false,"_VenueShowMapLink":false,"twitterCardType":"","cardImageID":0,"cardImage":"","cardTitle":"","cardDesc":"","cardImageAlt":"","cardPlayer":"","cardPlayerWidth":0,"cardPlayerHeight":0,"cardPlayerStream":"","cardPlayerCodec":"","footnotes":""},"categories":[9],"tags":[],"class_list":["post-4592","post","type-post","status-publish","format-standard","has-post-thumbnail","hentry","category-souteze"],"acf":{"related_products":null},"_links":{"self":[{"href":"https:\/\/www.luxor.cz\/blog\/wp-json\/wp\/v2\/posts\/4592","targetHints":{"allow":["GET"]}}],"collection":[{"href":"https:\/\/www.luxor.cz\/blog\/wp-json\/wp\/v2\/posts"}],"about":[{"href":"https:\/\/www.luxor.cz\/blog\/wp-json\/wp\/v2\/types\/post"}],"author":[{"embeddable":true,"href":"https:\/\/www.luxor.cz\/blog\/wp-json\/wp\/v2\/users\/2"}],"replies":[{"embeddable":true,"href":"https:\/\/www.luxor.cz\/blog\/wp-json\/wp\/v2\/comments?post=4592"}],"version-history":[{"count":0,"href":"https:\/\/www.luxor.cz\/blog\/wp-json\/wp\/v2\/posts\/4592\/revisions"}],"wp:featuredmedia":[{"embeddable":true,"href":"https:\/\/www.luxor.cz\/blog\/wp-json\/wp\/v2\/media\/4593"}],"wp:attachment":[{"href":"https:\/\/www.luxor.cz\/blog\/wp-json\/wp\/v2\/media?parent=4592"}],"wp:term":[{"taxonomy":"category","embeddable":true,"href":"https:\/\/www.luxor.cz\/blog\/wp-json\/wp\/v2\/categories?post=4592"},{"taxonomy":"post_tag","embeddable":true,"href":"https:\/\/www.luxor.cz\/blog\/wp-json\/wp\/v2\/tags?post=4592"}],"curies":[{"name":"wp","href":"https:\/\/api.w.org\/{rel}","templated":true}]}}