{"id":4568,"date":"2019-04-15T16:04:00","date_gmt":"2019-04-15T14:04:00","guid":{"rendered":"https:\/\/www.luxor.cz\/blog\/nezarazene\/tyden-v-knihach-8\/"},"modified":"2023-01-06T13:12:59","modified_gmt":"2023-01-06T12:12:59","slug":"tyden-v-knihach-8-2243","status":"publish","type":"post","link":"https:\/\/www.luxor.cz\/blog\/nezarazene\/tyden-v-knihach-8-2243\/","title":{"rendered":"T\u00ddDEN V KNIH\u00c1CH #8"},"content":{"rendered":"<\/p>\n<p>Vyjde nejnov\u011bj\u0161\u00ed kniha <b>Delphine de Vigan<\/b>, francouzsk\u00e9 autorce  bestseller\u016f, kter\u00e1 n\u00e1s ned\u00e1vno nav\u0161t\u00edvila v Praze. Kniha se bude jmenovat <b>Pod\u011bkov\u00e1n\u00ed<\/b> a jej\u00ed vyd\u00e1n\u00ed je pl\u00e1novan\u00e9  na z\u00e1\u0159\u00ed leto\u0161n\u00edho roku.<\/p>\n<p>Vyd\u00e1n\u00ed nov\u00e9 knihy se tak\u00e9  pl\u00e1nuje jihokorejsk\u00e9 autorce <b>Han Kang<\/b>.  Ta stoj\u00ed za v\u00fdborn\u00fdmi texty <b><i>Vegetari\u00e1nka<\/i><\/b> a <b><i>Kde kvete tr\u00e1va<\/i><\/b>, co\u017e je  kniha, kter\u00e1 se objevila mezi nominacemi na Magnesii Literu za p\u0159eklad. Novinka  s n\u00e1zvem <b>B\u00edl\u00e1 kniha<\/b> by m\u011bla vyj\u00edt v  listopadu leto\u0161n\u00edho roku.<\/p>\n<p>A do t\u0159etice se chyst\u00e1 vyd\u00e1n\u00ed  knihy <b>Rozs\u00e1pat nebe<\/b> od sv\u011btov\u00e9ho  autora <b>Paola Giordaniho<\/b>, autora  bestselleru <b><i>Osam\u011blost prvo\u010d\u00edsel<\/i><\/b>. Ta by m\u011bla vyj\u00edt rovn\u011b\u017e v z\u00e1\u0159\u00ed 2019.<\/p>\n<p>Z nejbli\u017e\u0161\u00edch novinek ur\u010dit\u011b  stoj\u00ed za pozornost bl\u00ed\u017e\u00edc\u00ed se rom\u00e1n <b>Aleny  Morn\u0161tajnov\u00e9<\/b> <i>Tich\u00e9 roky<\/i>. Ten v  knihkupectv\u00edch najdete u\u017e 25. dubna a bude m\u00edt velmi sofistikovanou b\u00edlou  ob\u00e1lku. A uk\u00e1zku si m\u016f\u017eete p\u0159e\u010d\u00edst u\u017e nyn\u00ed <a href=\"https:\/\/luxor.cz\/blog\/knizni-clanek\/tiche-roky-ukazka-z-noveho-romanu--2206\/\" target=\"_blank\" rel=\"noopener noreferrer\"><b>ZDE<\/b><\/a>.<\/p>\n<p>A nesm\u00edme zapomenout na  pozv\u00e1nku \u2013 tentokr\u00e1t v\u00e1s pozveme na hromadu akc\u00ed, kter\u00e9 se odehraj\u00ed <b>v na\u0161em  liter\u00e1rn\u00edm s\u00e1le \u010cten\u00ed t\u011b m\u011bn\u00ed na Sv\u011bt\u011b knihy<\/b>. Na kompletn\u00ed program se m\u016f\u017eete  pod\u00edvat <a href=\"https:\/\/issuu.com\/knizni_klub\/docs\/katalog_2019_2?e=4720041\/68577528\" target=\"_blank\" rel=\"noopener noreferrer\"><b>TADY NA STRAN\u011a 26<\/b><\/a><b><\/b>.<\/p>\n<p><\/p>\n<p>Na kterou novinku se t\u011b\u0161\u00edte  nejv\u00edc? Dejte n\u00e1m v\u011bd\u011bt do koment\u00e1\u0159\u016f \u010di na soci\u00e1ln\u00edch s\u00edt\u00edch!<\/p>\n<p><\/p>\n<p>Luxor, v\u00a0knihkupectv\u00ed jako  doma<\/p>\n<p><\/p>\n","protected":false},"excerpt":{"rendered":"<p>Mil\u00ed \u010dten\u00e1\u0159i, dnes pro v\u00e1s m\u00e1me n\u011bkolik skv\u011bl\u00fdch novinek! V nadch\u00e1zej\u00edc\u00edch m\u011bs\u00edc\u00edch se toti\u017e m\u016f\u017eete t\u011b\u0161it na v\u00fdborn\u00e9 liter\u00e1rn\u00ed kousky, poj\u010fte se s n\u00e1mi na n\u011b pod\u00edvat!<\/p>\n","protected":false},"author":2,"featured_media":4569,"comment_status":"open","ping_status":"open","sticky":false,"template":"","format":"standard","meta":{"_acf_changed":false,"_monsterinsights_skip_tracking":false,"_monsterinsights_sitenote_active":false,"_monsterinsights_sitenote_note":"","_monsterinsights_sitenote_category":0,"_EventAllDay":false,"_EventTimezone":"","_EventStartDate":"","_EventEndDate":"","_EventStartDateUTC":"","_EventEndDateUTC":"","_EventShowMap":false,"_EventShowMapLink":false,"_EventURL":"","_EventCost":"","_EventCostDescription":"","_EventCurrencySymbol":"","_EventCurrencyCode":"","_EventCurrencyPosition":"","_EventDateTimeSeparator":"","_EventTimeRangeSeparator":"","_EventOrganizerID":[],"_EventVenueID":[],"_OrganizerEmail":"","_OrganizerPhone":"","_OrganizerWebsite":"","_VenueAddress":"","_VenueCity":"","_VenueCountry":"","_VenueProvince":"","_VenueState":"","_VenueZip":"","_VenuePhone":"","_VenueURL":"","_VenueStateProvince":"","_VenueLat":"","_VenueLng":"","_VenueShowMap":false,"_VenueShowMapLink":false,"twitterCardType":"","cardImageID":0,"cardImage":"","cardTitle":"","cardDesc":"","cardImageAlt":"","cardPlayer":"","cardPlayerWidth":0,"cardPlayerHeight":0,"cardPlayerStream":"","cardPlayerCodec":"","footnotes":""},"categories":[1],"tags":[],"class_list":["post-4568","post","type-post","status-publish","format-standard","has-post-thumbnail","hentry","category-nezarazene"],"acf":{"related_products":null},"_links":{"self":[{"href":"https:\/\/www.luxor.cz\/blog\/wp-json\/wp\/v2\/posts\/4568","targetHints":{"allow":["GET"]}}],"collection":[{"href":"https:\/\/www.luxor.cz\/blog\/wp-json\/wp\/v2\/posts"}],"about":[{"href":"https:\/\/www.luxor.cz\/blog\/wp-json\/wp\/v2\/types\/post"}],"author":[{"embeddable":true,"href":"https:\/\/www.luxor.cz\/blog\/wp-json\/wp\/v2\/users\/2"}],"replies":[{"embeddable":true,"href":"https:\/\/www.luxor.cz\/blog\/wp-json\/wp\/v2\/comments?post=4568"}],"version-history":[{"count":0,"href":"https:\/\/www.luxor.cz\/blog\/wp-json\/wp\/v2\/posts\/4568\/revisions"}],"wp:featuredmedia":[{"embeddable":true,"href":"https:\/\/www.luxor.cz\/blog\/wp-json\/wp\/v2\/media\/4569"}],"wp:attachment":[{"href":"https:\/\/www.luxor.cz\/blog\/wp-json\/wp\/v2\/media?parent=4568"}],"wp:term":[{"taxonomy":"category","embeddable":true,"href":"https:\/\/www.luxor.cz\/blog\/wp-json\/wp\/v2\/categories?post=4568"},{"taxonomy":"post_tag","embeddable":true,"href":"https:\/\/www.luxor.cz\/blog\/wp-json\/wp\/v2\/tags?post=4568"}],"curies":[{"name":"wp","href":"https:\/\/api.w.org\/{rel}","templated":true}]}}