{"id":4546,"date":"2019-04-12T13:24:00","date_gmt":"2019-04-12T11:24:00","guid":{"rendered":"https:\/\/www.luxor.cz\/blog\/nezarazene\/stehujeme-luxor-v-oc-fryda\/"},"modified":"2023-01-06T13:12:59","modified_gmt":"2023-01-06T12:12:59","slug":"stehujeme-luxor-v-oc-fryda-2232","status":"publish","type":"post","link":"https:\/\/www.luxor.cz\/blog\/nezarazene\/stehujeme-luxor-v-oc-fryda-2232\/","title":{"rendered":"St\u011bhujeme Luxor v OC Fr\u00fdda!"},"content":{"rendered":"<\/p>\n<\/p>\n<p>Na\u0161\u00edm c\u00edlem je, abyste se v Luxoru\u00a0<b>c\u00edtili jako doma.\u00a0<\/b><\/p>\n<p>Proto pro v\u00e1s p\u0159ipravujeme <b>nov\u00e9 knihkupectv\u00ed<\/b> <b>v OC Fr\u00fdda<\/b> Fr\u00fddek-M\u00edstek.  Nab\u00eddne \u0161irok\u00fd sortiment knih v nov\u00e9 prodejn\u011b (kousek od st\u00e1vaj\u00edc\u00ed), aby v\u00e1m  nic nebr\u00e1nilo v klidn\u00e9m v\u00fdb\u011bru nejen dal\u0161\u00ed \u010detby.<\/p>\n<p>St\u00e1vaj\u00edc\u00ed prodejnu v p\u0159\u00edzem\u00ed obchodn\u00edho centra <b>uzav\u00edr\u00e1me 15. dubna <\/b>a za\u010d\u00e1tkem  kv\u011btna otev\u00edr\u00e1me novou prodejnu nedaleko od st\u00e1vaj\u00edc\u00ed (naproti obchodu H&#038;M).<\/p>\n<p>Do t\u00e9 doby v\u00e1s pros\u00edme o trp\u011blivost. T\u011b\u0161te se na nov\u00e9 knihkupectv\u00ed!<\/p>\n<p>Luxor, v\u00a0knihkupectv\u00ed jako doma<\/p>\n<p><\/p>\n","protected":false},"excerpt":{"rendered":"<p>Knihkupectv\u00ed Luxor v OC Fr\u00fdda bude od 15. 4. uzav\u0159eno, z d\u016fvodu st\u011bhov\u00e1n\u00ed do nov\u00e9 prodejny (naproti H&#038;M).<\/p>\n","protected":false},"author":2,"featured_media":4547,"comment_status":"open","ping_status":"open","sticky":false,"template":"","format":"standard","meta":{"_acf_changed":false,"_monsterinsights_skip_tracking":false,"_monsterinsights_sitenote_active":false,"_monsterinsights_sitenote_note":"","_monsterinsights_sitenote_category":0,"_EventAllDay":false,"_EventTimezone":"","_EventStartDate":"","_EventEndDate":"","_EventStartDateUTC":"","_EventEndDateUTC":"","_EventShowMap":false,"_EventShowMapLink":false,"_EventURL":"","_EventCost":"","_EventCostDescription":"","_EventCurrencySymbol":"","_EventCurrencyCode":"","_EventCurrencyPosition":"","_EventDateTimeSeparator":"","_EventTimeRangeSeparator":"","_EventOrganizerID":[],"_EventVenueID":[],"_OrganizerEmail":"","_OrganizerPhone":"","_OrganizerWebsite":"","_VenueAddress":"","_VenueCity":"","_VenueCountry":"","_VenueProvince":"","_VenueState":"","_VenueZip":"","_VenuePhone":"","_VenueURL":"","_VenueStateProvince":"","_VenueLat":"","_VenueLng":"","_VenueShowMap":false,"_VenueShowMapLink":false,"twitterCardType":"","cardImageID":0,"cardImage":"","cardTitle":"","cardDesc":"","cardImageAlt":"","cardPlayer":"","cardPlayerWidth":0,"cardPlayerHeight":0,"cardPlayerStream":"","cardPlayerCodec":"","footnotes":""},"categories":[1],"tags":[],"class_list":["post-4546","post","type-post","status-publish","format-standard","has-post-thumbnail","hentry","category-nezarazene"],"acf":{"related_products":null},"_links":{"self":[{"href":"https:\/\/www.luxor.cz\/blog\/wp-json\/wp\/v2\/posts\/4546","targetHints":{"allow":["GET"]}}],"collection":[{"href":"https:\/\/www.luxor.cz\/blog\/wp-json\/wp\/v2\/posts"}],"about":[{"href":"https:\/\/www.luxor.cz\/blog\/wp-json\/wp\/v2\/types\/post"}],"author":[{"embeddable":true,"href":"https:\/\/www.luxor.cz\/blog\/wp-json\/wp\/v2\/users\/2"}],"replies":[{"embeddable":true,"href":"https:\/\/www.luxor.cz\/blog\/wp-json\/wp\/v2\/comments?post=4546"}],"version-history":[{"count":0,"href":"https:\/\/www.luxor.cz\/blog\/wp-json\/wp\/v2\/posts\/4546\/revisions"}],"wp:featuredmedia":[{"embeddable":true,"href":"https:\/\/www.luxor.cz\/blog\/wp-json\/wp\/v2\/media\/4547"}],"wp:attachment":[{"href":"https:\/\/www.luxor.cz\/blog\/wp-json\/wp\/v2\/media?parent=4546"}],"wp:term":[{"taxonomy":"category","embeddable":true,"href":"https:\/\/www.luxor.cz\/blog\/wp-json\/wp\/v2\/categories?post=4546"},{"taxonomy":"post_tag","embeddable":true,"href":"https:\/\/www.luxor.cz\/blog\/wp-json\/wp\/v2\/tags?post=4546"}],"curies":[{"name":"wp","href":"https:\/\/api.w.org\/{rel}","templated":true}]}}