{"id":4544,"date":"2019-04-10T08:47:00","date_gmt":"2019-04-10T06:47:00","guid":{"rendered":"https:\/\/www.luxor.cz\/blog\/nezarazene\/exkurz-do-nizozemskych-mokradu\/"},"modified":"2023-01-06T13:12:59","modified_gmt":"2023-01-06T12:12:59","slug":"exkurz-do-nizozemskych-mokradu-2231","status":"publish","type":"post","link":"https:\/\/www.luxor.cz\/blog\/recenze\/exkurz-do-nizozemskych-mokradu-2231\/","title":{"rendered":"Exkurz do nizozemsk\u00fdch mok\u0159ad\u016f"},"content":{"rendered":"<p><b><\/b><\/p>\n<p><b>Maarten\u2019t Hart<\/b> se  \u010desk\u00fdm \u010dten\u00e1\u0159\u016fm p\u0159edstavil u\u017e p\u0159ed osmn\u00e1cti lety rom\u00e1nem Hn\u011bv cel\u00e9ho sv\u011bta. Je  to ale pr\u00e1v\u011b <b>Osud ta\u017en\u00fdch pt\u00e1k\u016f<\/b>,  kter\u00fd je pova\u017eovan\u00fd za jeho p\u0159elomov\u00e9 d\u00edlo. Nizozemsk\u00fd biolog a spisovatel  v\u00a0n\u011bm rozv\u00edj\u00ed \u00favahy o d\u011btstv\u00ed v\u00a0pades\u00e1t\u00fdch letech, o \u017een\u00e1ch a v\u0161e  doprov\u00e1z\u00ed popisy mok\u0159ad\u016f, kam chod\u00edval pozorovat pt\u00e1ky.<\/p>\n<p>Vlastn\u011b se ani ned\u00e1 mluvit p\u0159\u00edmo o p\u0159\u00edb\u011bhu \u2013 jedn\u00e1 se sp\u00ed\u0161e  o velmi k\u0159ehkou nosnou linku, z\u00a0n\u00ed\u017e se vyno\u0159uj\u00ed jednotliv\u00e9 epizody  z\u00a0d\u011btstv\u00ed a dosp\u00edv\u00e1n\u00ed. Maarten na ve\u010d\u00edrku naraz\u00ed na sestru sv\u00e9 femme  fatale, osudov\u00e9 l\u00e1sky, kter\u00e1 ale z\u016fstala nenapln\u011bn\u00e1. Ve vzpom\u00ednk\u00e1ch se vrac\u00ed na  venkov do pades\u00e1t\u00fdch let, vzpom\u00edn\u00e1 na matku, na svou prvn\u00ed n\u00e1v\u0161t\u011bvu m\u011bsta i na  \u0161kolu, na kterou byl p\u0159\u00edli\u0161 chytr\u00fd. Z\u00e1rove\u0148 se ale ze vzpom\u00ednek st\u00e1le vrac\u00ed do  sou\u010dasnosti. Cestuje na konferenci, a i kdy\u017e potk\u00e1v\u00e1 i dal\u0161\u00ed \u017eeny, nem\u016f\u017ee se  zbavit vzpom\u00ednek na tu jednu nejlep\u0161\u00ed.<\/p>\n<p><b>Osud ta\u017en\u00fdch pt\u00e1k\u016f<\/b>  nen\u00ed tolik o siln\u00e9m p\u0159\u00edb\u011bhu a d\u011bji pln\u00e9m zvrat\u016f, sp\u00ed\u0161e stoj\u00ed na atmosf\u00e9\u0159e,  my\u0161lenk\u00e1ch, ub\u00edh\u00e1 v\u00a0pomal\u00e9m a a\u017e meditativn\u00edm tempu. Retrospektivn\u00ed \u010d\u00e1sti  by mohly b\u00fdt \u010dast\u011bj\u0161\u00ed, proto\u017ee byly \u017eiveln\u00e9 a pln\u00e9 emoc\u00ed, sou\u010dasn\u00fd Maarten jako  by se doopravdy jen pot\u00e1cel na m\u00edst\u011b a nev\u011bd\u011bl, kam se v\u00a0\u017eivot\u011b vrtnout.<\/p>\n<p>Knihu dopl\u0148uj\u00ed poveden\u00e9 ilustrace <b>Andrey Kom\u00e1rkov\u00e9<\/b>, kter\u00fdch  by klidn\u011b \u010dten\u00e1\u0159 uv\u00edtal v\u00edce. Maarten\u2019t Hart dok\u00e1\u017ee velmi p\u0159esn\u011b vystihnout  okam\u017eiky, Andrea Kom\u00e1rkov\u00e1 pak siln\u00e9 motivy d\u011bje ukazuje na obrazech.<\/p>\n<p>Nizozemsk\u00fd venkov se v\u0161emi mok\u0159ady je n\u00e1dhern\u00fd. A proto, hled\u00e1te-li nev\u0161edn\u00ed, n\u00e1ladovou a  atmosf\u00e9rickou knihu, potom u Osudu ta\u017en\u00fdch pt\u00e1k\u016f nev\u00e1hejte.<\/p>\n<p><\/p>\n<p>Al\u017eb\u011bta \u0160irok\u00e1<\/p>\n<p><\/p>\n","protected":false},"excerpt":{"rendered":"<p>Nizozemsk\u00fd spisovatel Maarten\u2019t Hart ve sv\u00e9 autobiograficky lad\u011bn\u00e9 novince vrac\u00ed do d\u011btstv\u00ed a vzpom\u00edn\u00e1 na osudovou l\u00e1sku.<\/p>\n","protected":false},"author":2,"featured_media":4545,"comment_status":"open","ping_status":"open","sticky":false,"template":"","format":"standard","meta":{"_acf_changed":false,"_monsterinsights_skip_tracking":false,"_monsterinsights_sitenote_active":false,"_monsterinsights_sitenote_note":"","_monsterinsights_sitenote_category":0,"_EventAllDay":false,"_EventTimezone":"","_EventStartDate":"","_EventEndDate":"","_EventStartDateUTC":"","_EventEndDateUTC":"","_EventShowMap":false,"_EventShowMapLink":false,"_EventURL":"","_EventCost":"","_EventCostDescription":"","_EventCurrencySymbol":"","_EventCurrencyCode":"","_EventCurrencyPosition":"","_EventDateTimeSeparator":"","_EventTimeRangeSeparator":"","_EventOrganizerID":[],"_EventVenueID":[],"_OrganizerEmail":"","_OrganizerPhone":"","_OrganizerWebsite":"","_VenueAddress":"","_VenueCity":"","_VenueCountry":"","_VenueProvince":"","_VenueState":"","_VenueZip":"","_VenuePhone":"","_VenueURL":"","_VenueStateProvince":"","_VenueLat":"","_VenueLng":"","_VenueShowMap":false,"_VenueShowMapLink":false,"twitterCardType":"","cardImageID":0,"cardImage":"","cardTitle":"","cardDesc":"","cardImageAlt":"","cardPlayer":"","cardPlayerWidth":0,"cardPlayerHeight":0,"cardPlayerStream":"","cardPlayerCodec":"","footnotes":""},"categories":[7],"tags":[],"class_list":["post-4544","post","type-post","status-publish","format-standard","has-post-thumbnail","hentry","category-recenze"],"acf":{"related_products":null},"_links":{"self":[{"href":"https:\/\/www.luxor.cz\/blog\/wp-json\/wp\/v2\/posts\/4544","targetHints":{"allow":["GET"]}}],"collection":[{"href":"https:\/\/www.luxor.cz\/blog\/wp-json\/wp\/v2\/posts"}],"about":[{"href":"https:\/\/www.luxor.cz\/blog\/wp-json\/wp\/v2\/types\/post"}],"author":[{"embeddable":true,"href":"https:\/\/www.luxor.cz\/blog\/wp-json\/wp\/v2\/users\/2"}],"replies":[{"embeddable":true,"href":"https:\/\/www.luxor.cz\/blog\/wp-json\/wp\/v2\/comments?post=4544"}],"version-history":[{"count":0,"href":"https:\/\/www.luxor.cz\/blog\/wp-json\/wp\/v2\/posts\/4544\/revisions"}],"wp:featuredmedia":[{"embeddable":true,"href":"https:\/\/www.luxor.cz\/blog\/wp-json\/wp\/v2\/media\/4545"}],"wp:attachment":[{"href":"https:\/\/www.luxor.cz\/blog\/wp-json\/wp\/v2\/media?parent=4544"}],"wp:term":[{"taxonomy":"category","embeddable":true,"href":"https:\/\/www.luxor.cz\/blog\/wp-json\/wp\/v2\/categories?post=4544"},{"taxonomy":"post_tag","embeddable":true,"href":"https:\/\/www.luxor.cz\/blog\/wp-json\/wp\/v2\/tags?post=4544"}],"curies":[{"name":"wp","href":"https:\/\/api.w.org\/{rel}","templated":true}]}}