{"id":4530,"date":"2019-04-08T09:00:00","date_gmt":"2019-04-08T07:00:00","guid":{"rendered":"https:\/\/www.luxor.cz\/blog\/nezarazene\/70-vyroci-vzniku-si-letos-albatros-pripomene-kolekci-retro-knih\/"},"modified":"2023-01-06T13:12:59","modified_gmt":"2023-01-06T12:12:59","slug":"70-vyroci-vzniku-si-letos-albatros-pripomene-kolekci-retro-knih-2224","status":"publish","type":"post","link":"https:\/\/www.luxor.cz\/blog\/nezarazene\/70-vyroci-vzniku-si-letos-albatros-pripomene-kolekci-retro-knih-2224\/","title":{"rendered":"70. v\u00fdro\u010d\u00ed vzniku si letos Albatros p\u0159ipomene kolekc\u00ed retro knih"},"content":{"rendered":"<\/p>\n<p>Za sedm dek\u00e1d  sv\u00e9 existence toho nakladatelstv\u00ed Albatros\u00a0stihlo opravdu hodn\u011b. Tak  nap\u0159\u00edklad:<\/p>\n<p><span>&#8211;<span>\u00a0  <\/span><\/span>vydalo t\u00e9m\u011b\u0159 t\u0159in\u00e1ct tis\u00edc publikac\u00ed v celkov\u00e9m n\u00e1kladu 350 milion\u016f kus\u016f,<\/p>\n<p><span>&#8211;<span>\u00a0  <\/span><\/span>p\u011btkr\u00e1t zm\u011bnilo svoji adresu,<\/p>\n<p><span>&#8211;<span>\u00a0  <\/span><\/span>jako jedin\u00e9 d\u011btsk\u00e9 nakladatelstv\u00ed na sv\u011bt\u011b z\u00edskalo cenu Grand Prix,<\/p>\n<p><span>&#8211;<span>\u00a0  <\/span><\/span>spolupracovalo s takov\u00fdmi osobnostmi jako Milo\u0161 Macourek, Adolf Born,  Helena Zmatl\u00edkov\u00e1, V\u00e1clav \u010ctvrtek, Vladim\u00edr Fuka a s velkou spoustou dal\u0161\u00edch  \u00fa\u017easn\u00fdch autor\u016f, ilustr\u00e1tor\u016f i p\u0159ekladatel\u016f.<\/p>\n<p><\/p>\n<p>U p\u0159\u00edle\u017eitosti  v\u00fdro\u010d\u00ed vyd\u00e1v\u00e1 Albatros\u00a0kolekci <b>Cesta  \u010dasem s\u00a0Albatrosem<\/b>. Ta p\u0159in\u00e1\u0161\u00ed osm knih, kter\u00e9 se do d\u011bjin \u010desk\u00e9  literatury pro d\u011bti a ml\u00e1de\u017e zapsaly tu\u010dn\u00fdm p\u00edsmem a sv\u00e9ho prvn\u00edho vyd\u00e1n\u00ed se do\u010dkaly  mezi lety 1961 a\u017e 1984. Znovu tak vych\u00e1z\u00ed nap\u0159\u00edklad p\u016fvabn\u00e1 obr\u00e1zkov\u00e1 kn\u00ed\u017eka <i>Hol\u010di\u010dka  a d\u00e9\u0161\u0165<\/i>, titul z\u00a0legend\u00e1rn\u00ed edice OKO <i>H\u00e1dej, h\u00e1dej, hada\u010di<\/i>,  nesmrteln\u00e1 klasika <i>Heidi, d\u011bv\u010d\u00e1tko z\u00a0hor<\/i> nebo kultovn\u00ed encyklopedie  <i>U\u017e v\u00edm pro\u010d<\/i>.<\/p>\n<p><\/p>\n<p>Vydejte se na  cestu histori\u00ed&#8230; V\u0161echny kn\u00ed\u017eky z\u00a0t\u00e9to edice najdete v\u00a0na\u0161ich knihkupectv\u00edch.<\/p>\n<p>Luxor, v\u00a0knihkupectv\u00ed  jako doma<\/p>\n<p><\/p>\n","protected":false},"excerpt":{"rendered":"<p>Letos v dubnu oslav\u00ed nakladatelstv\u00ed Albatros 70 let od sv\u00e9ho zalo\u017een\u00ed. U p\u0159\u00edle\u017eitosti jubilea vyd\u00e1v\u00e1 nejstar\u0161\u00ed d\u011btsk\u00e9 nakladatelstv\u00ed v \u010cesku osm knih v retro kolekci Cesta \u010dasem s Albatrosem.<\/p>\n","protected":false},"author":2,"featured_media":4531,"comment_status":"open","ping_status":"open","sticky":false,"template":"","format":"standard","meta":{"_acf_changed":false,"_monsterinsights_skip_tracking":false,"_monsterinsights_sitenote_active":false,"_monsterinsights_sitenote_note":"","_monsterinsights_sitenote_category":0,"_EventAllDay":false,"_EventTimezone":"","_EventStartDate":"","_EventEndDate":"","_EventStartDateUTC":"","_EventEndDateUTC":"","_EventShowMap":false,"_EventShowMapLink":false,"_EventURL":"","_EventCost":"","_EventCostDescription":"","_EventCurrencySymbol":"","_EventCurrencyCode":"","_EventCurrencyPosition":"","_EventDateTimeSeparator":"","_EventTimeRangeSeparator":"","_EventOrganizerID":[],"_EventVenueID":[],"_OrganizerEmail":"","_OrganizerPhone":"","_OrganizerWebsite":"","_VenueAddress":"","_VenueCity":"","_VenueCountry":"","_VenueProvince":"","_VenueState":"","_VenueZip":"","_VenuePhone":"","_VenueURL":"","_VenueStateProvince":"","_VenueLat":"","_VenueLng":"","_VenueShowMap":false,"_VenueShowMapLink":false,"twitterCardType":"","cardImageID":0,"cardImage":"","cardTitle":"","cardDesc":"","cardImageAlt":"","cardPlayer":"","cardPlayerWidth":0,"cardPlayerHeight":0,"cardPlayerStream":"","cardPlayerCodec":"","footnotes":""},"categories":[1],"tags":[],"class_list":["post-4530","post","type-post","status-publish","format-standard","has-post-thumbnail","hentry","category-nezarazene"],"acf":{"related_products":null},"_links":{"self":[{"href":"https:\/\/www.luxor.cz\/blog\/wp-json\/wp\/v2\/posts\/4530","targetHints":{"allow":["GET"]}}],"collection":[{"href":"https:\/\/www.luxor.cz\/blog\/wp-json\/wp\/v2\/posts"}],"about":[{"href":"https:\/\/www.luxor.cz\/blog\/wp-json\/wp\/v2\/types\/post"}],"author":[{"embeddable":true,"href":"https:\/\/www.luxor.cz\/blog\/wp-json\/wp\/v2\/users\/2"}],"replies":[{"embeddable":true,"href":"https:\/\/www.luxor.cz\/blog\/wp-json\/wp\/v2\/comments?post=4530"}],"version-history":[{"count":0,"href":"https:\/\/www.luxor.cz\/blog\/wp-json\/wp\/v2\/posts\/4530\/revisions"}],"wp:featuredmedia":[{"embeddable":true,"href":"https:\/\/www.luxor.cz\/blog\/wp-json\/wp\/v2\/media\/4531"}],"wp:attachment":[{"href":"https:\/\/www.luxor.cz\/blog\/wp-json\/wp\/v2\/media?parent=4530"}],"wp:term":[{"taxonomy":"category","embeddable":true,"href":"https:\/\/www.luxor.cz\/blog\/wp-json\/wp\/v2\/categories?post=4530"},{"taxonomy":"post_tag","embeddable":true,"href":"https:\/\/www.luxor.cz\/blog\/wp-json\/wp\/v2\/tags?post=4530"}],"curies":[{"name":"wp","href":"https:\/\/api.w.org\/{rel}","templated":true}]}}