{"id":4528,"date":"2019-03-25T15:43:00","date_gmt":"2019-03-25T14:43:00","guid":{"rendered":"https:\/\/www.luxor.cz\/blog\/nezarazene\/tyden-v-knihach-6\/"},"modified":"2023-01-06T13:13:51","modified_gmt":"2023-01-06T12:13:51","slug":"tyden-v-knihach-6-2223","status":"publish","type":"post","link":"https:\/\/www.luxor.cz\/blog\/nezarazene\/tyden-v-knihach-6-2223\/","title":{"rendered":"T\u00ddDEN V KNIH\u00c1CH #6"},"content":{"rendered":"<\/p>\n<p>V minul\u00e9m t\u00fddnu jsme u n\u00e1s pok\u0159tili knihu Oboneta S. Ubama <b>Sedm let v Africe<\/b> a byla to \u00fa\u017easn\u00e1  akce. Nechyb\u011bl tradi\u010dn\u00ed nigerijsk\u00fd kmenov\u00fd pok\u0159ik, ani kost\u00fdm, kter\u00fd Obonete  zd\u011bdil po sv\u00e9m otci, nigerijsk\u00e9m kr\u00e1li. Na k\u0159tu a n\u00e1sledn\u00e9 besed\u011b a  autogrami\u00e1d\u011b bylo \u00fapln\u011b plno, z \u010deho\u017e m\u00e1me radost a t\u011b\u0161\u00edme se tak na dal\u0161\u00ed  akce, kdy umo\u017en\u00edme \u010dten\u00e1\u0159\u016fm setk\u00e1n\u00ed s jejich obl\u00edben\u00fdmi liter\u00e1ty.<\/p>\n<p><\/p>\n<p>Snad nejzaj\u00edmav\u011bj\u0161\u00ed akc\u00ed, kter\u00e1 n\u00e1s v bl\u00edzk\u00e9 dob\u011b \u010dek\u00e1, je  n\u00e1v\u0161t\u011bva <b>Larse Keplera<\/b>. Toto  autorsk\u00e9 duo ze \u0160v\u00e9dska n\u00e1s nav\u0161t\u00edv\u00ed <a href=\"https:\/\/luxor.cz\/akce\/lars-kepler-v-praze-autogramiada-fenomenalni-autorske-dvojice--1281\/\" target=\"_blank\" rel=\"noopener noreferrer\"><b>9.dubna v Pal\u00e1ci knih Luxor<\/b><\/a>, tak si datum nezapome\u0148te poznamenat do di\u00e1\u0159e,  v\u0161ichni jste srde\u010dn\u011b zv\u00e1ni!<\/p>\n<p>Autogrami\u00e1da za\u010dne <b>v 17 hodin<\/b> a bude to velk\u00e9! \ud83d\ude42<\/p>\n<p><b><a href=\"https:\/\/www.facebook.com\/events\/312948626051029\/\" target=\"_blank\" rel=\"noopener noreferrer\">P\u0159idejte se k n\u00e1m na Facebooku k ud\u00e1losti, a\u0165 v\u00e1m neuniknou \u017e\u00e1dn\u00e9 dal\u0161\u00ed podrobnosti!<\/a><\/b><\/p>\n<\/p>\n<p><\/p>\n<p>Se za\u010d\u00e1tkem dubna se nezapome\u0148te stavit pro \u010derstv\u00e9 \u010dten\u00ed na  n\u011bkter\u00e9 z na\u0161ich pobo\u010dek, nebo\u0165 tam na v\u00e1s mimo knih bude \u010dekat tak\u00e9 nov\u00e9, v  po\u0159ad\u00ed u\u017e t\u0159et\u00ed \u010d\u00edslo kni\u017en\u00edho a kulturn\u00edho magaz\u00ednu Page. T\u011b\u0161it se v n\u011bm  m\u016f\u017eete t\u0159eba na rozhovor s Delphine de Vigan, s Michalem Vieweghem, spoustu  tip\u016f kam vyrazit za kulturou a co si v dubnu p\u0159e\u010d\u00edst.<\/p>\n<p><\/p>\n<p>To nen\u00ed v\u0161e, co pro v\u00e1s na duben chyst\u00e1me. V\u00edc ale je\u0161t\u011b  neprozrad\u00edme, v\u0161ak sami uvid\u00edte \ud83d\ude42 Co v\u0161ak m\u016f\u017eeme sl\u00edbit je, \u017ee pro ka\u017ed\u00e9ho  na\u0161eho z\u00e1kazn\u00edka budeme m\u00edt n\u011bjak\u00e9 pot\u011b\u0161en\u00ed.<\/p>\n<p><\/p>\n<p>U\u017e\u00edvejte jara!<\/p>\n<p><\/p>\n","protected":false},"excerpt":{"rendered":"<p>Posledn\u00ed dny a t\u00fddny jsou v na\u0161ich knihkupectv\u00edch nap\u011bchovan\u00e9 sam\u00fdmi zaj\u00edmav\u00fdmi akcemi. A ta nelep\u0161\u00ed, ta se teprve chyst\u00e1. A v\u0161ichni jste na ni srde\u010dn\u011b zv\u00e1ni! \ud83d\ude42<\/p>\n","protected":false},"author":2,"featured_media":4529,"comment_status":"open","ping_status":"open","sticky":false,"template":"","format":"standard","meta":{"_acf_changed":false,"_monsterinsights_skip_tracking":false,"_monsterinsights_sitenote_active":false,"_monsterinsights_sitenote_note":"","_monsterinsights_sitenote_category":0,"_EventAllDay":false,"_EventTimezone":"","_EventStartDate":"","_EventEndDate":"","_EventStartDateUTC":"","_EventEndDateUTC":"","_EventShowMap":false,"_EventShowMapLink":false,"_EventURL":"","_EventCost":"","_EventCostDescription":"","_EventCurrencySymbol":"","_EventCurrencyCode":"","_EventCurrencyPosition":"","_EventDateTimeSeparator":"","_EventTimeRangeSeparator":"","_EventOrganizerID":[],"_EventVenueID":[],"_OrganizerEmail":"","_OrganizerPhone":"","_OrganizerWebsite":"","_VenueAddress":"","_VenueCity":"","_VenueCountry":"","_VenueProvince":"","_VenueState":"","_VenueZip":"","_VenuePhone":"","_VenueURL":"","_VenueStateProvince":"","_VenueLat":"","_VenueLng":"","_VenueShowMap":false,"_VenueShowMapLink":false,"twitterCardType":"","cardImageID":0,"cardImage":"","cardTitle":"","cardDesc":"","cardImageAlt":"","cardPlayer":"","cardPlayerWidth":0,"cardPlayerHeight":0,"cardPlayerStream":"","cardPlayerCodec":"","footnotes":""},"categories":[1],"tags":[],"class_list":["post-4528","post","type-post","status-publish","format-standard","has-post-thumbnail","hentry","category-nezarazene"],"acf":{"related_products":null},"_links":{"self":[{"href":"https:\/\/www.luxor.cz\/blog\/wp-json\/wp\/v2\/posts\/4528","targetHints":{"allow":["GET"]}}],"collection":[{"href":"https:\/\/www.luxor.cz\/blog\/wp-json\/wp\/v2\/posts"}],"about":[{"href":"https:\/\/www.luxor.cz\/blog\/wp-json\/wp\/v2\/types\/post"}],"author":[{"embeddable":true,"href":"https:\/\/www.luxor.cz\/blog\/wp-json\/wp\/v2\/users\/2"}],"replies":[{"embeddable":true,"href":"https:\/\/www.luxor.cz\/blog\/wp-json\/wp\/v2\/comments?post=4528"}],"version-history":[{"count":0,"href":"https:\/\/www.luxor.cz\/blog\/wp-json\/wp\/v2\/posts\/4528\/revisions"}],"wp:featuredmedia":[{"embeddable":true,"href":"https:\/\/www.luxor.cz\/blog\/wp-json\/wp\/v2\/media\/4529"}],"wp:attachment":[{"href":"https:\/\/www.luxor.cz\/blog\/wp-json\/wp\/v2\/media?parent=4528"}],"wp:term":[{"taxonomy":"category","embeddable":true,"href":"https:\/\/www.luxor.cz\/blog\/wp-json\/wp\/v2\/categories?post=4528"},{"taxonomy":"post_tag","embeddable":true,"href":"https:\/\/www.luxor.cz\/blog\/wp-json\/wp\/v2\/tags?post=4528"}],"curies":[{"name":"wp","href":"https:\/\/api.w.org\/{rel}","templated":true}]}}