{"id":4518,"date":"2019-03-21T14:32:00","date_gmt":"2019-03-21T13:32:00","guid":{"rendered":"https:\/\/www.luxor.cz\/blog\/nezarazene\/zpoved-muze-mezi-dvema-kulturami\/"},"modified":"2023-01-06T13:13:51","modified_gmt":"2023-01-06T12:13:51","slug":"zpoved-muze-mezi-dvema-kulturami-2218","status":"publish","type":"post","link":"https:\/\/www.luxor.cz\/blog\/recenze\/zpoved-muze-mezi-dvema-kulturami-2218\/","title":{"rendered":"Zpov\u011b\u010f mu\u017ee mezi dv\u011bma kulturami"},"content":{"rendered":"<\/p>\n<p>Obonete S. Ubam se narodil  \u010desk\u00e9 matce a nigerijsk\u00e9mu otci, ale prvn\u00ed l\u00e9ta str\u00e1vil v\u00a0b\u00fdval\u00e9m  Sov\u011btsk\u00e9m svazu. Komunisti\u010dt\u00ed pohlav\u00e1\u0159i byli toti\u017e ost\u0159e proti s\u0148atku jeho  rodi\u010d\u016f, a tak jim nedovolili odcestovat. Man\u017eelstv\u00ed se pot\u00e9 rozpadlo a Obonete  se s\u00a0matkou vr\u00e1til do \u010ceska. Jeho otec odlet\u011bl do Nig\u00e9rie, kde se  z\u00a0oby\u010dejn\u00e9ho zam\u011bstnance vypracoval do funkce gener\u00e1la policie. Z\u00edskal si  moc a majetek, ale o tom jeho syn nem\u011bl ani tu\u0161en\u00ed. Rodi\u010de se rozhodli, \u017ee  p\u0159eru\u0161\u00ed styky, co\u017e tak\u00e9 dodr\u017eeli.<\/p>\n<p>A\u010dkoliv se syn se sv\u00fdm  otcem nest\u00fdkal, proto\u017ee vze\u0161el z\u00a0man\u017eelstv\u00ed a byl prvorozen\u00fd, podle z\u00e1kon\u016f  jejich klanu byl otcov\u00fdm d\u011bdicem a pokra\u010dovatelem. To znamen\u00e1, \u017ee zd\u011bdil jeho  ve\u0161ker\u00fd majetek, ale z\u00e1rove\u0148 se musel postarat o b\u00fdval\u00e9 man\u017eelky a v\u0161echny  nevlastn\u00ed sourozence. <b>Obonete S. Ubam<\/b>  vystudoval Vojenskou akademii ve Vy\u0161kov\u011b a pot\u00e9 pracoval a cestoval po cel\u00e9m  sv\u011bt\u011b. Nav\u0161t\u011bvoval i Nig\u00e9rii, ale nikdy se mu ani nesnilo o tom, \u017ee v\u00a0n\u00ed  nakonec z\u016fstane cel\u00fdch dlouh\u00fdch sedm let.<\/p>\n<p>Sv\u00e9 z\u00e1\u017eitky liter\u00e1rn\u011b  zpracoval do autobiografie <b>Sedm let v\u00a0Africe<\/b>  s\u00a0podtitulem P\u0159\u00edb\u011bh \u010desk\u00e9ho syna nigerijsk\u00e9ho kr\u00e1le. Knihu pr\u00e1v\u011b vydalo  nakladatelstv\u00ed Prostor a vy se m\u016f\u017eete t\u011b\u0161it na nap\u00ednav\u00fd p\u0159\u00edb\u011bh, kter\u00fd str\u010d\u00ed do  kapsy v\u0161echny sou\u010dasn\u00e9 thrillery. Sedm let v\u00a0Africe je intimn\u00ed zpov\u011b\u010f  mu\u017ee, jeho\u017e srdce uv\u00edzlo mezi dv\u011bma naprosto odli\u0161n\u00fdmi zem\u011bmi. Z\u00e1rove\u0148 je to  drsn\u00e1 a \u0161okuj\u00edc\u00ed v\u00fdpov\u011b\u010f o tom, \u010deho v\u0161eho jsou lid\u00e9 schopn\u00ed, aby se dostali  k\u00a0pen\u011bz\u016fm a moci. Poklidn\u00fd \u017eivot hlavn\u00edho hrdiny skon\u010dil ve chv\u00edli, kdy se  rozhodl, \u017ee odlet\u00ed do Nig\u00e9rie, aby se postaral o otc\u016fv odkaz.<\/p>\n<p>To, co se d\u011blo, p\u0159ipom\u00edn\u00e1  detektivku a z\u00e1rove\u0148 \u0161pion\u00e1\u017en\u00ed thriller z\u00a0pera nejv\u011bt\u0161\u00edch romanopisc\u016f.  A\u010dkoliv form\u00e1ln\u011b jde st\u00e1le o autobiografii, budete vyprav\u011b\u010di viset na rtech a  od knihy se neodtrhnete, dokud nebudete na posledn\u00ed str\u00e1nce. Obonete S. Ubam se  vyh\u00fdb\u00e1 patosu a nikdy by nesklouzl ke k\u00fd\u010di, ale v\u00a0jeho knize je \u0159ada  epizod, ze kter\u00fdch by se daly ud\u011blat titulky na prvn\u00ed str\u00e1nky bulv\u00e1rn\u00edch  den\u00edk\u016f. V\u00a0tomto ohledu je velmi vd\u011b\u010dn\u00e1 kapitola v\u011bnovan\u00e1 jist\u00e9 \u010desk\u00e9  modelce. Vyprav\u011b\u010d\u016fv styl je prost\u00fd a civiln\u00ed, a dokonce i velmi \u0161okuj\u00edc\u00ed  z\u00e1le\u017eitosti jsou pops\u00e1ny st\u0159\u00edzliv\u00fdma o\u010dima a chladn\u00fdm rozumem.<\/p>\n<p>Obonete musel finan\u010dn\u011b  zajistit rodinu, ale mnohem slo\u017eit\u011bj\u0161\u00ed bylo obst\u00e1t ve sv\u011bt\u011b intrik. Obzvl\u00e1\u0161t\u011b  vdova po otci mu h\u00e1zela klacky pod nohy velice rafinovan\u00fdm zp\u016fsobem a nev\u00e1hala  zneu\u017e\u00edt v\u0161ech dostupn\u00fdch prost\u0159edk\u016f, aby sv\u00e9ho nevlastn\u00edho syna p\u0159ipravila o  n\u00e1slednictv\u00ed.<\/p>\n<p><b>Sedm  let v Africe<\/b> se z\u00a0pohledu \u010desk\u00e9ho \u010dten\u00e1\u0159e bl\u00ed\u017e\u00ed  poh\u00e1dkov\u00e9mu vypr\u00e1v\u011bn\u00ed, ale nech\u00e1m si pro sebe, zda se do\u010dk\u00e1te i poh\u00e1dkov\u00e9ho  konce. Obonete v\u00e1m p\u0159ibl\u00ed\u017e\u00ed Nig\u00e9rii tak, a\u017e budete m\u00edt pocit, \u017ee mu stoj\u00edte za  z\u00e1dy a pro\u017e\u00edv\u00e1te to, co on. Kniha rozhodn\u011b stoj\u00ed za p\u0159e\u010dten\u00ed a v\u016fbec se nediv\u00edm  tomu, \u017ee na ni Prostor vsadil b\u011bhem Velk\u00e9ho kni\u017en\u00edho \u010dtvrtku. <\/p>\n<p><span>\u00a0 <\/span><\/p>\n<p><i>Veronika  \u010cernuck\u00e1<\/i><\/p>\n<p><\/p>\n","protected":false},"excerpt":{"rendered":"<p>Obonete S. Ubam vyr\u016fstal s matkou a ot\u010d\u00edmem v Brunt\u00e1le. Pot\u00fdkal se s \u0161ikanou a rasismem, ale ani trpk\u00e9 zku\u0161enosti ho nemohly p\u0159ipravit na peklo, jak\u00e9 ho pozd\u011bji \u010dekalo v Nig\u00e9rii. Tam se odst\u011bhoval po smrti sv\u00e9ho otce, v\u00fdznamn\u00e9ho a mocn\u00e9ho gener\u00e1la policie. Nebylo mu je\u0161t\u011b ani t\u0159icet, a u\u017e se musel postarat o b\u00fdval\u00e9 macechy a v\u0161echny sourozence. Nav\u00edc mnohokr\u00e1t \u010delil smrteln\u00e9mu nebezpe\u010d\u00ed.<\/p>\n","protected":false},"author":2,"featured_media":4519,"comment_status":"open","ping_status":"open","sticky":false,"template":"","format":"standard","meta":{"_acf_changed":false,"_monsterinsights_skip_tracking":false,"_monsterinsights_sitenote_active":false,"_monsterinsights_sitenote_note":"","_monsterinsights_sitenote_category":0,"_EventAllDay":false,"_EventTimezone":"","_EventStartDate":"","_EventEndDate":"","_EventStartDateUTC":"","_EventEndDateUTC":"","_EventShowMap":false,"_EventShowMapLink":false,"_EventURL":"","_EventCost":"","_EventCostDescription":"","_EventCurrencySymbol":"","_EventCurrencyCode":"","_EventCurrencyPosition":"","_EventDateTimeSeparator":"","_EventTimeRangeSeparator":"","_EventOrganizerID":[],"_EventVenueID":[],"_OrganizerEmail":"","_OrganizerPhone":"","_OrganizerWebsite":"","_VenueAddress":"","_VenueCity":"","_VenueCountry":"","_VenueProvince":"","_VenueState":"","_VenueZip":"","_VenuePhone":"","_VenueURL":"","_VenueStateProvince":"","_VenueLat":"","_VenueLng":"","_VenueShowMap":false,"_VenueShowMapLink":false,"twitterCardType":"","cardImageID":0,"cardImage":"","cardTitle":"","cardDesc":"","cardImageAlt":"","cardPlayer":"","cardPlayerWidth":0,"cardPlayerHeight":0,"cardPlayerStream":"","cardPlayerCodec":"","footnotes":""},"categories":[7],"tags":[],"class_list":["post-4518","post","type-post","status-publish","format-standard","has-post-thumbnail","hentry","category-recenze"],"acf":{"related_products":null},"_links":{"self":[{"href":"https:\/\/www.luxor.cz\/blog\/wp-json\/wp\/v2\/posts\/4518","targetHints":{"allow":["GET"]}}],"collection":[{"href":"https:\/\/www.luxor.cz\/blog\/wp-json\/wp\/v2\/posts"}],"about":[{"href":"https:\/\/www.luxor.cz\/blog\/wp-json\/wp\/v2\/types\/post"}],"author":[{"embeddable":true,"href":"https:\/\/www.luxor.cz\/blog\/wp-json\/wp\/v2\/users\/2"}],"replies":[{"embeddable":true,"href":"https:\/\/www.luxor.cz\/blog\/wp-json\/wp\/v2\/comments?post=4518"}],"version-history":[{"count":0,"href":"https:\/\/www.luxor.cz\/blog\/wp-json\/wp\/v2\/posts\/4518\/revisions"}],"wp:featuredmedia":[{"embeddable":true,"href":"https:\/\/www.luxor.cz\/blog\/wp-json\/wp\/v2\/media\/4519"}],"wp:attachment":[{"href":"https:\/\/www.luxor.cz\/blog\/wp-json\/wp\/v2\/media?parent=4518"}],"wp:term":[{"taxonomy":"category","embeddable":true,"href":"https:\/\/www.luxor.cz\/blog\/wp-json\/wp\/v2\/categories?post=4518"},{"taxonomy":"post_tag","embeddable":true,"href":"https:\/\/www.luxor.cz\/blog\/wp-json\/wp\/v2\/tags?post=4518"}],"curies":[{"name":"wp","href":"https:\/\/api.w.org\/{rel}","templated":true}]}}