{"id":4516,"date":"2019-03-29T10:00:00","date_gmt":"2019-03-29T09:00:00","guid":{"rendered":"https:\/\/www.luxor.cz\/blog\/nezarazene\/tajemstvi-ukryte-v-hortenziich\/"},"modified":"2023-01-06T13:13:51","modified_gmt":"2023-01-06T12:13:51","slug":"tajemstvi-ukryte-v-hortenziich-2217","status":"publish","type":"post","link":"https:\/\/www.luxor.cz\/blog\/recenze\/tajemstvi-ukryte-v-hortenziich-2217\/","title":{"rendered":"Tajemstv\u00ed ukryt\u00e9 v hortenzi\u00edch"},"content":{"rendered":"<\/p>\n<\/p>\n<p>Sema Tabarlyov\u00e1 a Maelle  LeHaziffov\u00e1 byly p\u0159\u00edtelkyn\u011b od d\u011btstv\u00ed. Vyr\u016fstaly vedle sebe na rodinn\u00fdch  statc\u00edch ve vesnici Plouvan v Bretani a jedna bez druh\u00e9 nedala ani r\u00e1nu. N\u00e1hle  je v\u0161ak p\u0159ekvapila 2. sv\u011btov\u00e1 v\u00e1lka a z\u00a0bezstarostn\u00e9ho \u017eivota najednou  nezb\u00fdvalo nic. Ale i v\u00a0t\u011b\u017ek\u00fdch \u010dasech m\u016f\u017ee vykv\u00e9st l\u00e1ska a mo\u017en\u00e1 i  tajemstv\u00ed, kter\u00e9 p\u0159etrv\u00e1 roky.<\/p>\n<p>O sedm des\u00edtek let  pozd\u011bji, v roce 2010 p\u0159ij\u00ed\u017ed\u00ed mlad\u00e1 socha\u0159ka Giselle Esch-Lamartinov\u00e1 do mal\u00e9ho  zapadl\u00e9ho breta\u0148sk\u00e9ho kl\u00e1\u0161tera, aby mu renovac\u00ed navr\u00e1tila lesk a sl\u00e1vu. Do  cesty j\u00ed vstupuje Yannik LeHaziff. Pro Giselle je tvrd\u00fdm o\u0159\u00ed\u0161kem \u2013 na jednu  stranu je vst\u0159\u00edcn\u00fd k jepti\u0161k\u00e1m, na druhou tou\u017e\u00ed po roz\u0161\u00ed\u0159en\u00ed rodinn\u00e9ho majetku,  a to lze jedin\u011b s pozemky, kter\u00e9 pat\u0159\u00ed kl\u00e1\u0161teru. D\u00e1 se mu v\u011b\u0159it? Jak je spojen  s rodinami Semy a Maelle, o nich\u017e v Plouvanu nikdo nechce mluvit?<\/p>\n<p>Pom\u011brn\u011b rozs\u00e1hl\u00fd rom\u00e1n  t\u011b\u017e\u00ed z obl\u00edben\u00e9ho sch\u00e9matu dvou \u010dasov\u00fdch rovin a siln\u00fdch, \u017eivotem zkou\u0161en\u00fdch hrdinek,  v jejich\u017e \u017eivotech stoj\u00ed l\u00e1ska a smysl pro rodinnou \u010dest na p\u0159edn\u00edch p\u0159\u00ed\u010dk\u00e1ch  pomysln\u00e9ho \u017eeb\u0159\u00ed\u010dku priorit. Jen\u017ee n\u011bkdy p\u0159ich\u00e1z\u00ed chv\u00edle, kdy mus\u00edte d\u00e1t  jednomu p\u0159ednost p\u0159ed druh\u00fdm. Ob\u011b d\u00edvky se p\u0159ed takov\u00fdm dilema t\u011bm nach\u00e1zej\u00ed,  mus\u00ed se rozhodnout, zda zvol\u00ed l\u00e1sku nebo rodinu, a to i za cenu fat\u00e1ln\u00edho  v\u00fdsledku. <\/p>\n<p>Jednotliv\u00e9 kapitoly, v  nich\u017e se ob\u011b d\u011bjov\u00e9 linky pravideln\u011b st\u0159\u00eddaj\u00ed, jsou sice pom\u011brn\u011b obs\u00e1hl\u00e9, ale  kon\u010d\u00ed v\u017edy velmi nap\u00ednavou sc\u00e9nou, kter\u00e1 v\u00e1s nut\u00ed \u010d\u00edst d\u00e1l a je tak z\u00e1rukou, \u017ee  knihu jen t\u011b\u017ece odlo\u017e\u00edte.<\/p>\n<p>Knize dominuj\u00ed barvit\u00e9  popisy breta\u0148sk\u00e9 p\u0159\u00edrody i tradi\u010dn\u00ed m\u00fdty a legendy vinouc\u00ed se nap\u0159\u00ed\u010d p\u0159\u00edb\u011bhem,  v n\u011bm\u017e zauj\u00edmaj\u00ed v\u00fdznamn\u00e9 m\u00edsto.<\/p>\n<p>Zaj\u00edmav\u00fdm prvkem se jev\u00ed  i pohled na \u017eivot \u0159eholn\u00edch sester v kl\u00e1\u0161te\u0159e, jejich boj o p\u0159e\u017eit\u00ed ve sv\u011bt\u011b drav\u00e9  ekonomiky i st\u0159ety duchovn\u00edho sv\u011bta s realitou v\u0161edn\u00edch dn\u00ed, kter\u00fd p\u016fsob\u00ed ob\u010das  \u00fasm\u011bvn\u011b.<\/p>\n<p><b>Marie Lamballe<\/b> je pseudonym pom\u011brn\u011b zn\u00e1m\u00e9 spisovatelky, kter\u00e1 se p\u0159ed \u010dasem proslavila  rodinnou s\u00e1gou z prost\u0159ed\u00ed n\u011bmeck\u00e9 pr\u016fmyslnick\u00e9 rodiny. Tentokr\u00e1t si na pa\u0161k\u00e1l  vzala francouzsk\u00e9 re\u00e1lie a jedno z nejt\u011b\u017e\u0161\u00edch historick\u00fdch obdob\u00ed t\u00e9to zem\u011b.  T\u00e9matu se zhostila se ct\u00ed a gr\u00e1ci\u00ed a stvo\u0159ila \u010dtiv\u00fd rom\u00e1n pro \u017eeny, jeho\u017e  atraktivitu i dramati\u010dnost zvy\u0161uj\u00ed kulisy druh\u00e9 sv\u011btov\u00e9 v\u00e1lky.<\/p>\n<p><b>Hortenziov\u00e1 zahrada <\/b>si nehraje na nic intelektu\u00e1ln\u00edho. \u010cten\u00e1\u0159i p\u0159ed  sebou maj\u00ed spole\u010densk\u00fd rom\u00e1n, kter\u00fd zaujme prim\u00e1rn\u011b \u017eenskou \u010d\u00e1st \u010dten\u00e1\u0159sk\u00e9ho  publika a nab\u00eddne to, co je na t\u011bchto po\u010dinech tak zaj\u00edmav\u00e9 a l\u00e1kav\u00e9 \u2013 pestr\u00e9 d\u011bjov\u00e9  linie sm\u011b\u0159uj\u00edc\u00ed k dramatick\u00e9mu a epick\u00e9mu fin\u00e1le.<\/p>\n<p>M\u00e1 smysl uchov\u00e1vat  rodinn\u00e1 tajemstv\u00ed, i kdy\u017e jejich akt\u00e9\u0159i u\u017e d\u00e1vno nejsou mezi \u017eiv\u00fdmi? To  zjist\u00edte, kdy\u017e se s\u00a0<b>Hortenziovou zahradou<\/b>  p\u0159enesete do okouzluj\u00edc\u00ed i drsn\u00e9 Bretan\u011b.<\/p>\n<p><\/p>\n<p>Barbora Javorkov\u00e1<\/p>\n<p><\/p>\n","protected":false},"excerpt":{"rendered":"<p>Bezstarostnost ml\u00e1d\u00ed st\u0159\u00edd\u00e1 strach z bl\u00ed\u017e\u00edc\u00ed se v\u00e1lky. P\u00ed\u0161e se rok 1939 a N\u011bmci jsou u\u017e tak bl\u00edzko. Zat\u00edmco mu\u017ei vyr\u00e1\u017eej\u00ed do boje za \u010dest Francie, \u017eeny se staraj\u00ed o hospod\u00e1\u0159stv\u00ed. Pro Maelle a Semu nast\u00e1vaj\u00ed t\u011b\u017ek\u00e9 \u010dasy, ale i v t\u011bch se najde skulinka pro l\u00e1sku\u2026<\/p>\n","protected":false},"author":2,"featured_media":4517,"comment_status":"open","ping_status":"open","sticky":false,"template":"","format":"standard","meta":{"_acf_changed":false,"_monsterinsights_skip_tracking":false,"_monsterinsights_sitenote_active":false,"_monsterinsights_sitenote_note":"","_monsterinsights_sitenote_category":0,"_EventAllDay":false,"_EventTimezone":"","_EventStartDate":"","_EventEndDate":"","_EventStartDateUTC":"","_EventEndDateUTC":"","_EventShowMap":false,"_EventShowMapLink":false,"_EventURL":"","_EventCost":"","_EventCostDescription":"","_EventCurrencySymbol":"","_EventCurrencyCode":"","_EventCurrencyPosition":"","_EventDateTimeSeparator":"","_EventTimeRangeSeparator":"","_EventOrganizerID":[],"_EventVenueID":[],"_OrganizerEmail":"","_OrganizerPhone":"","_OrganizerWebsite":"","_VenueAddress":"","_VenueCity":"","_VenueCountry":"","_VenueProvince":"","_VenueState":"","_VenueZip":"","_VenuePhone":"","_VenueURL":"","_VenueStateProvince":"","_VenueLat":"","_VenueLng":"","_VenueShowMap":false,"_VenueShowMapLink":false,"twitterCardType":"","cardImageID":0,"cardImage":"","cardTitle":"","cardDesc":"","cardImageAlt":"","cardPlayer":"","cardPlayerWidth":0,"cardPlayerHeight":0,"cardPlayerStream":"","cardPlayerCodec":"","footnotes":""},"categories":[7],"tags":[],"class_list":["post-4516","post","type-post","status-publish","format-standard","has-post-thumbnail","hentry","category-recenze"],"acf":{"related_products":null},"_links":{"self":[{"href":"https:\/\/www.luxor.cz\/blog\/wp-json\/wp\/v2\/posts\/4516","targetHints":{"allow":["GET"]}}],"collection":[{"href":"https:\/\/www.luxor.cz\/blog\/wp-json\/wp\/v2\/posts"}],"about":[{"href":"https:\/\/www.luxor.cz\/blog\/wp-json\/wp\/v2\/types\/post"}],"author":[{"embeddable":true,"href":"https:\/\/www.luxor.cz\/blog\/wp-json\/wp\/v2\/users\/2"}],"replies":[{"embeddable":true,"href":"https:\/\/www.luxor.cz\/blog\/wp-json\/wp\/v2\/comments?post=4516"}],"version-history":[{"count":0,"href":"https:\/\/www.luxor.cz\/blog\/wp-json\/wp\/v2\/posts\/4516\/revisions"}],"wp:featuredmedia":[{"embeddable":true,"href":"https:\/\/www.luxor.cz\/blog\/wp-json\/wp\/v2\/media\/4517"}],"wp:attachment":[{"href":"https:\/\/www.luxor.cz\/blog\/wp-json\/wp\/v2\/media?parent=4516"}],"wp:term":[{"taxonomy":"category","embeddable":true,"href":"https:\/\/www.luxor.cz\/blog\/wp-json\/wp\/v2\/categories?post=4516"},{"taxonomy":"post_tag","embeddable":true,"href":"https:\/\/www.luxor.cz\/blog\/wp-json\/wp\/v2\/tags?post=4516"}],"curies":[{"name":"wp","href":"https:\/\/api.w.org\/{rel}","templated":true}]}}