{"id":4510,"date":"2019-03-19T09:52:00","date_gmt":"2019-03-19T08:52:00","guid":{"rendered":"https:\/\/www.luxor.cz\/blog\/nezarazene\/tyden-v-knihach-5\/"},"modified":"2023-01-06T13:13:51","modified_gmt":"2023-01-06T12:13:51","slug":"tyden-v-knihach-5-2214","status":"publish","type":"post","link":"https:\/\/www.luxor.cz\/blog\/nezarazene\/tyden-v-knihach-5-2214\/","title":{"rendered":"T\u00ddDEN V KNIH\u00c1CH #5"},"content":{"rendered":"<\/p>\n<p>Nejprve v\u0161ak za\u010dneme s p\u0159ipomenut\u00edm, \u017ee v\u010dera vy\u0161la  dlouho o\u010dek\u00e1van\u00e1 nov\u00e1 kniha nejprod\u00e1van\u011bj\u0161\u00edho \u010desk\u00e9ho spisovatele <b>Michala  Viewegha<\/b>. Jmenuje se <b>Pov\u00eddky o nel\u00e1sce<\/b> a pot\u011b\u0161\u00ed zejm\u00e9na ty, kdo si obl\u00edbili  Pov\u00eddky o l\u00e1sce. P\u0159ejeme p\u0159\u00edjemn\u00e9 po\u010dten\u00ed!<\/p>\n<p>Tento t\u00fdden je u n\u00e1s p\u0159\u00edmo p\u0159epln\u011bn\u00fd zaj\u00edmav\u00fdmi a  inspirativn\u00edmi ud\u00e1lostmi. Ji\u017e dnes k n\u00e1m do knihkupectv\u00ed na V\u00e1clavsk\u00e9m  n\u00e1m\u011bst\u00ed zav\u00edt\u00e1 <a href=\"https:\/\/luxor.cz\/akce\/ales-palan-autogramiada-a-beseda-ke-knize-radeji-zesilet-v-divocine--1275\/\" target=\"_blank\" rel=\"noopener noreferrer\"><b>Ale\u0161 Pal\u00e1n<\/b> <\/a>a od p\u011bti bude m\u00edt besedu se \u010dten\u00e1\u0159i a autogrami\u00e1du.<\/p>\n<p>Ve st\u0159edu k n\u00e1m doraz\u00ed \u010desk\u00fd syn nigerijsk\u00e9ho kr\u00e1le  <a href=\"https:\/\/luxor.cz\/akce\/obonete-s-ubam-sedm-let-v-africe-krest-knihy-a-autogramiada-syna-nigerijskeho-krale--1276\/\" target=\"_blank\" rel=\"noopener noreferrer\"><b>Obonete Ubam<\/b><\/a>. Ten doraz\u00ed na V\u00e1clavsk\u00e9 n\u00e1m\u011bst\u00ed p\u0159edstavit svou novou knihu <b>Sedm  let v Africe<\/b>, spole\u010dn\u011b ji pok\u0159t\u00edme, budeme si o n\u00ed pov\u00eddat a n\u00e1sledn\u011b prob\u011bhne  autogrami\u00e1da.<\/p>\n<\/p>\n<p>V p\u00e1tek k n\u00e1m do Pal\u00e1ce knih doraz\u00ed renomovan\u00fd psychiatr  a psychoterapeut <a href=\"https:\/\/luxor.cz\/akce\/radkin-honzak-beseda-a-autogramiada-ke-knize-vsichni-zijem-v-blazinci--1277\/\" target=\"_blank\" rel=\"noopener noreferrer\"><b>Radkin Honz\u00e1k<\/b><\/a>. Rovn\u011b\u017e od p\u011bti hodin odpoledne bude m\u00edt besedu  a autogrami\u00e1du.<\/p>\n<p><\/p>\n<p>Douf\u00e1me, \u017ee se s v\u00e1mi minim\u00e1ln\u011b na jedn\u00e9 autogrami\u00e1d\u011b potk\u00e1me a p\u0159ejeme kr\u00e1sn\u00fd t\u00fdden!<\/p>\n<p>Luxor, v knihkupectv\u00ed jako doma<\/p>\n<p><\/p>\n","protected":false},"excerpt":{"rendered":"<p>Nejbli\u017e\u0161\u00ed dny budou pln\u00e9 kni\u017en\u00edch ud\u00e1lost\u00ed! A vy jste na n\u011b samoz\u0159ejm\u011b v\u0161ichni zv\u00e1ni, t\u011b\u0161\u00edme se na v\u00e1s!<\/p>\n","protected":false},"author":2,"featured_media":4511,"comment_status":"open","ping_status":"open","sticky":false,"template":"","format":"standard","meta":{"_acf_changed":false,"_monsterinsights_skip_tracking":false,"_monsterinsights_sitenote_active":false,"_monsterinsights_sitenote_note":"","_monsterinsights_sitenote_category":0,"_EventAllDay":false,"_EventTimezone":"","_EventStartDate":"","_EventEndDate":"","_EventStartDateUTC":"","_EventEndDateUTC":"","_EventShowMap":false,"_EventShowMapLink":false,"_EventURL":"","_EventCost":"","_EventCostDescription":"","_EventCurrencySymbol":"","_EventCurrencyCode":"","_EventCurrencyPosition":"","_EventDateTimeSeparator":"","_EventTimeRangeSeparator":"","_EventOrganizerID":[],"_EventVenueID":[],"_OrganizerEmail":"","_OrganizerPhone":"","_OrganizerWebsite":"","_VenueAddress":"","_VenueCity":"","_VenueCountry":"","_VenueProvince":"","_VenueState":"","_VenueZip":"","_VenuePhone":"","_VenueURL":"","_VenueStateProvince":"","_VenueLat":"","_VenueLng":"","_VenueShowMap":false,"_VenueShowMapLink":false,"twitterCardType":"","cardImageID":0,"cardImage":"","cardTitle":"","cardDesc":"","cardImageAlt":"","cardPlayer":"","cardPlayerWidth":0,"cardPlayerHeight":0,"cardPlayerStream":"","cardPlayerCodec":"","footnotes":""},"categories":[1],"tags":[],"class_list":["post-4510","post","type-post","status-publish","format-standard","has-post-thumbnail","hentry","category-nezarazene"],"acf":{"related_products":null},"_links":{"self":[{"href":"https:\/\/www.luxor.cz\/blog\/wp-json\/wp\/v2\/posts\/4510","targetHints":{"allow":["GET"]}}],"collection":[{"href":"https:\/\/www.luxor.cz\/blog\/wp-json\/wp\/v2\/posts"}],"about":[{"href":"https:\/\/www.luxor.cz\/blog\/wp-json\/wp\/v2\/types\/post"}],"author":[{"embeddable":true,"href":"https:\/\/www.luxor.cz\/blog\/wp-json\/wp\/v2\/users\/2"}],"replies":[{"embeddable":true,"href":"https:\/\/www.luxor.cz\/blog\/wp-json\/wp\/v2\/comments?post=4510"}],"version-history":[{"count":0,"href":"https:\/\/www.luxor.cz\/blog\/wp-json\/wp\/v2\/posts\/4510\/revisions"}],"wp:featuredmedia":[{"embeddable":true,"href":"https:\/\/www.luxor.cz\/blog\/wp-json\/wp\/v2\/media\/4511"}],"wp:attachment":[{"href":"https:\/\/www.luxor.cz\/blog\/wp-json\/wp\/v2\/media?parent=4510"}],"wp:term":[{"taxonomy":"category","embeddable":true,"href":"https:\/\/www.luxor.cz\/blog\/wp-json\/wp\/v2\/categories?post=4510"},{"taxonomy":"post_tag","embeddable":true,"href":"https:\/\/www.luxor.cz\/blog\/wp-json\/wp\/v2\/tags?post=4510"}],"curies":[{"name":"wp","href":"https:\/\/api.w.org\/{rel}","templated":true}]}}