{"id":4494,"date":"2019-03-11T09:48:00","date_gmt":"2019-03-11T08:48:00","guid":{"rendered":"https:\/\/www.luxor.cz\/blog\/nezarazene\/tiche-roky-ukazka-z-noveho-romanu\/"},"modified":"2023-01-06T13:13:51","modified_gmt":"2023-01-06T12:13:51","slug":"tiche-roky-ukazka-z-noveho-romanu-2206","status":"publish","type":"post","link":"https:\/\/www.luxor.cz\/blog\/nezarazene\/tiche-roky-ukazka-z-noveho-romanu-2206\/","title":{"rendered":"Tich\u00e9 roky &#8211; uk\u00e1zka z nov\u00e9ho rom\u00e1nu"},"content":{"rendered":"<p><b><\/b><\/p>\n<\/p>\n<p><b>Uk\u00e1zka z\u00a0knihy TICH\u00c9 ROKY<\/b><\/p>\n<p><b><br \/><\/b><\/p>\n<p><b>Prolog<\/b><\/p>\n<p>Na babi\u010dku m\u00e1m dv\u011b vzpom\u00ednky. Prvn\u00ed je  rozmazan\u00e1 a nejasn\u00e1. Jsem je\u0161t\u011b \u00fapln\u011b mal\u00e1. Stoj\u00edm v\u00a0na\u0161em dom\u011b pod  schodi\u0161t\u011bm, dla\u017edice m\u011b stud\u00ed do bos\u00fdch nohou a shora se na m\u011b sn\u00e1\u0161ej\u00ed barevn\u00e9  kousky oble\u010den\u00ed. Pluj\u00ed vzduchem, zachyt\u00e1vaj\u00ed se o z\u00e1bradl\u00ed a dopadaj\u00ed mi  k\u00a0noh\u00e1m. Babi\u010dka pob\u00edh\u00e1 okolo, sb\u00edr\u00e1 svetry, pun\u010dochy, sukn\u011b, spodni\u010dky a  obrovsk\u00e9 kalhotky s\u00a0nohavi\u010dkami a bez ladu a skladu je cpe do ta\u0161ky.  Rozb\u011bhnu se a za\u010dnu taky sb\u00edrat. Kdy\u017e babi\u010dce pod\u00e1v\u00e1m b\u00edl\u00e9 kombin\u00e9, pod\u00edv\u00e1m se  na ni a vid\u00edm, \u017ee j\u00ed po tv\u00e1\u0159\u00edch te\u010dou slzy. <\/p>\n<p>Od t\u00e9 doby v\u00edm, \u017ee i dosp\u011bl\u00ed pl\u00e1\u010dou.<\/p>\n<p>Druh\u00e1 vzpom\u00ednka je \u00fapln\u011b jasn\u00e1 a  p\u0159edch\u00e1zela jednomu z\u00a0nejd\u016fle\u017eit\u011bj\u0161\u00edch rozhodnut\u00ed, jak\u00e1 jsem v\u00a0\u017eivot\u011b  ud\u011blala. <\/p>\n<p>Na nemocni\u010dn\u00ed posteli le\u017e\u00ed \u017eena. \u017de je  to babi\u010dka, v\u00edm jenom proto, \u017ee mi to \u0159ekl otec. O\u010di m\u00e1 p\u0159iv\u0159en\u00e9, ale nesp\u00ed.  Hrudn\u00edk se j\u00ed zved\u00e1 s\u00edpav\u00fdm dechem a pap\u00edrov\u00e1 k\u016f\u017ee na rukou je zbarven\u00e1  rudofialov\u00fdmi skvrnami. Sna\u017e\u00edm se d\u00fdchat jen m\u011blce, proto\u017ee vzduch  v\u00a0pokoji je nas\u00e1kl\u00fd pachem mo\u010di, potu a dezinfekce. Zad\u00edv\u00e1m se do  pobledl\u00e9ho obli\u010deje, jestli pozn\u00e1m \u017eenu ze sv\u00e9 d\u011btsk\u00e9 vzpom\u00ednky. Babi\u010dka otev\u0159e  o\u010di a zahled\u00ed se na m\u011b. <\/p>\n<p>\u201eBlanko, Blani\u010dko.\u201c Usm\u011bje se.<\/p>\n<p>Jmenuju se Bohdana. Zmaten\u011b se obr\u00e1t\u00edm k  otci.<\/p>\n<p>\u201eBlani\u010dko,\u201c zopakuje babi\u010dka, ale kdy\u017e  zavrt\u00edm hlavou, otec mi sev\u0159e pa\u017ei. <\/p>\n<p>Pod\u00edv\u00e1m se na n\u011bj.<\/p>\n<p>Uhne o\u010dima. <\/p>\n<p>\u201eBlanka byla jej\u00ed sestra,\u201c \u0159ekne  netrp\u011bliv\u011b. \u201eU\u017e um\u0159ela.\u201c<\/p>\n<p>V\u00edm, \u017ee l\u017ee. Prozradil mi to uh\u00fdbav\u00fd  pohled a z\u00e1blesk p\u0159edchoz\u00ed vzpom\u00ednky. <\/p>\n<p>Proto\u017ee kdy\u017e tehdy babi\u010dka sebrala  posledn\u00ed kousek pr\u00e1dla, narovnala se, ut\u0159ela si slzy a vyk\u0159ikla nahoru do schod\u016f:  \u201eVyh\u00e1n\u00ed\u0161 m\u011b. V\u0161echny od sebe vyh\u00e1n\u00ed\u0161. Blanka tady taky nen\u00ed kv\u016fli tob\u011b. Nakonec  z\u016fstane\u0161 s\u00e1m.\u201c<\/p>\n<p>Babi\u010dka \u017eila je\u0161t\u011b dal\u0161\u00ed dva m\u011bs\u00edce, ale  otec m\u011b u\u017e na n\u00e1v\u0161t\u011bvu do l\u00e9\u010debny nevzal.<\/p>\n<p>Bylo mi t\u0159in\u00e1ct, kdy\u017e jsem  v\u00a0p\u00e1chnouc\u00edm pokoji se \u010dty\u0159mi l\u016f\u017eky, na nich\u017e v\u00a0l\u00e9\u010debn\u011b dlouhodob\u011b  nemocn\u00fdch pod\u0159imovali l\u00e9ky om\u00e1men\u00ed pacienti, zahl\u00e9dla i sv\u016fj konec a pochopila,  \u017ee lid\u00e9 okolo m\u011b pro\u017eili dny, kter\u00e9 ovlivnily to, jak \u017eij\u00ed a jac\u00ed jsou dnes. \u017de  i moje rodina m\u00e1 svou historii. A \u017ee o n\u00ed nic nev\u00edm.<\/p>\n<p>A tehdy jsem se za\u010dala ohl\u00ed\u017eet do  minulosti a vr\u00fdvat si do pam\u011bti sou\u010dasnost.<\/p>\n<p>Stala se ze m\u011b sb\u011bratelka vzpom\u00ednek. Do  velk\u00e9ho \u010derven\u00e9ho se\u0161itu s\u00a0modr\u00fdmi linkami jsem si za\u010dala zapisovat sv\u00e9  my\u0161lenky a v\u0161echny ud\u00e1losti, kter\u00e9 n\u00e1s potkaly, t\u0159eba\u017ee se v\u00a0tu chv\u00edli  zd\u00e1ly docela bezv\u00fdznamn\u00e9. Teprve ve \u0161\u0148\u016f\u0159e plynouc\u00edch let se uk\u00e1zalo, \u017ee cokoli  se stalo, bylo d\u016fle\u017eit\u00e9, proto\u017ee tak jako m\u00e1vnut\u00ed mot\u00fdl\u00edch k\u0159\u00eddel m\u016f\u017ee vyvolat  tajfun na druh\u00e9m konci sv\u011bta, tak i pouh\u00e9 slovo mnohdy ran\u00ed a poznamen\u00e1 vztah  dvou lid\u00ed nav\u011bky.<\/p>\n<p>N\u011bkdy jsem za den popsala cel\u00e9 str\u00e1nky,  jindy jsem po dlouh\u00e9 odmlce napsala jen p\u00e1r \u0159\u00e1dk\u016f, ale poka\u017ed\u00e9 jsem m\u011bla na  mysli toho, komu byly m\u00e9 z\u00e1pisky ur\u010deny. \u010clov\u011bka, kter\u00fd se ztratil v\u00a0on\u00e9  minulosti, o n\u00ed\u017e jsem nic nev\u011bd\u011bla, a kter\u00e9ho jsem moc, moc pot\u0159ebovala.<\/p>\n<p><\/p>\n<p><b>Jedna &#8211; Dcera<\/b><\/p>\n<p>N\u00e1\u0161 d\u016fm stoj\u00ed na kraji m\u011bsta na konci  slep\u00e9 ulice. Za zahradou zarostlou star\u00fdmi stromy, nest\u0159\u00edhan\u00fdmi ke\u0159i a  z\u0159\u00eddkakdy kosenou tr\u00e1vou je jen pra\u0161n\u00e1 poln\u00ed cesta, louka a nekone\u010dn\u00fd les. Plot  i st\u011bny domu jsou porostl\u00e9 b\u0159e\u010d\u0165anem, tak\u017ee p\u0159i pohledu z\u00a0opa\u010dn\u00e9ho konce  ulice d\u016fm spl\u00fdv\u00e1 s\u00a0okol\u00edm a je t\u011b\u017ek\u00e9 ho post\u0159ehnout. Ale kdy\u017e p\u0159ijdete  bl\u00ed\u017e, vid\u00edte ho. <\/p>\n<p>Je velk\u00fd a pevn\u00fd a tmav\u00e1 okna se ze  zelen\u00fdch list\u016f na p\u0159\u00edchoz\u00ed d\u00edvaj\u00ed, jako kdyby je pozorovala a zkoumala, jestli  jsou hodni proj\u00edt \u017eeleznou brankou, vstoupit do p\u0159edzahr\u00e1dky a po dl\u00e1\u017ed\u011bn\u00e9m  chodn\u00edku, jeho\u017e sp\u00e1rami pror\u016fst\u00e1 mech a tr\u00e1va, doj\u00edt ke t\u0159em kamenn\u00fdm schod\u016fm  vedouc\u00edm ke vchodov\u00fdm dve\u0159\u00edm. <\/p>\n<p>Zven\u010d\u00ed se d\u016fm podob\u00e1 m\u00e9mu otci. I on  zd\u00e1nliv\u011b spl\u00fdv\u00e1 s\u00a0okol\u00edm, ale jakmile se k\u00a0n\u011bmu p\u0159ibl\u00ed\u017e\u00edte, vid\u00edte  jeho velikost, c\u00edt\u00edte jeho s\u00edlu a pronikav\u00fd pohled. <\/p>\n<p>V\u00a0jednom se ale otec od na\u0161eho domu  li\u0161\u00ed. Kdy\u017e d\u016fm otev\u0159e dve\u0159e, p\u0159ekvap\u00ed v\u00e1s sv\u011btlem, vst\u0159\u00edcnost\u00ed, \u00fatulnost\u00ed a  konej\u0161iv\u00fdm pocitem domova. Otec sv\u00e9 dve\u0159e nikdy neotev\u00edr\u00e1. V\u016fbec netu\u0161\u00edm, co se  za nimi skr\u00fdv\u00e1.<\/p>\n<p>N\u00e1\u0161 d\u016fm je kouzeln\u00fd. V\u00edm to, proto\u017ee  \u010dtrn\u00e1ct\u00e9ho z\u00e1\u0159\u00ed devaten\u00e1ct set osmdes\u00e1t, kdy jsem se narodila, uplynul p\u0159esn\u011b  rok a den, co se do n\u011bj rodi\u010de nast\u011bhovali. Otci bylo hodn\u011b p\u0159es \u010dty\u0159icet a  mamince jen o p\u00e1r rok\u016f m\u00e9n\u011b. Narodila jsem se po dvaceti p\u011bti letech man\u017eelstv\u00ed  a vyr\u016fstala jsem jako jedin\u00e1\u010dek. Na rub jedn\u00e9 z\u00a0m\u00fdch prvn\u00edch fotografi\u00ed  maminka napsala, \u017ee jsem z\u00e1zrak a dar z\u00a0nebes. <\/p>\n<p>Pro otce jsem byla p\u0159\u00edt\u011b\u017e\u00ed.<\/p>\n<p><\/p>\n<p><i>Nov\u00e1 knihy Aleny Morn\u0161tajnov\u00e9 Tich\u00e9 roky vych\u00e1z\u00ed na konci dubna 2019.<\/i><\/p>\n<p><i><br \/><\/i><\/p>\n<p><\/p>\n","protected":false},"excerpt":{"rendered":"<p>Tich\u00e9 roky, nov\u00fd rom\u00e1n Aleny Morn\u0161tajnov\u00e9 je jin\u00fd ne\u017e ty p\u0159edchoz\u00ed. Nejedn\u00e1 se o velk\u00e9 historick\u00e9 t\u00e9ma, n\u00fdbr\u017e o intimn\u00ed rodinn\u00e9 drama, kde hlavn\u00ed roli nehraj\u00ed velk\u00e9 d\u011bjiny, ale n\u00e1hody a lidsk\u00e9 charaktery. Stejn\u011b jako u rom\u00e1nu Hana v\u0161ak jde o siln\u00fd, strhuj\u00edc\u00edm zp\u016fsobem vypr\u00e1v\u011bn\u00fd p\u0159\u00edb\u011bh, kter\u00fd si \u010dten\u00e1\u0159e podman\u00ed od prvn\u00ed do posledn\u00ed str\u00e1nky.<\/p>\n","protected":false},"author":2,"featured_media":4495,"comment_status":"open","ping_status":"open","sticky":false,"template":"","format":"standard","meta":{"_acf_changed":false,"_monsterinsights_skip_tracking":false,"_monsterinsights_sitenote_active":false,"_monsterinsights_sitenote_note":"","_monsterinsights_sitenote_category":0,"_EventAllDay":false,"_EventTimezone":"","_EventStartDate":"","_EventEndDate":"","_EventStartDateUTC":"","_EventEndDateUTC":"","_EventShowMap":false,"_EventShowMapLink":false,"_EventURL":"","_EventCost":"","_EventCostDescription":"","_EventCurrencySymbol":"","_EventCurrencyCode":"","_EventCurrencyPosition":"","_EventDateTimeSeparator":"","_EventTimeRangeSeparator":"","_EventOrganizerID":[],"_EventVenueID":[],"_OrganizerEmail":"","_OrganizerPhone":"","_OrganizerWebsite":"","_VenueAddress":"","_VenueCity":"","_VenueCountry":"","_VenueProvince":"","_VenueState":"","_VenueZip":"","_VenuePhone":"","_VenueURL":"","_VenueStateProvince":"","_VenueLat":"","_VenueLng":"","_VenueShowMap":false,"_VenueShowMapLink":false,"twitterCardType":"","cardImageID":0,"cardImage":"","cardTitle":"","cardDesc":"","cardImageAlt":"","cardPlayer":"","cardPlayerWidth":0,"cardPlayerHeight":0,"cardPlayerStream":"","cardPlayerCodec":"","footnotes":""},"categories":[1],"tags":[],"class_list":["post-4494","post","type-post","status-publish","format-standard","has-post-thumbnail","hentry","category-nezarazene"],"acf":{"related_products":null},"_links":{"self":[{"href":"https:\/\/www.luxor.cz\/blog\/wp-json\/wp\/v2\/posts\/4494","targetHints":{"allow":["GET"]}}],"collection":[{"href":"https:\/\/www.luxor.cz\/blog\/wp-json\/wp\/v2\/posts"}],"about":[{"href":"https:\/\/www.luxor.cz\/blog\/wp-json\/wp\/v2\/types\/post"}],"author":[{"embeddable":true,"href":"https:\/\/www.luxor.cz\/blog\/wp-json\/wp\/v2\/users\/2"}],"replies":[{"embeddable":true,"href":"https:\/\/www.luxor.cz\/blog\/wp-json\/wp\/v2\/comments?post=4494"}],"version-history":[{"count":0,"href":"https:\/\/www.luxor.cz\/blog\/wp-json\/wp\/v2\/posts\/4494\/revisions"}],"wp:featuredmedia":[{"embeddable":true,"href":"https:\/\/www.luxor.cz\/blog\/wp-json\/wp\/v2\/media\/4495"}],"wp:attachment":[{"href":"https:\/\/www.luxor.cz\/blog\/wp-json\/wp\/v2\/media?parent=4494"}],"wp:term":[{"taxonomy":"category","embeddable":true,"href":"https:\/\/www.luxor.cz\/blog\/wp-json\/wp\/v2\/categories?post=4494"},{"taxonomy":"post_tag","embeddable":true,"href":"https:\/\/www.luxor.cz\/blog\/wp-json\/wp\/v2\/tags?post=4494"}],"curies":[{"name":"wp","href":"https:\/\/api.w.org\/{rel}","templated":true}]}}