{"id":4492,"date":"2019-03-07T17:22:00","date_gmt":"2019-03-07T16:22:00","guid":{"rendered":"https:\/\/www.luxor.cz\/blog\/nezarazene\/pet-nejlepsich-knih-jany-strykove\/"},"modified":"2023-02-01T14:08:25","modified_gmt":"2023-02-01T13:08:25","slug":"pet-nejlepsich-knih-jany-strykove-2205","status":"publish","type":"post","link":"https:\/\/www.luxor.cz\/blog\/nezarazene\/pet-nejlepsich-knih-jany-strykove-2205\/","title":{"rendered":"P\u011bt nejlep\u0161\u00edch knih Jany Strykov\u00e9"},"content":{"rendered":"<p><b><\/b><\/p>\n<\/p>\n<p><b>Kter\u00e9 knihy doporu\u010duje here\u010dka Jana Strykov\u00e1?<\/b><\/p>\n<p><b><\/b><i><\/i><\/p>\n<p><a href=\"https:\/\/luxor.cz\/detske\/mam-te-rada--244300\/\" target=\"_blank\" rel=\"noopener noreferrer\"><b><i>M\u00e1m T\u011b r\u00e1da (Astrid Desbordes)<\/i><\/b><\/a><\/p>\n<p>Dojemn\u00e1 kniha pro celou rodinu, ur\u010den\u00e1 pro nejmen\u0161\u00ed. M\u00e9mu  synu J\u00e1chymovi se t\u00e9m\u011b\u0159 na rok stala denn\u00edm ritu\u00e1lem p\u0159ed span\u00edm.<\/p>\n<\/p>\n<p><\/p>\n<p><b><i><a href=\"https:\/\/luxor.cz\/beletrie\/zdroj--172327\/\" target=\"_blank\" rel=\"noopener noreferrer\">Zdroj (Ayn Rand)<\/a><\/i><\/b><\/p>\n<\/p>\n<p>Velice motiva\u010dn\u00ed inspiruj\u00edc\u00ed kniha, kterou nebudete schopni  jen tak odlo\u017eit. Tak\u017ee doporu\u010duji za\u010d\u00edt \u010d\u00edst v\u00a0obdob\u00ed pr\u00e1zdnin.  A\u00a0potom hur\u00e1 do \u017eivota!<\/p>\n<p><\/p>\n<\/p>\n<p><b><i><a href=\"https:\/\/luxor.cz\/beletrie\/vsechny-jejich-lzi--272033\/\" target=\"_blank\" rel=\"noopener noreferrer\">V\u0161echny jejich l\u017ei (Tuvia Tenenbom)<\/a><\/i><\/b><\/p>\n<\/p>\n<p>Jsem velkou fanynkou tohoto autora. Jeho knihy bych  doporu\u010dila v\u0161em, kte\u0159\u00ed se zaj\u00edmaj\u00ed o\u00a0politiku, ale p\u0159itom se neboj\u00ed  nekorektn\u00edho humoru a\u00a0mnohdy i\u00a0nelichotiv\u00e9 sebereflexe.<\/p>\n<\/p>\n<p><b><i><br \/><\/i><\/b><\/p>\n<p><a href=\"https:\/\/luxor.cz\/popularne-naucna\/jist-a-zit-moderni-kucharka-na-dalsich-100-let--394667\/\" target=\"_blank\" rel=\"noopener noreferrer\"><b><i>J\u00edst a \u017e\u00edt (Kate\u0159ina Winterov\u00e1)<\/i><\/b><\/a><\/p>\n<p>Vynikaj\u00edc\u00ed kucha\u0159ka m\u00e9 skv\u011bl\u00e9 kolegyn\u011b. Sv\u00fdmi jednoduch\u00fdmi  recepty dok\u00e1\u017ee oslovit i\u00a0takov\u00e9 neum\u011btelky, jak\u00fdmi je m\u00e1 mali\u010dkost.<\/p>\n<p><\/p>\n<p><a href=\"https:\/\/luxor.cz\/popularne-naucna\/dejiny-20-stoleti--217412\/\" target=\"_blank\" rel=\"noopener noreferrer\"><b><i>D\u011bjiny 20. stolet\u00ed (Paul Johnson)<\/i><\/b><\/a><\/p>\n<p>Tuto knihu bych za\u0159adila  mezi povinnou literaturu na st\u0159edn\u00edch \u0161kol\u00e1ch. Nav\u00edc autor je mistrem vypr\u00e1v\u011bn\u00ed  a\u00a0um\u00ed zd\u00e1nliv\u011b nesouvisej\u00edc\u00ed okolnosti bravurn\u011b propojovat  a\u00a0vysv\u011btlovat.<\/p>\n<p><\/p>\n<p><\/p>\n<p><i>\u010cl\u00e1nek vy\u0161el v magaz\u00ednu PAGE, b\u0159ezen 2019<\/i><\/p>\n<p><i><\/i><\/p>\n","protected":false},"excerpt":{"rendered":"<p>Velk\u00e9 o\u010di a sametov\u00fd hlas jsou jej\u00ed typick\u00e1 znamen\u00ed. Co se t\u00fdk\u00e1 hran\u00ed, velmi r\u00e1da st\u0159\u00edd\u00e1 r\u016fzn\u00e9 typy postav i \u017e\u00e1nr\u016f. A ani v p\u0159\u00edpad\u011b knih se nedr\u017e\u00ed pouze jednoho t\u00e9matu, a tak doporu\u010d\u00ed jak d\u011btskou, tak historickou knihu, nebo dokonce kucha\u0159ku.<\/p>\n","protected":false},"author":2,"featured_media":4493,"comment_status":"open","ping_status":"open","sticky":false,"template":"","format":"standard","meta":{"_acf_changed":false,"_monsterinsights_skip_tracking":false,"_monsterinsights_sitenote_active":false,"_monsterinsights_sitenote_note":"","_monsterinsights_sitenote_category":0,"_EventAllDay":false,"_EventTimezone":"","_EventStartDate":"","_EventEndDate":"","_EventStartDateUTC":"","_EventEndDateUTC":"","_EventShowMap":false,"_EventShowMapLink":false,"_EventURL":"","_EventCost":"","_EventCostDescription":"","_EventCurrencySymbol":"","_EventCurrencyCode":"","_EventCurrencyPosition":"","_EventDateTimeSeparator":"","_EventTimeRangeSeparator":"","_EventOrganizerID":[],"_EventVenueID":[],"_OrganizerEmail":"","_OrganizerPhone":"","_OrganizerWebsite":"","_VenueAddress":"","_VenueCity":"","_VenueCountry":"","_VenueProvince":"","_VenueState":"","_VenueZip":"","_VenuePhone":"","_VenueURL":"","_VenueStateProvince":"","_VenueLat":"","_VenueLng":"","_VenueShowMap":false,"_VenueShowMapLink":false,"twitterCardType":"","cardImageID":0,"cardImage":"","cardTitle":"","cardDesc":"","cardImageAlt":"","cardPlayer":"","cardPlayerWidth":0,"cardPlayerHeight":0,"cardPlayerStream":"","cardPlayerCodec":"","footnotes":""},"categories":[21655,1],"tags":[],"class_list":["post-4492","post","type-post","status-publish","format-standard","has-post-thumbnail","hentry","category-magazin-luxor","category-nezarazene"],"acf":{"related_products":null},"_links":{"self":[{"href":"https:\/\/www.luxor.cz\/blog\/wp-json\/wp\/v2\/posts\/4492","targetHints":{"allow":["GET"]}}],"collection":[{"href":"https:\/\/www.luxor.cz\/blog\/wp-json\/wp\/v2\/posts"}],"about":[{"href":"https:\/\/www.luxor.cz\/blog\/wp-json\/wp\/v2\/types\/post"}],"author":[{"embeddable":true,"href":"https:\/\/www.luxor.cz\/blog\/wp-json\/wp\/v2\/users\/2"}],"replies":[{"embeddable":true,"href":"https:\/\/www.luxor.cz\/blog\/wp-json\/wp\/v2\/comments?post=4492"}],"version-history":[{"count":0,"href":"https:\/\/www.luxor.cz\/blog\/wp-json\/wp\/v2\/posts\/4492\/revisions"}],"wp:featuredmedia":[{"embeddable":true,"href":"https:\/\/www.luxor.cz\/blog\/wp-json\/wp\/v2\/media\/4493"}],"wp:attachment":[{"href":"https:\/\/www.luxor.cz\/blog\/wp-json\/wp\/v2\/media?parent=4492"}],"wp:term":[{"taxonomy":"category","embeddable":true,"href":"https:\/\/www.luxor.cz\/blog\/wp-json\/wp\/v2\/categories?post=4492"},{"taxonomy":"post_tag","embeddable":true,"href":"https:\/\/www.luxor.cz\/blog\/wp-json\/wp\/v2\/tags?post=4492"}],"curies":[{"name":"wp","href":"https:\/\/api.w.org\/{rel}","templated":true}]}}