{"id":4424,"date":"2019-01-04T11:20:00","date_gmt":"2019-01-04T10:20:00","guid":{"rendered":"https:\/\/www.luxor.cz\/blog\/nezarazene\/kdyz-zlo-plodi-jeste-vetsi-zlo\/"},"modified":"2023-01-06T13:27:23","modified_gmt":"2023-01-06T12:27:23","slug":"kdyz-zlo-plodi-jeste-vetsi-zlo-2171","status":"publish","type":"post","link":"https:\/\/www.luxor.cz\/blog\/recenze\/kdyz-zlo-plodi-jeste-vetsi-zlo-2171\/","title":{"rendered":"Kdy\u017e zlo plod\u00ed je\u0161t\u011b v\u011bt\u0161\u00ed zlo"},"content":{"rendered":"<\/p>\n<p>Po posledn\u00edm p\u0159\u00edpadu m\u00e1 Erika Fosterov\u00e1 plnou hlavu starost\u00ed  a n\u00e1lez kufru na b\u0159ehu Tem\u017ee j\u00ed moc nepom\u00e1h\u00e1.Najdou v\u00a0n\u011bm toti\u017e roz\u0159ezan\u00e9ho mu\u017ee, jeho\u017e identifikace nen\u00ed v\u016fbec jednoduch\u00e1. P\u0159i p\u00e1tr\u00e1n\u00ed nav\u00edc vyplyne najevo, \u017ee nejde o  prvn\u00ed takto zmrza\u010den\u00e9 a usmrcen\u00e9 t\u011blo. Je mo\u017en\u00e9, \u017ee spolu p\u0159\u00edpady souvis\u00ed? <\/p>\n<p>Nemaj\u00ed se \u010deho chytit, v\u0161echny okolnosti jsou v\u00edc ne\u017e  podivn\u00e9 a stopy vypl\u00fdvaj\u00edc\u00ed na povrch zmaten\u00e9 a hlavn\u011b d\u011bsiv\u00e9. Profil vraha  r\u00fdsuj\u00edc\u00ed se z\u00a0detail\u016f je toti\u017e hr\u016fzostra\u0161n\u00fd. A chytit ho bude o to t\u011b\u017e\u0161\u00ed.  Co kdy\u017e jsou vrazi dva? A co jestli jde je\u0161t\u011b o n\u011bco v\u00edc? Erika to ani  tentokr\u00e1t nebude m\u00edt jednoduch\u00e9. A nebude na ni \u00fato\u010dit \u201ejen\u201c nebezpe\u010dn\u00fd vrah.  Tentokr\u00e1t se jej\u00ed osobn\u00ed \u017eivot dvakr\u00e1t proto\u010d\u00ed tam a zp\u011bt, stejn\u011b jako houpa\u010dka  na n\u011b\u010d\u00ed zahrad\u011b. Je to j\u00edzda, kter\u00e1 se ned\u00e1 zastavit. A sesko\u010dit je v\u00edc ne\u017e  nebezpe\u010dn\u00e9.<\/p>\n<p><b>Robert Bryndza<\/b> to  m\u00e1 \u010d\u00edm d\u00e1l t\u011b\u017e\u0161\u00ed. Dr\u017eet se st\u00e1le stejn\u00e9ho sc\u00e9n\u00e1\u0159e nen\u00ed mo\u017en\u00e9, postupn\u011b by  ztratil sv\u00e9 publikum. A byla by to \u0161koda, proto\u017ee m\u00e1 rozhodn\u011b potenci\u00e1l. <b>Chladnokrevn\u011b<\/b> je 5. d\u00edlem s\u00e9rie  s\u00a0\u0161\u00e9finspektorkou Erikou Fosterovou a z\u0159ejm\u011b vyc\u00edtil, \u017ee je t\u0159eba trochu  pozm\u011bnit r\u00e1z. A tak vsadil nejen na mnohovrstevnat\u00fd p\u0159\u00edb\u011bh, ale tak\u00e9 na emoce a  s\u00edlu zla. Vy\u0161et\u0159ov\u00e1n\u00ed tak trochu odsouv\u00e1 do pozad\u00ed a pohr\u00e1v\u00e1 si s\u00a0osudy  jednotliv\u00fdch postav. Doluje z\u00a0nich to nejhor\u0161\u00ed i nejlep\u0161\u00ed. Sna\u017e\u00ed se  poodkr\u00fdt \u010dten\u00e1\u0159\u016fm v\u0161echny indicie k\u00a0hodnocen\u00ed vytvo\u0159en\u00ed vlastn\u00edho n\u00e1zoru.  Probouz\u00ed ot\u00e1zky, nut\u00ed je zamyslet se. <\/p>\n<p>P\u0159itom sv\u016fj um rozehr\u00e1v\u00e1 stejn\u011b jako spu\u0161t\u011bn\u00ed horsk\u00e9 dr\u00e1hy.  Chv\u00edli jede na vln\u011b adrenalinu a p\u0159\u00edmo hmatateln\u00e9ho nap\u011bt\u00ed, v\u00a0dal\u0161\u00ed  vte\u0159in\u011b p\u0159ich\u00e1z\u00ed \u00fatlum, kter\u00fd mus\u00edte p\u0159ekonat. Nakonec d\u00e1 pomyslnou r\u00e1nu p\u011bst\u00ed  p\u0159\u00edmo mezi o\u010di a postav\u00ed p\u0159ed v\u00e1s dilema nepodm\u00edn\u011bn\u00e9 l\u00e1sky, touhy, v\u00e1\u0161n\u011b i  z\u00e1vislosti. Donut\u00ed v\u00e1s fandit t\u011bm spr\u00e1vn\u00fdm, p\u0159iv\u0159\u00edt o\u010di, kdy\u017e v\u00e1s jako  neochv\u011bjn\u00fd vyprav\u011b\u010d prov\u00e1z\u00ed zlem a nakonec se tak trochu zaradovat, proto\u017ee  cesti\u010dky k\u00a0dal\u0161\u00edmu d\u00edlu jsou ur\u010dit\u011b otev\u0159en\u00e9. <\/p>\n<p>Nelze se nezm\u00ednit o n\u011bkter\u00fdch z\u00a0postav. Erika Fosterov\u00e1  roste v\u00a0ka\u017ed\u00e9m d\u00edlu. Po\u0159\u00e1d je sv\u00e9hlav\u00e1 a nejde pro slovo daleko. Je ale  hlavn\u011b \u010dlov\u011bkem, d\u00edky vlastnostem a rozhodnut\u00ed, kter\u00e9 j\u00ed autor p\u0159ipsal do  v\u00ednku. Tentokr\u00e1t m\u00edrn\u011b miz\u00ed vtip a nahrazuje ho l\u00edtost, roz\u010darov\u00e1n\u00ed a hlavn\u011b  pocity, kter\u00e9 u n\u00ed nejsou a\u017e tak b\u011b\u017en\u00e9. Vzhledem k\u00a0v\u00fdstavb\u011b p\u0159\u00edb\u011bhu je  \u010dten\u00e1\u0159i dovoleno nahl\u00e9dnout do du\u0161e dal\u0161\u00edch osob. A t\u00edm rozpout\u00e1v\u00e1 souboj  my\u0161lenek. Proto\u017ee kdyby\u2026 Pak by to t\u0159eba mohlo dopadnout jinak\u2026 Jenom\u017ee na to  se p\u0159ece nehraje\u2026<\/p>\n<p>A\u010dkoliv jsem si chv\u00edli <i>(ale opravdu chv\u00edli)<\/i> \u0159\u00edkala, \u017ee se  tentokr\u00e1t <b>Robert Bryndza<\/b> \u00fapln\u011b netrefil, mus\u00edm \u0159\u00edct, \u017ee jde o poveden\u00fd p\u0159\u00edb\u011bh.  Stra\u0161n\u011b m\u011b toti\u017e p\u0159ekvapilo, \u017ee jsem odpadla tak ve t\u0159etin\u011b, a p\u0159itom ten  za\u010d\u00e1tek let\u011bl jak po m\u00e1sle. Nem\u011bla jsem ani nijak p\u0159ehnan\u00e1 o\u010dek\u00e1v\u00e1n\u00ed. Ale mus\u00edm  p\u0159iznat, \u017ee m\u011b p\u0159esv\u011bd\u010dil. Zase! Zkusil se zam\u011b\u0159it jinam ne\u017e jen na \u0159e\u0161en\u00ed  zapeklit\u00e9ho p\u0159\u00edpadu. P\u0159idal tam spoustu ingredienc\u00ed, kter\u00e9 tam  v\u00a0p\u0159edchoz\u00edch d\u00edlech nebyly a\u017e tak v\u00fdrazn\u00e9 a cel\u00e9 dohromady to prost\u011b  funguje. Uvid\u00edme, jak se s\u00a0t\u00edm popere p\u0159\u00ed\u0161t\u011b\u2026 Jestli n\u011bjak\u00e9 bude. Snad  ano!<\/p>\n<p><\/p>\n<p>Tereza B\u00e1rtov\u00e1<\/p>\n","protected":false},"excerpt":{"rendered":"<p>Narvat t\u011blo do kufru a poslat ho po Tem\u017ei, to chce jistou kur\u00e1\u017e. Ud\u011blat to dvakr\u00e1t, to u\u017e je celkem slu\u0161n\u00e1 provokace. Erika Fosterov\u00e1 tentokr\u00e1t \u010del\u00ed zlu, kter\u00e9 je poh\u00e1n\u011bno nejen krutost\u00ed, ale slu\u0161nou d\u00e1vkou drzosti. Jak daleko vrah zajde? A bude Erika schopn\u00e1 poradit si nejen s jeho brutalitou, ale i se sv\u00fdm \u017eivotem? Chladn\u00fd Lond\u00fdn je tentokr\u00e1t d\u011bji\u0161t\u011bm   n\u011bkolika t\u011b\u017ek\u00fdch osud\u016f, kter\u00e9 se v jeden okam\u017eik spletou v jeden\u2026 A n\u011bkter\u00e9 to bude sakra bolet. Robert Bryndza rozj\u00ed\u017ed\u00ed dal\u0161\u00ed velkou show, kter\u00e1 stoj\u00ed za p\u0159e\u010dten\u00ed.<\/p>\n","protected":false},"author":2,"featured_media":4425,"comment_status":"open","ping_status":"open","sticky":false,"template":"","format":"standard","meta":{"_acf_changed":false,"_monsterinsights_skip_tracking":false,"_monsterinsights_sitenote_active":false,"_monsterinsights_sitenote_note":"","_monsterinsights_sitenote_category":0,"_EventAllDay":false,"_EventTimezone":"","_EventStartDate":"","_EventEndDate":"","_EventStartDateUTC":"","_EventEndDateUTC":"","_EventShowMap":false,"_EventShowMapLink":false,"_EventURL":"","_EventCost":"","_EventCostDescription":"","_EventCurrencySymbol":"","_EventCurrencyCode":"","_EventCurrencyPosition":"","_EventDateTimeSeparator":"","_EventTimeRangeSeparator":"","_EventOrganizerID":[],"_EventVenueID":[],"_OrganizerEmail":"","_OrganizerPhone":"","_OrganizerWebsite":"","_VenueAddress":"","_VenueCity":"","_VenueCountry":"","_VenueProvince":"","_VenueState":"","_VenueZip":"","_VenuePhone":"","_VenueURL":"","_VenueStateProvince":"","_VenueLat":"","_VenueLng":"","_VenueShowMap":false,"_VenueShowMapLink":false,"twitterCardType":"","cardImageID":0,"cardImage":"","cardTitle":"","cardDesc":"","cardImageAlt":"","cardPlayer":"","cardPlayerWidth":0,"cardPlayerHeight":0,"cardPlayerStream":"","cardPlayerCodec":"","footnotes":""},"categories":[7],"tags":[],"class_list":["post-4424","post","type-post","status-publish","format-standard","has-post-thumbnail","hentry","category-recenze"],"acf":{"related_products":null},"_links":{"self":[{"href":"https:\/\/www.luxor.cz\/blog\/wp-json\/wp\/v2\/posts\/4424","targetHints":{"allow":["GET"]}}],"collection":[{"href":"https:\/\/www.luxor.cz\/blog\/wp-json\/wp\/v2\/posts"}],"about":[{"href":"https:\/\/www.luxor.cz\/blog\/wp-json\/wp\/v2\/types\/post"}],"author":[{"embeddable":true,"href":"https:\/\/www.luxor.cz\/blog\/wp-json\/wp\/v2\/users\/2"}],"replies":[{"embeddable":true,"href":"https:\/\/www.luxor.cz\/blog\/wp-json\/wp\/v2\/comments?post=4424"}],"version-history":[{"count":0,"href":"https:\/\/www.luxor.cz\/blog\/wp-json\/wp\/v2\/posts\/4424\/revisions"}],"wp:featuredmedia":[{"embeddable":true,"href":"https:\/\/www.luxor.cz\/blog\/wp-json\/wp\/v2\/media\/4425"}],"wp:attachment":[{"href":"https:\/\/www.luxor.cz\/blog\/wp-json\/wp\/v2\/media?parent=4424"}],"wp:term":[{"taxonomy":"category","embeddable":true,"href":"https:\/\/www.luxor.cz\/blog\/wp-json\/wp\/v2\/categories?post=4424"},{"taxonomy":"post_tag","embeddable":true,"href":"https:\/\/www.luxor.cz\/blog\/wp-json\/wp\/v2\/tags?post=4424"}],"curies":[{"name":"wp","href":"https:\/\/api.w.org\/{rel}","templated":true}]}}