{"id":4417,"date":"2018-12-12T14:13:00","date_gmt":"2018-12-12T13:13:00","guid":{"rendered":"https:\/\/www.luxor.cz\/blog\/nezarazene\/vyhrajte-si-jana-wericha\/"},"modified":"2023-01-06T13:36:20","modified_gmt":"2023-01-06T12:36:20","slug":"vyhrajte-si-jana-wericha-2167","status":"publish","type":"post","link":"https:\/\/www.luxor.cz\/blog\/souteze\/vyhrajte-si-jana-wericha-2167\/","title":{"rendered":"Vyhrajte si Jana Wericha"},"content":{"rendered":"<\/p>\n<\/p>\n<p>Pookryjte oponu \u017eivotn\u00edho p\u0159\u00edb\u011bhu komika a charismatick\u00e9ho um\u011blce Jana Wericha a vyhrajte si kr\u00e1snou publikaci Jan Werich za oponou. Sta\u010d\u00ed odpov\u011bd\u011bt spr\u00e1vn\u011b na ot\u00e1zky a pak si dr\u017eet palce p\u0159i slosov\u00e1n\u00ed.<\/p>\n<p><\/p>\n<p><\/p>\n<p>Sout\u011b\u017e prob\u00edh\u00e1 14. 12. a knihu m\u00e1me p\u0159ipravenou pro t\u0159i v\u00fdherce.<\/p>\n<p><\/p>\n","protected":false},"excerpt":{"rendered":"<p>Kniha Jan Werich za oponou d\u00e1v\u00e1 nahl\u00e9dnout do soukrom\u00ed i profesn\u00edho \u017eivota tohoto charismatick\u00e9ho um\u011blce. T\u00e9m\u011b\u0159 \u010dty\u0159i sta stran unik\u00e1tn\u00edch fotografi\u00ed a dopl\u0148uj\u00edc\u00edho textu nab\u00edz\u00ed fakta jinak. Opravdov\u011b, up\u0159\u00edmn\u011b, s humorem i noblesou Mistrovi vlastn\u00ed. Autorem publikace je novin\u00e1\u0159 a spisovatel Ji\u0159\u00ed Janou\u0161ek, kter\u00fd s Werichem vedl osobit\u00e9 rozhovory.<\/p>\n","protected":false},"author":2,"featured_media":4418,"comment_status":"open","ping_status":"open","sticky":false,"template":"","format":"standard","meta":{"_acf_changed":false,"_monsterinsights_skip_tracking":false,"_monsterinsights_sitenote_active":false,"_monsterinsights_sitenote_note":"","_monsterinsights_sitenote_category":0,"_EventAllDay":false,"_EventTimezone":"","_EventStartDate":"","_EventEndDate":"","_EventStartDateUTC":"","_EventEndDateUTC":"","_EventShowMap":false,"_EventShowMapLink":false,"_EventURL":"","_EventCost":"","_EventCostDescription":"","_EventCurrencySymbol":"","_EventCurrencyCode":"","_EventCurrencyPosition":"","_EventDateTimeSeparator":"","_EventTimeRangeSeparator":"","_EventOrganizerID":[],"_EventVenueID":[],"_OrganizerEmail":"","_OrganizerPhone":"","_OrganizerWebsite":"","_VenueAddress":"","_VenueCity":"","_VenueCountry":"","_VenueProvince":"","_VenueState":"","_VenueZip":"","_VenuePhone":"","_VenueURL":"","_VenueStateProvince":"","_VenueLat":"","_VenueLng":"","_VenueShowMap":false,"_VenueShowMapLink":false,"twitterCardType":"","cardImageID":0,"cardImage":"","cardTitle":"","cardDesc":"","cardImageAlt":"","cardPlayer":"","cardPlayerWidth":0,"cardPlayerHeight":0,"cardPlayerStream":"","cardPlayerCodec":"","footnotes":""},"categories":[9],"tags":[],"class_list":["post-4417","post","type-post","status-publish","format-standard","has-post-thumbnail","hentry","category-souteze"],"acf":{"related_products":null},"_links":{"self":[{"href":"https:\/\/www.luxor.cz\/blog\/wp-json\/wp\/v2\/posts\/4417","targetHints":{"allow":["GET"]}}],"collection":[{"href":"https:\/\/www.luxor.cz\/blog\/wp-json\/wp\/v2\/posts"}],"about":[{"href":"https:\/\/www.luxor.cz\/blog\/wp-json\/wp\/v2\/types\/post"}],"author":[{"embeddable":true,"href":"https:\/\/www.luxor.cz\/blog\/wp-json\/wp\/v2\/users\/2"}],"replies":[{"embeddable":true,"href":"https:\/\/www.luxor.cz\/blog\/wp-json\/wp\/v2\/comments?post=4417"}],"version-history":[{"count":0,"href":"https:\/\/www.luxor.cz\/blog\/wp-json\/wp\/v2\/posts\/4417\/revisions"}],"wp:featuredmedia":[{"embeddable":true,"href":"https:\/\/www.luxor.cz\/blog\/wp-json\/wp\/v2\/media\/4418"}],"wp:attachment":[{"href":"https:\/\/www.luxor.cz\/blog\/wp-json\/wp\/v2\/media?parent=4417"}],"wp:term":[{"taxonomy":"category","embeddable":true,"href":"https:\/\/www.luxor.cz\/blog\/wp-json\/wp\/v2\/categories?post=4417"},{"taxonomy":"post_tag","embeddable":true,"href":"https:\/\/www.luxor.cz\/blog\/wp-json\/wp\/v2\/tags?post=4417"}],"curies":[{"name":"wp","href":"https:\/\/api.w.org\/{rel}","templated":true}]}}