{"id":4385,"date":"2018-11-28T17:07:00","date_gmt":"2018-11-28T16:07:00","guid":{"rendered":"https:\/\/www.luxor.cz\/blog\/nezarazene\/mistrovska-jizda-s-peterem-saganem\/"},"modified":"2023-01-06T13:36:20","modified_gmt":"2023-01-06T12:36:20","slug":"mistrovska-jizda-s-peterem-saganem-2151","status":"publish","type":"post","link":"https:\/\/www.luxor.cz\/blog\/recenze\/mistrovska-jizda-s-peterem-saganem-2151\/","title":{"rendered":"Mistrovsk\u00e1 j\u00edzda s Peterem Saganem"},"content":{"rendered":"<\/p>\n<\/p>\n<p>Hned v \u00favodu knihy s\u00e1m <b>Peter Sagan<\/b> p\u0159izn\u00e1v\u00e1, \u017ee je mu teprve 28 let, v\u0161e se neust\u00e1le vyv\u00edj\u00ed a m\u011bn\u00ed, a nem\u016f\u017ee n\u00e1m sd\u011blit cel\u00fd p\u0159\u00edb\u011bh sv\u00e9ho \u017eivota. Co ale \u0159\u00edci m\u016f\u017ee? Jak\u00e9 to je b\u00fdt t\u0159ikr\u00e1t po sob\u011b mistrem sv\u011bta UCI v silni\u010dn\u00edm z\u00e1vod\u011b, co\u017e se nikomu jin\u00e9mu dosud nepoda\u0159ilo. Sledujeme tedy jednotliv\u00e9 z\u00e1vody v letech 2015\u20132017, dozv\u00edd\u00e1me se podrobnosti o pr\u016fb\u011bhu sprint\u016f, o p\u0159\u00edprav\u011b, technick\u00fdch probl\u00e9mech a hodn\u011b o podp\u016frn\u00e9m osobn\u00edm t\u00fdmu.<\/p>\n<p>Chronologick\u00e9 po\u0159ad\u00ed ud\u00e1lost\u00ed ob\u010das p\u0159eru\u0161\u00ed \u00favahy na dal\u0161\u00ed t\u00e9mata \u2013 motivace k  z\u00e1vod\u011bn\u00ed, popis slovensk\u00e9ho prost\u0159ed\u00ed, doping nebo n\u011bco m\u00e1lo ze soukrom\u00e9ho  \u017eivota. Nevyh\u00fdb\u00e1 se ani n\u011bkter\u00fdm kontroverzn\u011bj\u0161\u00edm t\u00e9mat\u016fm \u2013 vylou\u010den\u00ed z  posledn\u00edho Tour de France 2017, problematick\u00e9 vztahy v t\u00fdmu Tinkoff nebo snaha  opravit z\u00e1vadu na kole p\u0159i Pa\u0159\u00ed\u017e\u2013Roubaix naj\u00ed\u017ed\u011bn\u00edm do jin\u00e9ho cyklisty.<\/p>\n<p><b>John Deering<\/b>, se kter\u00fdm na knize Sagan spolupracoval,  dok\u00e1zal skloubit humor a \u00fadernost hl\u00e1\u0161ek, kter\u00e9 jsou Saganovi vlastn\u00ed, s  plynulost\u00ed a dobrou \u010dtivost\u00ed textu. Kniha <b>M\u016fj  sv\u011bt<\/b> nenud\u00ed, i kdy\u017e popisuje t\u0159eba des\u00e1t\u00fd z\u00e1vod nebo spurt. V knize bych  nicm\u00e9n\u011b uv\u00edtala v\u00edc osobn\u00edch informac\u00ed, man\u017eelstv\u00ed s Katarinou je pops\u00e1no jen  kr\u00e1tce, \u017eivot a n\u00e1zory na v\u011bci mimo cyklistiku t\u00e9m\u011b\u0159 chyb\u00ed, a nejv\u011bt\u0161\u00edm  odhalen\u00edm ze soukrom\u00e9ho \u017eivota je tak vyra\u017een\u00ed p\u0159edn\u00edch zub\u016f ve v\u00ed\u0159ivce na  jacht\u011b. V\u011bt\u0161\u00ed m\u00edra otev\u0159enosti, s jakou popisuje vztah s Olegem Tintovem v  prvn\u00edm t\u00fdmu, by slu\u0161ela i dal\u0161\u00edm t\u00e9mat\u016fm v knize. N\u011bkdy u\u017e je v nich p\u0159\u00edli\u0161  sportovn\u00edch kli\u0161\u00e9, kter\u00e1 sportovci p\u0159edkl\u00e1daj\u00ed novin\u00e1\u0159\u016fm. <\/p>\n<p>Na po\u0159\u00e1dnou  biografii si tedy budeme muset je\u0161t\u011b po\u010dkat, ale i tak je kniha z\u00e1bavn\u00fdm  vhledem do fungov\u00e1n\u00ed profesion\u00e1ln\u00ed cyklistiky a do \u017eivota jednoho z nejlep\u0161\u00edch  sportovc\u016f sou\u010dasnosti. Nemus\u00edte b\u00fdt skaln\u00edm fanou\u0161kem silni\u010dn\u00edch z\u00e1vod\u016f, bavit  se budete, i pokud t\u0159eba jen jednou ro\u010dn\u011b zkouknete p\u00e1r etap Tour de France.<\/p>\n<p><\/p>\n<p>Monika  Havlasov\u00e1<\/p>\n","protected":false},"excerpt":{"rendered":"<p>Peter Sagan se stal fenom\u00e9nem cyklistick\u00e9ho sv\u011bta. T\u0159i tituly mistra sv\u011bta, \u0161est zelen\u00fdch dres\u016f na Tour de France, p\u0159es sto v\u00edt\u011bzstv\u00ed v profesion\u00e1ln\u00edm pelotonu, k tomu p\u0159idejte po\u0159\u00e1dnou d\u00e1vku osobn\u00edho humoru a schopnost bavit ostatn\u00ed a m\u00e1te glob\u00e1ln\u00ed hv\u011bzdu d\u00e1vno p\u0159esahuj\u00edc\u00ed hranice Slovenska. Kniha M\u016fj sv\u011bt mapuje pouze posledn\u00ed t\u0159i roky jeho kari\u00e9ry, ale ty jsou na\u0161t\u011bst\u00ed natolik nabit\u00e9 a z\u00e1bavn\u00e9, \u017ee to na knihu sta\u010d\u00ed.<\/p>\n","protected":false},"author":2,"featured_media":4386,"comment_status":"open","ping_status":"open","sticky":false,"template":"","format":"standard","meta":{"_acf_changed":false,"_monsterinsights_skip_tracking":false,"_monsterinsights_sitenote_active":false,"_monsterinsights_sitenote_note":"","_monsterinsights_sitenote_category":0,"_EventAllDay":false,"_EventTimezone":"","_EventStartDate":"","_EventEndDate":"","_EventStartDateUTC":"","_EventEndDateUTC":"","_EventShowMap":false,"_EventShowMapLink":false,"_EventURL":"","_EventCost":"","_EventCostDescription":"","_EventCurrencySymbol":"","_EventCurrencyCode":"","_EventCurrencyPosition":"","_EventDateTimeSeparator":"","_EventTimeRangeSeparator":"","_EventOrganizerID":[],"_EventVenueID":[],"_OrganizerEmail":"","_OrganizerPhone":"","_OrganizerWebsite":"","_VenueAddress":"","_VenueCity":"","_VenueCountry":"","_VenueProvince":"","_VenueState":"","_VenueZip":"","_VenuePhone":"","_VenueURL":"","_VenueStateProvince":"","_VenueLat":"","_VenueLng":"","_VenueShowMap":false,"_VenueShowMapLink":false,"twitterCardType":"","cardImageID":0,"cardImage":"","cardTitle":"","cardDesc":"","cardImageAlt":"","cardPlayer":"","cardPlayerWidth":0,"cardPlayerHeight":0,"cardPlayerStream":"","cardPlayerCodec":"","footnotes":""},"categories":[7],"tags":[],"class_list":["post-4385","post","type-post","status-publish","format-standard","has-post-thumbnail","hentry","category-recenze"],"acf":{"related_products":null},"_links":{"self":[{"href":"https:\/\/www.luxor.cz\/blog\/wp-json\/wp\/v2\/posts\/4385","targetHints":{"allow":["GET"]}}],"collection":[{"href":"https:\/\/www.luxor.cz\/blog\/wp-json\/wp\/v2\/posts"}],"about":[{"href":"https:\/\/www.luxor.cz\/blog\/wp-json\/wp\/v2\/types\/post"}],"author":[{"embeddable":true,"href":"https:\/\/www.luxor.cz\/blog\/wp-json\/wp\/v2\/users\/2"}],"replies":[{"embeddable":true,"href":"https:\/\/www.luxor.cz\/blog\/wp-json\/wp\/v2\/comments?post=4385"}],"version-history":[{"count":0,"href":"https:\/\/www.luxor.cz\/blog\/wp-json\/wp\/v2\/posts\/4385\/revisions"}],"wp:featuredmedia":[{"embeddable":true,"href":"https:\/\/www.luxor.cz\/blog\/wp-json\/wp\/v2\/media\/4386"}],"wp:attachment":[{"href":"https:\/\/www.luxor.cz\/blog\/wp-json\/wp\/v2\/media?parent=4385"}],"wp:term":[{"taxonomy":"category","embeddable":true,"href":"https:\/\/www.luxor.cz\/blog\/wp-json\/wp\/v2\/categories?post=4385"},{"taxonomy":"post_tag","embeddable":true,"href":"https:\/\/www.luxor.cz\/blog\/wp-json\/wp\/v2\/tags?post=4385"}],"curies":[{"name":"wp","href":"https:\/\/api.w.org\/{rel}","templated":true}]}}