{"id":4375,"date":"2018-11-22T10:39:00","date_gmt":"2018-11-22T09:39:00","guid":{"rendered":"https:\/\/www.luxor.cz\/blog\/nezarazene\/cesko-slovensko-100-100-let-republiky-v-obrazech\/"},"modified":"2023-01-06T13:36:36","modified_gmt":"2023-01-06T12:36:36","slug":"cesko-slovensko-100-100-let-republiky-v-obrazech-2146","status":"publish","type":"post","link":"https:\/\/www.luxor.cz\/blog\/nezarazene\/cesko-slovensko-100-100-let-republiky-v-obrazech-2146\/","title":{"rendered":"\u010cesko Slovensko 100 &#8211; 100 let republiky v obrazech"},"content":{"rendered":"<\/p>\n<\/p>\n<p>Prvn\u00ed \u010d\u00e1st tvo\u0159\u00ed \u010dasov\u00e1 osa a pestr\u00fd kaleidoskop ud\u00e1lost\u00ed i  informac\u00ed z let 1918-2018. N\u00e1sleduje obrazov\u00e1 \u010d\u00e1st, kde jsou p\u0159edstaveny ob\u011b  republiky pomoc\u00ed atraktivn\u00edch a kr\u00e1sn\u00fdch fotografi\u00ed.<\/p>\n<p>V\u0161echny fotografie od skv\u011bl\u00fdch fotograf\u016f doprov\u00e1zej\u00ed popisky  a glosy od Pavla Radosty.<\/p>\n<\/p>\n<\/p>\n<\/p>\n<\/p>\n<\/p>\n<p><\/p>\n<p><\/p>\n<p><\/p>\n","protected":false},"excerpt":{"rendered":"<p>Celobarevn\u00e1 fotokniha vych\u00e1zej\u00edc\u00ed v roce 2018, kdy si p\u0159ipom\u00edn\u00e1me v\u00fdro\u010d\u00ed 100 let od zalo\u017een\u00ed \u010ceskoslovenska, je poctou nejkr\u00e1sn\u011bj\u0161\u00edm m\u00edst\u016fm obou na\u0161ich republik, kter\u00e9 byste nem\u011bli p\u0159i sv\u00fdch v\u00fdletech minout.<\/p>\n","protected":false},"author":2,"featured_media":4376,"comment_status":"open","ping_status":"open","sticky":false,"template":"","format":"standard","meta":{"_acf_changed":false,"_monsterinsights_skip_tracking":false,"_monsterinsights_sitenote_active":false,"_monsterinsights_sitenote_note":"","_monsterinsights_sitenote_category":0,"_EventAllDay":false,"_EventTimezone":"","_EventStartDate":"","_EventEndDate":"","_EventStartDateUTC":"","_EventEndDateUTC":"","_EventShowMap":false,"_EventShowMapLink":false,"_EventURL":"","_EventCost":"","_EventCostDescription":"","_EventCurrencySymbol":"","_EventCurrencyCode":"","_EventCurrencyPosition":"","_EventDateTimeSeparator":"","_EventTimeRangeSeparator":"","_EventOrganizerID":[],"_EventVenueID":[],"_OrganizerEmail":"","_OrganizerPhone":"","_OrganizerWebsite":"","_VenueAddress":"","_VenueCity":"","_VenueCountry":"","_VenueProvince":"","_VenueState":"","_VenueZip":"","_VenuePhone":"","_VenueURL":"","_VenueStateProvince":"","_VenueLat":"","_VenueLng":"","_VenueShowMap":false,"_VenueShowMapLink":false,"twitterCardType":"","cardImageID":0,"cardImage":"","cardTitle":"","cardDesc":"","cardImageAlt":"","cardPlayer":"","cardPlayerWidth":0,"cardPlayerHeight":0,"cardPlayerStream":"","cardPlayerCodec":"","footnotes":""},"categories":[1],"tags":[],"class_list":["post-4375","post","type-post","status-publish","format-standard","has-post-thumbnail","hentry","category-nezarazene"],"acf":{"related_products":null},"_links":{"self":[{"href":"https:\/\/www.luxor.cz\/blog\/wp-json\/wp\/v2\/posts\/4375","targetHints":{"allow":["GET"]}}],"collection":[{"href":"https:\/\/www.luxor.cz\/blog\/wp-json\/wp\/v2\/posts"}],"about":[{"href":"https:\/\/www.luxor.cz\/blog\/wp-json\/wp\/v2\/types\/post"}],"author":[{"embeddable":true,"href":"https:\/\/www.luxor.cz\/blog\/wp-json\/wp\/v2\/users\/2"}],"replies":[{"embeddable":true,"href":"https:\/\/www.luxor.cz\/blog\/wp-json\/wp\/v2\/comments?post=4375"}],"version-history":[{"count":0,"href":"https:\/\/www.luxor.cz\/blog\/wp-json\/wp\/v2\/posts\/4375\/revisions"}],"wp:featuredmedia":[{"embeddable":true,"href":"https:\/\/www.luxor.cz\/blog\/wp-json\/wp\/v2\/media\/4376"}],"wp:attachment":[{"href":"https:\/\/www.luxor.cz\/blog\/wp-json\/wp\/v2\/media?parent=4375"}],"wp:term":[{"taxonomy":"category","embeddable":true,"href":"https:\/\/www.luxor.cz\/blog\/wp-json\/wp\/v2\/categories?post=4375"},{"taxonomy":"post_tag","embeddable":true,"href":"https:\/\/www.luxor.cz\/blog\/wp-json\/wp\/v2\/tags?post=4375"}],"curies":[{"name":"wp","href":"https:\/\/api.w.org\/{rel}","templated":true}]}}