{"id":4369,"date":"2018-11-20T13:09:00","date_gmt":"2018-11-20T12:09:00","guid":{"rendered":"https:\/\/www.luxor.cz\/blog\/nezarazene\/s-kym-prozijete-svuj-nejlepsi-vikend\/"},"modified":"2023-01-06T13:36:36","modified_gmt":"2023-01-06T12:36:36","slug":"s-kym-prozijete-svuj-nejlepsi-vikend-2143","status":"publish","type":"post","link":"https:\/\/www.luxor.cz\/blog\/recenze\/s-kym-prozijete-svuj-nejlepsi-vikend-2143\/","title":{"rendered":"S k\u00fdm pro\u017eijete sv\u016fj nejlep\u0161\u00ed v\u00edkend"},"content":{"rendered":"<\/p>\n<\/p>\n<p>Silvestrovsk\u00e9 oslavy jsou v\u017edy pln\u00e9 vesel\u00ed, alkoholu a tak\u00e9  vyhl\u00eddek do nov\u00e9ho roku. Andrea, Jirka, D\u00e1\u0161a, Bert, Mark\u00e9ta a Pavel slav\u00ed konec  roku ka\u017ed\u00fd po sv\u00e9m, p\u0159esto v\u0161ak maj\u00ed n\u011bco spole\u010dn\u00e9ho. V\u0161ichni si daj\u00ed tajn\u00e9  p\u0159edsevzet\u00ed, co hodlaj\u00ed v\u00a0nov\u00e9m roce d\u011blat jinak, kam se cht\u011bj\u00ed posunout.  Nikdo sv\u00e9 p\u0159edsevzet\u00ed neprozrad\u00ed, jen doufaj\u00ed, \u017ee se jim to povede.<\/p>\n<p>Andrea je ne\u0161\u0165astn\u00e1 v\u00a0man\u017eelstv\u00ed a ze spole\u010dn\u00e9  dom\u00e1cnosti s\u00a0tch\u00fdn\u00ed. Intimn\u00ed \u017eivot s\u00a0man\u017eelem Jirkou upad\u00e1 kv\u016fli  neust\u00e1l\u00e9 nen\u00e1padn\u00e9 kontrole tch\u00fdn\u011b Kv\u011bty. Andrea si tedy sl\u00edb\u00ed, \u017ee zjist\u00ed, co  od \u017eivota vlastn\u011b chce a v\u016fbec za\u010dne b\u00fdt \u0161\u0165astn\u011bj\u0161\u00ed. Jirka se j\u00ed hodl\u00e1 v\u00edce  v\u011bnovat a znovu za\u017eehnout plamen jejich l\u00e1sky. Bert si sl\u00edbil, \u017ee p\u0159\u00ed\u0161t\u00ed rok  touhle dobou si bude u\u017e\u00edvat surfov\u00e1n\u00ed na Havaji a nebude mrznout n\u011bkde ve  Vrchlab\u00ed. Taky se pojede pod\u00edvat za svou milovanou tetou do d\u011btsk\u00e9ho domova.  D\u00e1\u0161a se rozhodla, \u017ee p\u0159estane tr\u00e1vit hodiny a hodiny sledov\u00e1n\u00edm seri\u00e1l\u016f a  ciz\u00edch \u017eivot\u016f, ale po\u0159\u00e1dn\u011b se vrhne do toho sv\u00e9ho. Mark\u00e9ta s\u00a0Pavlem \u0159e\u0161\u00ed  krizi sv\u00e9ho vztahu, Mark\u00e9ta se hodl\u00e1 rozv\u00e9st, ale neubl\u00ed\u017eit rodin\u011b, Pavel chce  utajit vztah s\u00a0p\u0159ita\u017elivou milenkou.<\/p>\n<p>\u0160est lid\u00ed, jejich\u017e \u017eivoty se vz\u00e1jemn\u011b propl\u00e9taj\u00ed, vztahy se  komplikuj\u00ed a rok plyne. Zvl\u00e1dnou v\u0161ichni sm\u011bl\u00e1 p\u0159edsevzet\u00ed splnit? Je mo\u017en\u00e9  zm\u011bnit \u017eivot za rok a nikomu p\u0159itom neubl\u00ed\u017eit? Konec p\u0159\u00edb\u011bhu v\u00e1m samoz\u0159ejm\u011b  neprozrad\u00edme, do\u010dtete se jej v\u00a0rom\u00e1nu <b>Nejlep\u0161\u00ed  v\u00edkend<\/b>.<\/p>\n<p>Re\u017eis\u00e9r, dramatik a spisovatel <b>Patrik Hartl<\/b> ji\u017e sv\u00fdmi t\u0159emi p\u0159edchoz\u00edmi knihami dok\u00e1zal, \u017ee um\u00ed  ps\u00e1t z\u00e1bavn\u011b, \u010dtiv\u011b a \u010dten\u00e1\u0159i hltaj\u00ed ka\u017ed\u00e9 p\u00edsmenko. A tak na nov\u00fd rom\u00e1n  s\u00a0vesel\u00fdm n\u00e1zvem Nejlep\u0161\u00ed v\u00edkend, vydan\u00fd <i>nakladatelstv\u00edm Bourdon<\/i>, nyn\u00ed netrp\u011bliv\u011b \u010dekali. Patrik Hartl  v\u00a0t\u00e9to novince p\u0159ed\u010dil s\u00e1m sebe. Jeho lehkonoh\u00fd styl d\u011bl\u00e1  z\u00a0Nejlep\u0161\u00edho v\u00edkendu skv\u011bl\u00e9 \u010dten\u00ed na n\u011bjak\u00fd v\u00e1\u0161 l\u00edn\u00fd v\u00edkend. I kdy\u017e se  \u010dasto mluv\u00ed o d\u016fle\u017eit\u00fdch a v\u00e1\u017en\u00fdch v\u011bcech, Hartl je dok\u00e1\u017ee podat tak, \u017ee d\u011bj  p\u0159\u00edjemn\u011b plyne a donut\u00ed v\u00e1s ot\u00e1\u010det stranu za stranou, abyste dosp\u011bli zase  k\u00a0dal\u0161\u00edmu Silvestru.<\/p>\n<p>Rom\u00e1n <b>Nejlep\u0161\u00ed v\u00edkend<\/b>  zaujme nejen skaln\u00ed fanou\u0161ky Patrika Hartla, ale i v\u0161echny, kte\u0159\u00ed maj\u00ed r\u00e1di  dobr\u00e9 p\u0159\u00edb\u011bhy s\u00a0dramatick\u00fdmi zvraty, kter\u00e9 budou je\u0161t\u011b n\u011bjakou dobu po  do\u010dten\u00ed rezonovat v\u00a0pam\u011bti. Novoro\u010dn\u00ed p\u0159edsevzet\u00ed mohou m\u00edt s\u00edlu, pokud se  jich chop\u00edte s\u00a0vervou a v\u00edrou, \u017ee se v\u00e1m spln\u00ed. Ale p\u0159edsevzet\u00ed si  nemus\u00edte d\u00e1vat jen na Nov\u00fd rok. Dejte si t\u0159eba jedno hned dnes a p\u0159e\u010dt\u011bte si  nov\u00e9ho Hartla. Jist\u011b neprohloup\u00edte.<\/p>\n<p><\/p>\n<p>Helena Herynkov\u00e1<\/p>\n<p><\/p>\n","protected":false},"excerpt":{"rendered":"<p>Jeden rok, pades\u00e1t dva v\u00edkend\u016f a \u0161est novoro\u010dn\u00edch p\u0159edsevzet\u00ed. D\u00e1 se v\u016fbec zm\u011bnit \u017eivot za pouh\u00fd jeden rok? Patrik Hartl op\u011bt rozehr\u00e1v\u00e1 skv\u011bl\u00fd rom\u00e1nov\u00fd p\u0159\u00edb\u011bh v novince Nejlep\u0161\u00ed v\u00edkend.<\/p>\n","protected":false},"author":2,"featured_media":4370,"comment_status":"open","ping_status":"open","sticky":false,"template":"","format":"standard","meta":{"_acf_changed":false,"_monsterinsights_skip_tracking":false,"_monsterinsights_sitenote_active":false,"_monsterinsights_sitenote_note":"","_monsterinsights_sitenote_category":0,"_EventAllDay":false,"_EventTimezone":"","_EventStartDate":"","_EventEndDate":"","_EventStartDateUTC":"","_EventEndDateUTC":"","_EventShowMap":false,"_EventShowMapLink":false,"_EventURL":"","_EventCost":"","_EventCostDescription":"","_EventCurrencySymbol":"","_EventCurrencyCode":"","_EventCurrencyPosition":"","_EventDateTimeSeparator":"","_EventTimeRangeSeparator":"","_EventOrganizerID":[],"_EventVenueID":[],"_OrganizerEmail":"","_OrganizerPhone":"","_OrganizerWebsite":"","_VenueAddress":"","_VenueCity":"","_VenueCountry":"","_VenueProvince":"","_VenueState":"","_VenueZip":"","_VenuePhone":"","_VenueURL":"","_VenueStateProvince":"","_VenueLat":"","_VenueLng":"","_VenueShowMap":false,"_VenueShowMapLink":false,"twitterCardType":"","cardImageID":0,"cardImage":"","cardTitle":"","cardDesc":"","cardImageAlt":"","cardPlayer":"","cardPlayerWidth":0,"cardPlayerHeight":0,"cardPlayerStream":"","cardPlayerCodec":"","footnotes":""},"categories":[7],"tags":[],"class_list":["post-4369","post","type-post","status-publish","format-standard","has-post-thumbnail","hentry","category-recenze"],"acf":{"related_products":null},"_links":{"self":[{"href":"https:\/\/www.luxor.cz\/blog\/wp-json\/wp\/v2\/posts\/4369","targetHints":{"allow":["GET"]}}],"collection":[{"href":"https:\/\/www.luxor.cz\/blog\/wp-json\/wp\/v2\/posts"}],"about":[{"href":"https:\/\/www.luxor.cz\/blog\/wp-json\/wp\/v2\/types\/post"}],"author":[{"embeddable":true,"href":"https:\/\/www.luxor.cz\/blog\/wp-json\/wp\/v2\/users\/2"}],"replies":[{"embeddable":true,"href":"https:\/\/www.luxor.cz\/blog\/wp-json\/wp\/v2\/comments?post=4369"}],"version-history":[{"count":0,"href":"https:\/\/www.luxor.cz\/blog\/wp-json\/wp\/v2\/posts\/4369\/revisions"}],"wp:featuredmedia":[{"embeddable":true,"href":"https:\/\/www.luxor.cz\/blog\/wp-json\/wp\/v2\/media\/4370"}],"wp:attachment":[{"href":"https:\/\/www.luxor.cz\/blog\/wp-json\/wp\/v2\/media?parent=4369"}],"wp:term":[{"taxonomy":"category","embeddable":true,"href":"https:\/\/www.luxor.cz\/blog\/wp-json\/wp\/v2\/categories?post=4369"},{"taxonomy":"post_tag","embeddable":true,"href":"https:\/\/www.luxor.cz\/blog\/wp-json\/wp\/v2\/tags?post=4369"}],"curies":[{"name":"wp","href":"https:\/\/api.w.org\/{rel}","templated":true}]}}