{"id":4343,"date":"2018-10-22T16:53:00","date_gmt":"2018-10-22T14:53:00","guid":{"rendered":"https:\/\/www.luxor.cz\/blog\/nezarazene\/soutez-o-podepsaneho-maklere\/"},"modified":"2023-01-06T13:36:36","modified_gmt":"2023-01-06T12:36:36","slug":"soutez-o-podepsaneho-maklere-2130","status":"publish","type":"post","link":"https:\/\/www.luxor.cz\/blog\/souteze\/soutez-o-podepsaneho-maklere-2130\/","title":{"rendered":"Sout\u011b\u017e o podepsan\u00e9ho makl\u00e9\u0159e"},"content":{"rendered":"<\/p>\n<\/p>\n<p><b>O co se hraje?<\/b><\/p>\n<p><i>Makl\u00e9\u0159 je p\u0159\u00edb\u011bhem mlad\u00edka z Vala\u0161ska, kter\u00fd od d\u011btstv\u00ed snil  o \u00fasp\u011bchu. Po vysok\u00e9 \u0161kole se dost\u00e1v\u00e1 do presti\u017en\u00ed burzovn\u00ed firmy, kde rychle  m\u00ed\u0159\u00ed k vrcholu. A to v oboru, v n\u011bm\u017e jedin\u00fdm m\u011b\u0159\u00edtkem jsou pen\u00edze. V kr\u00e1tk\u00e9 a  \u00fadern\u00e9 knize s krimi z\u00e1pletkou t\u011b\u017e\u00ed autor z detailn\u00ed znalosti prost\u0159ed\u00ed, nebo\u0165  dlouh\u00e1 l\u00e9ta pracoval u nejv\u011bt\u0161\u00edho obchodn\u00edka s cenn\u00fdmi pap\u00edry v \u010cR. Pod\u00e1v\u00e1  autentick\u00fd a velmi zaj\u00edmav\u00fd pohled do nitra d\u011bn\u00ed na pra\u017esk\u00e9 burze. Makl\u00e9\u0159 se  nezam\u011b\u0159uje na odborn\u00e9 detaily, ale sp\u00ed\u0161e na p\u0159\u00edb\u011bh a vztahov\u00e1 t\u00e9mata, je proto  dob\u0159e p\u0159\u00edstupn\u00fd i \u0161ir\u0161\u00ed ve\u0159ejnosti. Burzovn\u00ed d\u011bn\u00ed funguje hlavn\u011b jako zaj\u00edmav\u00e1  a pro \u010d\u00e1st \u010dten\u00e1\u0159\u016f exotick\u00e1 kulisa.<\/i><\/p>\n<p><\/p>\n<p>Co pro to ud\u011blat, abyste se mohli t\u011b\u0161it z\u00a0nov\u00e9ho Makl\u00e9\u0159e  s\u00a0origin\u00e1ln\u00edm podpisem autora? Sta\u010d\u00ed odpov\u011bd\u011bt spr\u00e1vn\u011b na ot\u00e1zky a pak si  dr\u017eet palce ve slosov\u00e1n\u00ed.<\/p>\n<p><b>Sout\u011b\u017e trv\u00e1 do 28. \u0159\u00edjna. Knihu obdr\u017e\u00ed 5 v\u00fdherc\u016f.<\/b><\/p>\n<p><\/p>\n<p><b>V\u00fdhru z\u00edsk\u00e1vaj\u00ed:<\/b> J. \u0158eh\u00e1k, O. R\u00e9blov\u00e1, P. Svoboda, K. Jank\u016f, H. Vocelkov\u00e1<\/p>\n<p>D\u011bkujeme v\u0161em za \u00fa\u010dast a gratulujeme v\u00fdherc\u016fm!<\/p>\n<p><\/p>\n<p><b><br \/><\/b><\/p>\n<p><\/p><\/p>\n","protected":false},"excerpt":{"rendered":"<p>Makl\u00e9\u0159 je p\u0159\u00edb\u011bhem mlad\u00edka z Vala\u0161ska, kter\u00fd od d\u011btstv\u00ed snil o \u00fasp\u011bchu. Po vysok\u00e9 \u0161kole se dost\u00e1v\u00e1 do presti\u017en\u00ed burzovn\u00ed firmy, kde rychle m\u00ed\u0159\u00ed k vrcholu. A to v oboru, v n\u011bm\u017e jedin\u00fdm m\u011b\u0159\u00edtkem jsou pen\u00edze. A si m\u016f\u017eete kn\u00ed\u017eku vyhr\u00e1t d\u00edky nakladatelstv\u00ed Grada.<\/p>\n","protected":false},"author":2,"featured_media":4344,"comment_status":"open","ping_status":"open","sticky":false,"template":"","format":"standard","meta":{"_acf_changed":false,"_monsterinsights_skip_tracking":false,"_monsterinsights_sitenote_active":false,"_monsterinsights_sitenote_note":"","_monsterinsights_sitenote_category":0,"_EventAllDay":false,"_EventTimezone":"","_EventStartDate":"","_EventEndDate":"","_EventStartDateUTC":"","_EventEndDateUTC":"","_EventShowMap":false,"_EventShowMapLink":false,"_EventURL":"","_EventCost":"","_EventCostDescription":"","_EventCurrencySymbol":"","_EventCurrencyCode":"","_EventCurrencyPosition":"","_EventDateTimeSeparator":"","_EventTimeRangeSeparator":"","_EventOrganizerID":[],"_EventVenueID":[],"_OrganizerEmail":"","_OrganizerPhone":"","_OrganizerWebsite":"","_VenueAddress":"","_VenueCity":"","_VenueCountry":"","_VenueProvince":"","_VenueState":"","_VenueZip":"","_VenuePhone":"","_VenueURL":"","_VenueStateProvince":"","_VenueLat":"","_VenueLng":"","_VenueShowMap":false,"_VenueShowMapLink":false,"twitterCardType":"","cardImageID":0,"cardImage":"","cardTitle":"","cardDesc":"","cardImageAlt":"","cardPlayer":"","cardPlayerWidth":0,"cardPlayerHeight":0,"cardPlayerStream":"","cardPlayerCodec":"","footnotes":""},"categories":[9],"tags":[],"class_list":["post-4343","post","type-post","status-publish","format-standard","has-post-thumbnail","hentry","category-souteze"],"acf":{"related_products":null},"_links":{"self":[{"href":"https:\/\/www.luxor.cz\/blog\/wp-json\/wp\/v2\/posts\/4343","targetHints":{"allow":["GET"]}}],"collection":[{"href":"https:\/\/www.luxor.cz\/blog\/wp-json\/wp\/v2\/posts"}],"about":[{"href":"https:\/\/www.luxor.cz\/blog\/wp-json\/wp\/v2\/types\/post"}],"author":[{"embeddable":true,"href":"https:\/\/www.luxor.cz\/blog\/wp-json\/wp\/v2\/users\/2"}],"replies":[{"embeddable":true,"href":"https:\/\/www.luxor.cz\/blog\/wp-json\/wp\/v2\/comments?post=4343"}],"version-history":[{"count":0,"href":"https:\/\/www.luxor.cz\/blog\/wp-json\/wp\/v2\/posts\/4343\/revisions"}],"wp:featuredmedia":[{"embeddable":true,"href":"https:\/\/www.luxor.cz\/blog\/wp-json\/wp\/v2\/media\/4344"}],"wp:attachment":[{"href":"https:\/\/www.luxor.cz\/blog\/wp-json\/wp\/v2\/media?parent=4343"}],"wp:term":[{"taxonomy":"category","embeddable":true,"href":"https:\/\/www.luxor.cz\/blog\/wp-json\/wp\/v2\/categories?post=4343"},{"taxonomy":"post_tag","embeddable":true,"href":"https:\/\/www.luxor.cz\/blog\/wp-json\/wp\/v2\/tags?post=4343"}],"curies":[{"name":"wp","href":"https:\/\/api.w.org\/{rel}","templated":true}]}}