{"id":4338,"date":"2018-10-15T10:43:00","date_gmt":"2018-10-15T08:43:00","guid":{"rendered":"https:\/\/www.luxor.cz\/blog\/nezarazene\/soutez-o-podepsanou-novinku-zdenka-sveraka\/"},"modified":"2023-01-06T13:37:04","modified_gmt":"2023-01-06T12:37:04","slug":"soutez-o-podepsanou-novinku-zdenka-sveraka-2127","status":"publish","type":"post","link":"https:\/\/www.luxor.cz\/blog\/souteze\/soutez-o-podepsanou-novinku-zdenka-sveraka-2127\/","title":{"rendered":"Sout\u011b\u017e o podepsanou novinku Zde\u0148ka Sv\u011br\u00e1ka"},"content":{"rendered":"<p><b><\/b><\/p>\n<\/p>\n<p><b><br \/><\/b><\/p>\n<p><b>O co se hraje?<\/b><\/p>\n<p><i>Star\u00fd str\u00e1\u017ece vodn\u00ed n\u00e1dr\u017ee Ji\u0159\u00ed  Smr\u010dek si dopisuje s\u00a0gener\u00e1ln\u00edm \u0159editelem povod\u00ed. Jsou to zpr\u00e1vy o stavu  p\u0159ehrady, ale tak\u00e9 o stavu jeho du\u0161e. Nevad\u00ed, \u017ee \u0159editel ani na jeden  z\u00a0jeho 23 dopis\u016f neodpov\u00ed. Smr\u010dek, b\u00fdval\u00fd venkovsk\u00fd u\u010ditel, na sebe  prozrazuje i v\u011bci, kter\u00e9 ka\u017ed\u00e9mu nesv\u011b\u0159\u00edme. Je zjit\u0159en\u00fd \u00fakolem, kter\u00fd ho  zasko\u010dil: m\u00e1 naj\u00edt mezi spoluob\u010dany obce Horn\u00ed Zn\u011bl\u00e1 sv\u00e9ho n\u00e1stupce. Bude to  plukovn\u00edk Dekl, nebo n\u011bkdo jin\u00fd?\u00a0 Je mo\u017en\u00e9, aby to bylo vesel\u00e9  \u010dten\u00ed?\u00a0 Pokusil jsem se o to. Z. Sv\u011br\u00e1k k nov\u00fdm text\u016fm dod\u00e1v\u00e1: \u201eCel\u00fd \u017eivot  nos\u00edm u sebe not\u00fdsek, kam si zapisuji nejr\u016fzn\u011bj\u0161\u00ed kr\u00e1tk\u00e9 pozn\u00e1mky o tom, co mi  p\u0159ijde zaj\u00edmav\u00e9, co jsem vid\u011bl, pro\u017eil nebo co mi n\u011bkdo vypr\u00e1v\u011bl. Ned\u00e1vno jsem  si \u0159ekl, \u017ee bych se na to m\u011bl zp\u011btn\u011b pod\u00edvat a ud\u00e1losti si p\u0159ipomenout,  p\u0159\u00edpadn\u011b se z t\u011bch pozn\u00e1mek inspirovat. Kdy\u017e jsem je za\u010dal pro\u010d\u00edtat, tak jsem  zjistil, \u017ee t\u00e9m\u011b\u0159 90 % je nepou\u017eiteln\u00fdch, no a z toho zbytku je tato nov\u00e1  kniha.\u201c <\/i><\/p>\n<p>Ka\u017ed\u00e1 nov\u00e1 kn\u00ed\u017eka <b>Zde\u0148ka  Sv\u011br\u00e1ka<\/b> je pro jeho \u010dten\u00e1\u0159e a fanou\u0161ky velkou ud\u00e1lost\u00ed. A nejeden tou\u017e\u00ed m\u00edt  doma v\u00fdtisk s\u00a0origin\u00e1ln\u00edm podpisem autora. Vy m\u00e1te nyn\u00ed mo\u017enost kn\u00ed\u017eku <b>Str\u00e1\u017ece n\u00e1dr\u017ee<\/b> vyhr\u00e1t v\u00a0na\u0161\u00ed sout\u011b\u017ei.  Jedin\u00e9, co mus\u00edte ud\u011blat, je spr\u00e1vn\u011b odpov\u011bd\u011bt na ot\u00e1zky a pak u\u017e si jen dr\u017eet  palce p\u0159i slosov\u00e1n\u00ed.<\/p>\n<p><\/p>\n<p><\/p>\n<p><b>Sout\u011b\u017e trv\u00e1 do 21. 10. 2018<\/b><\/p>\n<p><b>Podepsanou knihu z\u00edskaj\u00ed 3 v\u00fdherci.<\/b><\/p>\n<p><b><br \/><\/b><\/p>\n<p><b>Podepsanou knihu z\u00edsk\u00e1vaj\u00ed: <\/b><b>P. Potomov\u00e1, <\/b><b>T. Turek, <\/b><b>V. Derka<\/b><\/p>\n<p><b>Gralujujeme k v\u00fdh\u0159e!<\/b><\/p>\n<p>    <b><\/b><\/p>\n","protected":false},"excerpt":{"rendered":"<p>Star\u00fd str\u00e1\u017ece vodn\u00ed n\u00e1dr\u017ee Ji\u0159\u00ed Smr\u010dek si dopisuje s gener\u00e1ln\u00edm \u0159editelem povod\u00ed. Jsou to zpr\u00e1vy o stavu p\u0159ehrady, ale tak\u00e9 o stavu jeho du\u0161e\u2026 a vy si nyn\u00ed m\u016f\u017eete jeho p\u0159\u00edb\u011bh vyhr\u00e1t d\u00edky sout\u011b\u017ei s nakladatelstv\u00edm Grada.<\/p>\n","protected":false},"author":2,"featured_media":4339,"comment_status":"open","ping_status":"open","sticky":false,"template":"","format":"standard","meta":{"_acf_changed":false,"_monsterinsights_skip_tracking":false,"_monsterinsights_sitenote_active":false,"_monsterinsights_sitenote_note":"","_monsterinsights_sitenote_category":0,"_EventAllDay":false,"_EventTimezone":"","_EventStartDate":"","_EventEndDate":"","_EventStartDateUTC":"","_EventEndDateUTC":"","_EventShowMap":false,"_EventShowMapLink":false,"_EventURL":"","_EventCost":"","_EventCostDescription":"","_EventCurrencySymbol":"","_EventCurrencyCode":"","_EventCurrencyPosition":"","_EventDateTimeSeparator":"","_EventTimeRangeSeparator":"","_EventOrganizerID":[],"_EventVenueID":[],"_OrganizerEmail":"","_OrganizerPhone":"","_OrganizerWebsite":"","_VenueAddress":"","_VenueCity":"","_VenueCountry":"","_VenueProvince":"","_VenueState":"","_VenueZip":"","_VenuePhone":"","_VenueURL":"","_VenueStateProvince":"","_VenueLat":"","_VenueLng":"","_VenueShowMap":false,"_VenueShowMapLink":false,"twitterCardType":"","cardImageID":0,"cardImage":"","cardTitle":"","cardDesc":"","cardImageAlt":"","cardPlayer":"","cardPlayerWidth":0,"cardPlayerHeight":0,"cardPlayerStream":"","cardPlayerCodec":"","footnotes":""},"categories":[9],"tags":[],"class_list":["post-4338","post","type-post","status-publish","format-standard","has-post-thumbnail","hentry","category-souteze"],"acf":{"related_products":null},"_links":{"self":[{"href":"https:\/\/www.luxor.cz\/blog\/wp-json\/wp\/v2\/posts\/4338","targetHints":{"allow":["GET"]}}],"collection":[{"href":"https:\/\/www.luxor.cz\/blog\/wp-json\/wp\/v2\/posts"}],"about":[{"href":"https:\/\/www.luxor.cz\/blog\/wp-json\/wp\/v2\/types\/post"}],"author":[{"embeddable":true,"href":"https:\/\/www.luxor.cz\/blog\/wp-json\/wp\/v2\/users\/2"}],"replies":[{"embeddable":true,"href":"https:\/\/www.luxor.cz\/blog\/wp-json\/wp\/v2\/comments?post=4338"}],"version-history":[{"count":0,"href":"https:\/\/www.luxor.cz\/blog\/wp-json\/wp\/v2\/posts\/4338\/revisions"}],"wp:featuredmedia":[{"embeddable":true,"href":"https:\/\/www.luxor.cz\/blog\/wp-json\/wp\/v2\/media\/4339"}],"wp:attachment":[{"href":"https:\/\/www.luxor.cz\/blog\/wp-json\/wp\/v2\/media?parent=4338"}],"wp:term":[{"taxonomy":"category","embeddable":true,"href":"https:\/\/www.luxor.cz\/blog\/wp-json\/wp\/v2\/categories?post=4338"},{"taxonomy":"post_tag","embeddable":true,"href":"https:\/\/www.luxor.cz\/blog\/wp-json\/wp\/v2\/tags?post=4338"}],"curies":[{"name":"wp","href":"https:\/\/api.w.org\/{rel}","templated":true}]}}