{"id":4283,"date":"2018-08-01T09:00:00","date_gmt":"2018-08-01T07:00:00","guid":{"rendered":"https:\/\/www.luxor.cz\/blog\/nezarazene\/letni-soutez-o-tasku-plnou-knih\/"},"modified":"2023-01-06T13:39:14","modified_gmt":"2023-01-06T12:39:14","slug":"letni-soutez-o-tasku-plnou-knih-2098","status":"publish","type":"post","link":"https:\/\/www.luxor.cz\/blog\/souteze\/letni-soutez-o-tasku-plnou-knih-2098\/","title":{"rendered":"Letn\u00ed sout\u011b\u017e o ta\u0161ku plnou knih"},"content":{"rendered":"<\/p>\n<\/p>\n<\/p>\n<\/p>\n<p><\/p>\n<p><span style=\"background-color: initial:\">A je pravda, \u017ee se m\u00e1te opravdu na co  t\u011b\u0161it. M\u00e1me pro v\u00e1s p\u0159ipravenou n\u00e1dhernou pl\u00e1t\u011bnou ta\u0161ku napln\u011bnou knihami.\u00a0<\/span><\/p>\n<p>V\u00fdherce v\u00a0n\u00ed najde tyto tituly:\u00a0<\/p>\n<p>T\u0159i ko\u0165\u00e1tka tety Mily, Operace O\u0159ech, Mini a L\u00edza 1+2, V\u010dely, Velk\u00e1  kniha mo\u0159sk\u00e9 hav\u011bti, P\u0159\u00edb\u011bh mal\u00e9ho And\u011bl\u00edna, Panejo aneb Stra\u0161ideln\u00e1 \u0161kola  Elv\u00edry Moudr\u00e9, Dej g\u00f3l, Carlosi a P\u0159ihraj, Carlosi. A to v\u0161e v\u00a0kr\u00e1sn\u00e9 a  kvalitn\u00ed pl\u00e1t\u011bn\u00e9 ta\u0161ce.<\/p>\n<\/p>\n<\/p>\n<\/p>\n<p>Vyhrajte jednu z 10 ta\u0161ek pln\u00fdch knih!\u00a0Sta\u010d\u00ed vyplnit formul\u00e1\u0159 n\u00ed\u017ee a odpov\u011bd\u011bt na sout\u011b\u017en\u00ed ot\u00e1zku &#8211; kolik v\u00e1\u017e\u00ed v\u00fdhern\u00ed pl\u00e1t\u011bn\u00e1 ta\u0161ka napln\u011bn\u00e1 11 dan\u00fdmi knihami. P\u0159esn\u00fd obsah ta\u0161ky je vypsan\u00fd v\u00fd\u0161e nebo pod \u010dl\u00e1nkem najdete odkazy na v\u0161echny knihy. Sout\u011b\u017e prob\u00edh\u00e1 do\u00a0<b>31.8.2018<\/b>. V\u00fdherci budou  kontaktov\u00e1ni na udan\u00e9 emailov\u00e9 adrese do t\u00fddne od vyhl\u00e1\u0161en\u00ed sout\u011b\u017ee. Podrobn\u00e1  pravidla sout\u011b\u017ee najdete v galerii pod \u010dl\u00e1nkem.<\/p>\n<p><\/p>\n<p><b>SOUT\u011a\u017d UKON\u010cENA<\/b><\/p>\n<p>V\u00e1ha ta\u0161ky s knihami 6540 gram\u016f.<\/p>\n<p><\/p>\n<p><b>V\u00fdherci:<\/b><\/p>\n<\/p>\n<li>Pavl\u00edna Mare\u0161ov\u00e1 &#8211; 6540 gram<\/li>\n<li>Petra Dost\u00e1lov\u00e1 &#8211; 6538 gram\u016f<\/li>\n<li>Aneta Dlouh\u00e1 &#8211; 6546 gram\u016f<\/li>\n<li>Kate\u0159ina Zaj\u00ed\u010dkov\u00e1 &#8211; 6546 gram\u016f<\/li>\n<li>Adela Kunst\u00e1tov\u00e1 &#8211; 6530 gram\u016f<\/li>\n<li>Renata \u0160ev\u010d\u00edkov\u00e1 &#8211; 6550 gram\u016f<\/li>\n<li>Jana Kucha\u0159ov\u00e1\u00a0&#8211; 6550 gram\u016f<\/li>\n<li>LudmilaKunst\u00e1tov\u00e1\u00a0&#8211; 6550 gram\u016f<\/li>\n<li>Jana Bure\u0161ov\u00e1\u00a0&#8211; 6550 gram\u016f<\/li>\n<li>Milada Ku\u010derov\u00e1\u00a0&#8211; 6550 gram\u016f<\/li>\n","protected":false},"excerpt":{"rendered":"<p>L\u00e9to a pr\u00e1zdniny jsou hodn\u011b o d\u011btech. Vym\u00fd\u0161l\u00edme jim program, aby si voln\u00e9 dny u\u017eili co nejl\u00e9pe, voz\u00edme je na t\u00e1bory, c\u00e1k\u00e1me se s nimi v rybn\u00edce a na konci srpna se jim sna\u017e\u00edme op\u011bt v\u0161t\u00edpit \u0159\u00e1d, aby se dok\u00e1zaly vr\u00e1tit do \u0161koln\u00edch lavic. A my v\u00e1m ten konec pr\u00e1zdnin pom\u016f\u017eeme zp\u0159\u00edjemnit \u2013 velkou sout\u011b\u017e\u00ed o ta\u0161ku plnou n\u00e1dhern\u00fdch knih pro d\u011bti od nakladatelstv\u00ed Slovart a BRIO.<\/p>\n","protected":false},"author":2,"featured_media":4284,"comment_status":"open","ping_status":"open","sticky":false,"template":"","format":"standard","meta":{"_acf_changed":false,"_monsterinsights_skip_tracking":false,"_monsterinsights_sitenote_active":false,"_monsterinsights_sitenote_note":"","_monsterinsights_sitenote_category":0,"_EventAllDay":false,"_EventTimezone":"","_EventStartDate":"","_EventEndDate":"","_EventStartDateUTC":"","_EventEndDateUTC":"","_EventShowMap":false,"_EventShowMapLink":false,"_EventURL":"","_EventCost":"","_EventCostDescription":"","_EventCurrencySymbol":"","_EventCurrencyCode":"","_EventCurrencyPosition":"","_EventDateTimeSeparator":"","_EventTimeRangeSeparator":"","_EventOrganizerID":[],"_EventVenueID":[],"_OrganizerEmail":"","_OrganizerPhone":"","_OrganizerWebsite":"","_VenueAddress":"","_VenueCity":"","_VenueCountry":"","_VenueProvince":"","_VenueState":"","_VenueZip":"","_VenuePhone":"","_VenueURL":"","_VenueStateProvince":"","_VenueLat":"","_VenueLng":"","_VenueShowMap":false,"_VenueShowMapLink":false,"twitterCardType":"","cardImageID":0,"cardImage":"","cardTitle":"","cardDesc":"","cardImageAlt":"","cardPlayer":"","cardPlayerWidth":0,"cardPlayerHeight":0,"cardPlayerStream":"","cardPlayerCodec":"","footnotes":""},"categories":[9],"tags":[],"class_list":["post-4283","post","type-post","status-publish","format-standard","has-post-thumbnail","hentry","category-souteze"],"acf":{"related_products":null},"_links":{"self":[{"href":"https:\/\/www.luxor.cz\/blog\/wp-json\/wp\/v2\/posts\/4283","targetHints":{"allow":["GET"]}}],"collection":[{"href":"https:\/\/www.luxor.cz\/blog\/wp-json\/wp\/v2\/posts"}],"about":[{"href":"https:\/\/www.luxor.cz\/blog\/wp-json\/wp\/v2\/types\/post"}],"author":[{"embeddable":true,"href":"https:\/\/www.luxor.cz\/blog\/wp-json\/wp\/v2\/users\/2"}],"replies":[{"embeddable":true,"href":"https:\/\/www.luxor.cz\/blog\/wp-json\/wp\/v2\/comments?post=4283"}],"version-history":[{"count":0,"href":"https:\/\/www.luxor.cz\/blog\/wp-json\/wp\/v2\/posts\/4283\/revisions"}],"wp:featuredmedia":[{"embeddable":true,"href":"https:\/\/www.luxor.cz\/blog\/wp-json\/wp\/v2\/media\/4284"}],"wp:attachment":[{"href":"https:\/\/www.luxor.cz\/blog\/wp-json\/wp\/v2\/media?parent=4283"}],"wp:term":[{"taxonomy":"category","embeddable":true,"href":"https:\/\/www.luxor.cz\/blog\/wp-json\/wp\/v2\/categories?post=4283"},{"taxonomy":"post_tag","embeddable":true,"href":"https:\/\/www.luxor.cz\/blog\/wp-json\/wp\/v2\/tags?post=4283"}],"curies":[{"name":"wp","href":"https:\/\/api.w.org\/{rel}","templated":true}]}}