{"id":3933,"date":"2017-10-08T22:51:00","date_gmt":"2017-10-08T20:51:00","guid":{"rendered":"https:\/\/www.luxor.cz\/blog\/nezarazene\/letem-kniznim-svetem-41-tyden-2017\/"},"modified":"2023-01-06T13:49:13","modified_gmt":"2023-01-06T12:49:13","slug":"letem-kniznim-svetem-41-tyden-2017-1913","status":"publish","type":"post","link":"https:\/\/www.luxor.cz\/blog\/nezarazene\/letem-kniznim-svetem-41-tyden-2017-1913\/","title":{"rendered":"Letem kni\u017en\u00edm sv\u011btem (41. t\u00fdden 2017)"},"content":{"rendered":"<\/p>\n<\/p>\n<h1>Akce v Neoluxoru:<\/h1>\n<\/p>\n<ul>\n<li>Nov\u00e1 kniha Jussiho Adlera Olsena\u00a0<a href=\"http:\/\/neoluxor.cz\/pripravujeme\/selfies--4156\/\" target=\"_blank\" rel=\"noopener\">Selfies<\/a>\u00a0vyjde ji\u017e brzy. K t\u00e9 p\u0159\u00edle\u017eitosti ji\u017e te\u010f u n\u00e1s zakoup\u00edte\u00a0<a href=\"http:\/\/neoluxor.cz\/akcni-nabidka\/jussi-adler-olsen-sleva\/\" target=\"_blank\" rel=\"noopener\">v\u0161echny autorovy knihy v pevn\u00e9 vazb\u011b se slevou 50 %<\/a>.<\/li>\n<\/ul>\n<ul>\n<li>Dnes v 17:00 p\u0159edstav\u00ed auto\u0159i Josef Pepson Sn\u011btiv\u00fd a Otomar Dvo\u0159\u00e1k knihu <a href=\"https:\/\/neoluxor.cz\/akce\/krest-knihy-utajene-hrady-a-zamky--985\/\" target=\"_blank\" rel=\"noopener\">Utajen\u00e9 hrady a z\u00e1mky aneb Prahou po stop\u00e1ch pansk\u00fdch s\u00eddel<\/a> z edice Skryt\u00e1 kr\u00e1sa na\u0161\u00ed zem\u011b.\u00a0<\/li>\n<\/ul>\n<ul>\n<li>Moder\u00e1torka Zuzana Tvar\u016f\u017ekov\u00e1 v \u00fater\u00fd 10. \u0159\u00edjna pok\u0159t\u00ed v 15:30 knihu Avy Lackov\u00e9 <a href=\"https:\/\/neoluxor.cz\/akce\/krest-knihy-rebelka-pod-zamkem--970\/\" target=\"_blank\" rel=\"noopener\">Rebelka pod z\u00e1mkem<\/a>.\u00a0<\/li>\n<\/ul>\n<ul>\n<li>Nakladatelstv\u00ed Alpress v\u00e1s zve v \u00fater\u00fd 10. \u0159\u00edjna od 17:00 na <a href=\"https:\/\/neoluxor.cz\/akce\/krest-knihy-smrtici-bysnys-hany-hindrakove--971\/\" target=\"_blank\" rel=\"noopener\">k\u0159est knihy Smrt\u00edc\u00ed bysnys Hany Hindr\u00e1kov\u00e9<\/a>. Knihu pok\u0159t\u00ed zp\u011bv\u00e1k Dalibor Janda, here\u010dka Nela Boudov\u00e1, Tereza Kostkov\u00e1, Eva Hru\u0161kov\u00e1 a b\u00fdval\u00e1 \u0159editelka nemocnice v Ugand\u011b Kate\u0159ina Kar\u00e1skov\u00e1.\u00a0<\/li>\n<\/ul>\n<ul>\n<li>Ve \u010dtvrtek 12. \u0159\u00edjna v\u00e1s v 17:00 v Pal\u00e1ci knih Luxor rozp\u00e1l\u00ed <a href=\"https:\/\/neoluxor.cz\/akce\/krest-kucharky-ohnive-kure-ii--987\/\" target=\"_blank\" rel=\"noopener\">Ohniv\u00fd ku\u0159e<\/a>. Budeme spolu s v\u00e1mi k\u0159t\u00edt druh\u00fd d\u00edl kucha\u0159ky podle stejnojmenn\u00e9ho seri\u00e1lu.<\/li>\n<\/ul>\n<ul>\n<li>Nakladatelstv\u00ed Tou\u017eimsk\u00fd &#038; Moravec v\u00e1s zve v p\u00e1tek 13. \u0159\u00edjna od 17:00 na <a href=\"https:\/\/neoluxor.cz\/akce\/beseda-a-krest-knihy-ilustratori-dobrodruzstvi-vladimira-prokopa--972\/\" target=\"_blank\" rel=\"noopener\">besedu a k\u0159est knihy Ilustr\u00e1to\u0159i dobrodru\u017estv\u00ed Vladim\u00edra Prokopa<\/a>.<\/li>\n<\/ul>\n<\/p>\n<h1>Blogteam \u010dte a doporu\u010duje<\/h1>\n<\/p>\n<p><a href=\"https:\/\/neoluxor.cz\/blog\/recenze\/karetni-triky-magie-kockoveverky-trochu-jina-fantasy--1896\/\" target=\"_blank\" rel=\"noopener\"><\/a><\/p>\n<p><a href=\"https:\/\/neoluxor.cz\/blog\/recenze\/jsem-stejna-jako-vsichni-ostatni-a-prece-jina--1911\/\" target=\"_blank\" rel=\"noopener\"><\/a><\/p>\n<h1>P\u0159ipravovan\u00e9 tituly:<\/h1>\n<p>Pod\u00edvejte se do sekce\u00a0<a href=\"http:\/\/neoluxor.cz\/pripravujeme\/\" target=\"_blank\" rel=\"noopener\">P\u0159ipravujeme<\/a>\u00a0a projd\u011bte si celou nab\u00eddku chystan\u00fdch knih.<\/p>\n<\/p>\n<\/p>\n<ul>\n<li>Osam\u011bl\u00e1 zak\u0159iknut\u00e1 Sylvie se nec\u00edt\u00ed ve sv\u00e9 k\u016f\u017ei, po otcov\u011b smrti propadne depresi a nabude dojmu, \u017ee je k ni\u010demu a \u017e\u00e1dn\u00e9 \u0161t\u011bst\u00ed u\u017e ji ne\u010dek\u00e1. Proto se rozhodne, \u017ee o V\u00e1noc\u00edch spolyk\u00e1 pr\u00e1\u0161ky a ve vo\u0148av\u00e9 koupeli skoncuje se \u017eivotem. V\u0161em \u010dten\u00e1\u0159\u016fm 10.\u0159\u00edjna pop\u0159ejeme <a href=\"https:\/\/neoluxor.cz\/pripravujeme\/veselou-sebevrazdu-a-stastny-novy-rok--4379\/\" target=\"_blank\" rel=\"noopener\">Veselou sebevra\u017edu a \u0161\u0165astn\u00fd nov\u00fd rok<\/a>!<\/li>\n<\/ul>\n<ul>\n<li>\u0160estn\u00e1ctilet\u00e1 Jana Greyov\u00e1 m\u00e1 za sebou tot\u00e9\u017e, co \u0159ada \u0161lechti\u010den p\u0159ed n\u00ed: svatbu s naprosto ciz\u00edm mu\u017eem. Nav\u00edc m\u00e1 tu sm\u016flu, \u017ee s\u0148atkem se ocitla p\u0159\u00edmo uprost\u0159ed politick\u00e9ho komplotu, kter\u00fd z n\u00ed ud\u011blal kr\u00e1lovnu. Na cel\u00fdch dev\u011bt dn\u00ed! M\u00e1 opravdu vl\u00e1dnout, nebo sp\u00ed\u0161 \u0159e\u0161it, \u017ee m\u00e1 hrad pln\u00fd spiklenc\u016f a jej\u00ed novoman\u017eel se ve dne prom\u011b\u0148uje v kon\u011b?\u00a0 Humorn\u00e1 fantasy <a href=\"https:\/\/neoluxor.cz\/pripravujeme\/ma-lady-jane--4372\/\" target=\"_blank\" rel=\"noopener\">M\u00e1 lady Jane<\/a> kniha ispirovan\u00e9 skute\u010dn\u00fdmi historick\u00fdmi postavami vych\u00e1z\u00ed 16. \u0159\u00edjna.<\/li>\n<\/ul>\n<ul>\n<li>Kdy\u017e si Martina p\u0159\u00e1la psa, netu\u0161ila, \u017ee se Sn\u00ed\u017ekem budou sam\u00e9 pot\u00ed\u017ee. Z mal\u00e9ho b\u00edl\u00e9ho \u0161t\u011bn\u011bte vyrostl pes, kter\u00e9ho skoro nikdo ve vesnici nem\u00e1 r\u00e1d. Dokonce i jej\u00ed m\u00e1ma se ho boj\u00ed. A tak kdy\u017e Martina jednoho dne najde Sn\u00ed\u017eka mrtv\u00e9ho, hned ji napadne, \u017ee nezem\u0159el n\u00e1hodou. Zjist\u011bte spole\u010dn\u011b s Martinou <a href=\"https:\/\/neoluxor.cz\/pripravujeme\/kdo-zabil-snizka--4416\/\" target=\"_blank\" rel=\"noopener\">Kdo zabil Sn\u00ed\u017eka<\/a> a to 19. \u0159\u00edjna.<\/li>\n<\/ul>\n<ul>\n<li>Ji\u017e zanedlouho vyjde u nakladatelstv\u00ed Motto <a href=\"https:\/\/neoluxor.cz\/pripravujeme\/losos-v-kaluzi--4382\/\" target=\"_blank\" rel=\"noopener\">Losos v kalu\u017ei<\/a>. Cynick\u00e1 B\u00e1ra nen\u00ed typ holky, kter\u00e1 se r\u00e1no probud\u00ed se sexy rozcuchem, prot\u00e1hne se a na prvn\u00ed pokus vyfot\u00ed #nomakeup selfie, za kterou dostane 200 lajk\u016f, ne\u017e dojde do koupelny. Jej\u00ed \u017eivot se oto\u010d\u00ed vzh\u016fru nohama, kdy\u017e j\u00ed um\u0159e babi\u010dka a \u201eodejde do nebe\u201c. B\u00e1ra ale zjist\u00ed, \u017ee smrt\u00ed nic nekon\u010d\u00ed, naopak j\u00ed v\u0161echno za\u010d\u00edn\u00e1!<\/li>\n<\/ul>\n<ul>\n<li>N\u00e1dhern\u00e9 nov\u00e9 vyd\u00e1n\u00ed kouzelnick\u00e9 klasiky z pera Mloka Scamandera samoz\u0159ejm\u011b p\u0159edstavuje pestrou sm\u011bsici tvor\u016f od Akromantule p\u0159es r\u016fzn\u00e9 druhy drak\u016f a\u017e po Yettiho, nav\u00edc s p\u0159ekr\u00e1sn\u00fdmi ilustracemi Olivie Lomenech Gillov\u00e9. Nov\u00e9 vyd\u00e1n\u00ed <a href=\"https:\/\/neoluxor.cz\/pripravujeme\/fantasticka-zvirata-ilustrovane-vydani--4364\/\" target=\"_blank\" rel=\"noopener\">Fantastick\u00fdch zv\u00ed\u0159at a kde je naj\u00edt<\/a>\u00a0vych\u00e1zej\u00edc\u00ed 26. \u0159\u00edjna obsahuje novou p\u0159edmluvu a \u0161est tvor\u016f, kte\u0159\u00ed se vyskytuj\u00ed v Severn\u00ed Americe.<\/li>\n<\/ul>\n<h1>Kni\u017en\u00ed novinky t\u00fddne:<\/h1>\n<p>Kompletn\u00ed p\u0159ehled novinek najdete v sekci\u00a0<a href=\"http:\/\/neoluxor.cz\/nove-knihy\/\" target=\"_blank\" rel=\"noopener\">nov\u00e9 knihy<\/a>.<\/p>\n<p><a href=\"https:\/\/neoluxor.cz\/beletrie\/poprava--270462\/\" target=\"_blank\" rel=\"noopener\"><\/a><\/p>\n<p><a href=\"https:\/\/neoluxor.cz\/beletrie\/tisic-kousku-tebe--270456\/\" target=\"_blank\" rel=\"noopener\"><\/a><\/p>\n<p><a href=\"https:\/\/neoluxor.cz\/beletrie\/jak-vytvorit-francouzskou-rodinu--270367\/\" target=\"_blank\" rel=\"noopener\"><\/a><\/p>\n<p><a href=\"https:\/\/neoluxor.cz\/beletrie\/a-zrodi-se-pisen--270334\/\" target=\"_blank\" rel=\"noopener\"><\/a><\/p>\n<p><a href=\"https:\/\/neoluxor.cz\/beletrie\/papirova-labut--270283\/\" target=\"_blank\" rel=\"noopener\"><\/a><\/p>\n<p><a href=\"https:\/\/neoluxor.cz\/beletrie\/pansky-dum-1--270280\/\" target=\"_blank\" rel=\"noopener\"><\/a><\/p>\n<p><a href=\"https:\/\/neoluxor.cz\/detske\/magonie--270455\/\" target=\"_blank\" rel=\"noopener\"><\/a><\/p>\n<p><a href=\"https:\/\/neoluxor.cz\/beletrie\/nejskrytejsi-prani--270220\/\" target=\"_blank\" rel=\"noopener\"><\/a><\/p>\n<p><a href=\"https:\/\/neoluxor.cz\/cizojazycne-knihy\/origin-us-edition--270196\/\" target=\"_blank\" rel=\"noopener\"><\/a><\/p>\n<p><a href=\"https:\/\/neoluxor.cz\/beletrie\/hrackar--270153\/\" target=\"_blank\" rel=\"noopener\"><\/a><\/p>\n<h1>Filmov\u00e9 a televizn\u00ed novinky<\/h1>\n<\/p>\n<p>Druh\u00fd d\u00edl <a href=\"https:\/\/neoluxor.cz\/detske\/fantasticka-zvirata-a-kde-je-najit-puvodni-scenar--259719\/\" target=\"_blank\" rel=\"noopener\">Fantastick\u00fdch zv\u00ed\u0159at a kde je naj\u00edt<\/a> na n\u00e1s sice bude \u010dekat a\u017e na konci p\u0159\u00ed\u0161t\u00edho roku, nicm\u00e9n\u011b ji\u017e te\u010f se pomalu za\u010d\u00ednaj\u00ed objevovat nov\u00e9 \u017ehav\u00e9 informace. B\u011bhem uplynul\u00fdch dn\u00ed byla odhalena jm\u00e9na sedmi herc\u016f, kte\u0159\u00ed se k filmov\u00e9mu fran\u0161\u00edzu p\u0159ipojili. Mexick\u00fd herec Brontis Jodorowsky se p\u0159edstav\u00ed jako legend\u00e1rn\u00ed Nicholas Flamel, tv\u016frce kamene mudrce.\u00a0<span style=\"background-color: initial:\">Here\u010dka a komi\u010dka Jessica Williams t\u00e9\u017e osobn\u011b ozn\u00e1mila svou \u00fa\u010dast na projektu, av\u0161ak nen\u00ed zat\u00edm zn\u00e1m\u00e9 koho si p\u0159esn\u011b zahraje. Dal\u0161\u00edmi jm\u00e9ny jsou\u00a0Wolf Roth,\u00a0Victoria Yeates,\u00a0Derek Riddell,\u00a0Poppy Corby-Tuech a\u00a0Cornell S John.\u00a0<\/span><\/p>\n<p><span style=\"background-color: initial:\"><\/span><\/p>\n<\/p>\n<p><span style=\"background-color: initial:\">Moment\u00e1ln\u011b se spekuluje o mo\u017enosti televizn\u00ed adaptace komiksu <a href=\"https:\/\/neoluxor.cz\/beletrie\/v-jako-vendeta--237874\/\" target=\"_blank\" rel=\"noopener\">V jako vendeta<\/a> od Alana Moora a Davida Lloyda. Pl\u00e1novan\u00fd seri\u00e1l by m\u011bl b\u00fdt moment\u00e1ln\u011b v procesu p\u0159\u00edprav pro televizn\u00ed\u00a0kan\u00e1l Channel 4.\u00a0V jako vendeta, to je obraz sv\u011bta, kde vl\u00e1dne zoufalstv\u00ed a nic neprom\u00edjej\u00edc\u00ed tyranie. V jako vendeta, to je b\u0159itk\u00fd pohled na sv\u011bt a lidi, inteligence, vtip, ho\u0159kost i cit: v\u0161echno, \u010d\u00edm komiks \u00fadajn\u011b nikdy nem\u011bl b\u00fdt.<\/span><\/p>\n<\/p>\n<p><span style=\"background-color: initial:\"><\/span><\/p>\n<\/p>\n<p><span style=\"background-color: initial:\">Zn\u00e1m\u00fd skotsk\u00fd herec Graham McTavish na sv\u00e9m twitteru v\u010dera ozn\u00e1mil, \u017ee se p\u0159ipojuje k filmov\u00e9mu zpracov\u00e1n\u00ed komiksu Aquaman od DC. McTavishe m\u016f\u017eete zn\u00e1t nap\u0159\u00edklad z hitu Cizinka, kde si zahr\u00e1l roli Dougala\u00a0Mackenzieho. Koho si ale v Aqaumanovi zahraje nen\u00ed zn\u00e1mo. Pokud se ji\u017e filmu nem\u016f\u017eete do\u010dkat, tak nezoufejte. Aquaman se objev\u00ed v <a href=\"https:\/\/neoluxor.cz\/beletrie\/liga-spravedlnosti-pocatek--201709\/\" target=\"_blank\" rel=\"noopener\">Justice league<\/a>, kter\u00e1 se do \u010desk\u00fdch kin dostane 16. listopadu.<\/span><\/p>\n<\/p>\n<p><span style=\"background-color: initial:\"><\/span><\/p>\n<\/p>\n<p><span style=\"background-color: initial:\">Amazon se po \u00fasp\u011bchu adaptace knihy Mu\u017e z vysok\u00e9ho z\u00e1mku od Philipa K. Dicka pou\u0161t\u00ed do zpracov\u00e1n\u00ed knihy\u00a0<a href=\"https:\/\/neoluxor.cz\/beletrie\/blade-runner-sni-androidi-o-elektrickych-oveckach--18716\/\" target=\"_blank\" rel=\"noopener\">Sn\u00ed androidi o elektrick\u00fdch ove\u010dk\u00e1ch?<\/a>. Rick Deckard je policejn\u00edm agentem pov\u011b\u0159en\u00fdm likvidac\u00ed lidsk\u00fdch replikant\u016f, dokonal\u00fdch reprodukc\u00ed \u010dlov\u011bka, pou\u017e\u00edvan\u00fdch pro pr\u00e1ci na kolonizovan\u00fdch planet\u00e1ch.\u00a0<\/span><\/p>\n<\/p>\n<\/p>\n<p><span style=\"background-color: initial:\">Kniha <\/span><a href=\"https:\/\/neoluxor.cz\/beletrie\/stehlik--236111\/\" style=\"background-color: initial:\" target=\"_blank\" rel=\"noopener\">Stehl\u00edk<\/a><span style=\"background-color: initial:\">, kter\u00e1 p\u0159ed dobou vyhr\u00e1la Pullicerovu cenu, se kone\u010dn\u011b posouv\u00e1 kup\u0159edu. Filmov\u00e1 pr\u00e1va se prodala ji\u017e p\u0159ed t\u0159emi lety a od t\u00e9 chv\u00edle jsme se \u017e\u00e1dn\u00fdch novinek a informac\u00ed nedo\u010dkali. Nyn\u00ed se ale objevuj\u00ed informace u \u00fa\u010dasti Ansela Elgorta a Ralpha Fiennese na tomto projektu. O \u017eivotn\u00edm p\u0159\u00edb\u011bhu Theodora Deckera lze s trochou nads\u00e1zky \u0159\u00edci, \u017ee je p\u0159edev\u0161\u00edm p\u0159\u00edb\u011bhem osudov\u00fdch ztr\u00e1t a n\u00e1lez\u016f \u2013 teroristick\u00fd \u00fatok v newyorsk\u00e9m Metropolitn\u00edm muzeu um\u011bn\u00ed jej v ran\u00e9m ml\u00e1d\u00ed p\u0159iprav\u00ed o milovanou matku, ale z\u00e1rove\u0148 ho u\u010din\u00ed vlastn\u00edkem slavn\u00e9ho d\u00edla holandsk\u00e9ho mistra Fabritia zvan\u00e9ho Stehl\u00edk.<\/span><\/p>\n<\/p>\n<\/p>\n<p>Autorka: Lucie \u017delensk\u00e1<\/p>\n<p>Zdroj:\u00a0www.ew.com, www.comicbook.com, www.time.com, www.mashable.com,\u00a0www.denofgeek.com<\/p>\n<p><b>Sledujte\u00a0<a href=\"http:\/\/neoluxor.cz\/blog\/novinky\/\" target=\"_blank\" rel=\"noopener\">Letem kni\u017en\u00edm sv\u011btem<\/a>\u00a0pravideln\u011b, nov\u00fd d\u00edl v\u017edy v pond\u011bl\u00ed.<\/b><\/p><\/p>\n","protected":false},"excerpt":{"rendered":"<p>Nov\u00e9 hereck\u00e9 p\u0159\u00edr\u016fstky filmu Fantastick\u00e1 zv\u00ed\u0159ata a kde je naj\u00edt v\u00e1s doslova o\u010daruj\u00ed.  Milovn\u00edci komiks\u016f se mohou t\u011b\u0161it na seri\u00e1lovou podobu titulu V jako vendeta a Graham McTavish odtajnil informaci o sv\u00e9 \u00fa\u010dasti ve filmu Aquaman. Pod\u00edvejte se na trailer k seri\u00e1lu Electric dreams na motiv knihy Philipa K. Dicka a nezapome\u0148te si p\u0159e\u010d\u00edst o mo\u017en\u00e9m hereck\u00e9m obsazen\u00ed filmu Goldfinch neboli Stehl\u00edk.<\/p>\n","protected":false},"author":2,"featured_media":3934,"comment_status":"open","ping_status":"open","sticky":false,"template":"","format":"standard","meta":{"_acf_changed":false,"_monsterinsights_skip_tracking":false,"_monsterinsights_sitenote_active":false,"_monsterinsights_sitenote_note":"","_monsterinsights_sitenote_category":0,"_EventAllDay":false,"_EventTimezone":"","_EventStartDate":"","_EventEndDate":"","_EventStartDateUTC":"","_EventEndDateUTC":"","_EventShowMap":false,"_EventShowMapLink":false,"_EventURL":"","_EventCost":"","_EventCostDescription":"","_EventCurrencySymbol":"","_EventCurrencyCode":"","_EventCurrencyPosition":"","_EventDateTimeSeparator":"","_EventTimeRangeSeparator":"","_EventOrganizerID":[],"_EventVenueID":[],"_OrganizerEmail":"","_OrganizerPhone":"","_OrganizerWebsite":"","_VenueAddress":"","_VenueCity":"","_VenueCountry":"","_VenueProvince":"","_VenueState":"","_VenueZip":"","_VenuePhone":"","_VenueURL":"","_VenueStateProvince":"","_VenueLat":"","_VenueLng":"","_VenueShowMap":false,"_VenueShowMapLink":false,"twitterCardType":"","cardImageID":0,"cardImage":"","cardTitle":"","cardDesc":"","cardImageAlt":"","cardPlayer":"","cardPlayerWidth":0,"cardPlayerHeight":0,"cardPlayerStream":"","cardPlayerCodec":"","footnotes":""},"categories":[1],"tags":[],"class_list":["post-3933","post","type-post","status-publish","format-standard","has-post-thumbnail","hentry","category-nezarazene"],"acf":{"related_products":null},"_links":{"self":[{"href":"https:\/\/www.luxor.cz\/blog\/wp-json\/wp\/v2\/posts\/3933","targetHints":{"allow":["GET"]}}],"collection":[{"href":"https:\/\/www.luxor.cz\/blog\/wp-json\/wp\/v2\/posts"}],"about":[{"href":"https:\/\/www.luxor.cz\/blog\/wp-json\/wp\/v2\/types\/post"}],"author":[{"embeddable":true,"href":"https:\/\/www.luxor.cz\/blog\/wp-json\/wp\/v2\/users\/2"}],"replies":[{"embeddable":true,"href":"https:\/\/www.luxor.cz\/blog\/wp-json\/wp\/v2\/comments?post=3933"}],"version-history":[{"count":0,"href":"https:\/\/www.luxor.cz\/blog\/wp-json\/wp\/v2\/posts\/3933\/revisions"}],"wp:featuredmedia":[{"embeddable":true,"href":"https:\/\/www.luxor.cz\/blog\/wp-json\/wp\/v2\/media\/3934"}],"wp:attachment":[{"href":"https:\/\/www.luxor.cz\/blog\/wp-json\/wp\/v2\/media?parent=3933"}],"wp:term":[{"taxonomy":"category","embeddable":true,"href":"https:\/\/www.luxor.cz\/blog\/wp-json\/wp\/v2\/categories?post=3933"},{"taxonomy":"post_tag","embeddable":true,"href":"https:\/\/www.luxor.cz\/blog\/wp-json\/wp\/v2\/tags?post=3933"}],"curies":[{"name":"wp","href":"https:\/\/api.w.org\/{rel}","templated":true}]}}