{"id":3889,"date":"2017-09-07T12:18:00","date_gmt":"2017-09-07T10:18:00","guid":{"rendered":"https:\/\/www.luxor.cz\/blog\/nezarazene\/lisbeth-hleda-koreny\/"},"modified":"2023-01-06T13:49:23","modified_gmt":"2023-01-06T12:49:23","slug":"lisbeth-hleda-koreny-1891","status":"publish","type":"post","link":"https:\/\/www.luxor.cz\/blog\/recenze\/lisbeth-hleda-koreny-1891\/","title":{"rendered":"Lisbeth hled\u00e1 ko\u0159eny\u2026"},"content":{"rendered":"<\/p>\n<\/p>\n<p>P\u0159ed dvan\u00e1cti lety, v\u00a0srpnu 2005, vy\u0161la kniha Stiega Larssona <a href=\"http:\/\/neoluxor.cz\/beletrie\/muzi-kteri-nenavidi-zeny-filmova-obalka--133838\/\" target=\"_blank\" rel=\"noopener\">Mu\u017ei, kte\u0159\u00ed nen\u00e1vid\u00ed \u017eeny<\/a>. Larsson zem\u0159el ne\u010dekan\u011b na infarkt o rok d\u0159\u00edve a o fenomen\u00e1ln\u00edm \u00fasp\u011bchu knih s\u00a0investigativn\u00edm novin\u00e1\u0159em Mikaelem Blomkvistem a hackerkou Lisbeth Salanderovou se tak nikdy nedozv\u011bd\u011bl. Bylo to pr\u00e1v\u011b Mil\u00e9nium, tj. trilogie <a href=\"http:\/\/neoluxor.cz\/beletrie\/muzi-kteri-nenavidi-zeny-filmova-obalka--133838\/\" target=\"_blank\" rel=\"noopener\">Mu\u017ei, kte\u0159\u00ed nen\u00e1vid\u00ed \u017eeny<\/a>, <a href=\"http:\/\/neoluxor.cz\/beletrie\/divka-ktera-si-hrala-s-ohnem-2-vydan--233834\/\" target=\"_blank\" rel=\"noopener\">D\u00edvka, kter\u00e1 si hr\u00e1la s ohn\u011bm<\/a> a <a href=\"http:\/\/neoluxor.cz\/beletrie\/divka-ktera-kopla-do-vosiho-hnizda-2vy--233835\/\" target=\"_blank\" rel=\"noopener\">D\u00edvka, kter\u00e1 kopla do vos\u00edho hn\u00edzda<\/a>, kter\u00e9 spustilo celosv\u011btov\u00fd z\u00e1jem o severskou krimi, o temn\u00e9 thrillery zasazen\u00e9 do spole\u010densk\u00e9ho kontextu. Mil\u00e9nium bylo p\u0159elo\u017eeno do \u0159ady jazyk\u016f a stalo se glob\u00e1ln\u00edm bestsellerem, velmi rychle okupovalo nejen kni\u017en\u00ed trh, ale i filmov\u00e1 pl\u00e1tna a televizn\u00ed obrazovky.<\/p>\n<p>D\u011bdicov\u00e9 autorsk\u00fdch pr\u00e1v se rozhodli, \u017ee by bylo dobr\u00e9 nenechat komer\u010dn\u00ed potencion\u00e1l bestselleru vychladnout\u00a0 \u2013 ostatn\u011b i s\u00e1m Larsson pl\u00e1noval, \u017ee s\u00e9rie bude m\u00edt 10 d\u00edl\u016f &#8211; a tak se rozhodli naj\u00edt pokra\u010dovatele. Volba padla na zn\u00e1m\u00e9ho \u0161v\u00e9dsk\u00e9ho novin\u00e1\u0159e Davida Lagercrantze, autora \u017eivotopisu fotbalisty Zlatana Ibrahimovi\u010de a n\u011bkolika popul\u00e1rn\u011b-nau\u010dn\u00fdch knih. V\u00a0l\u00e9t\u011b 2015 tak vy\u0161lo voln\u00e9 pokra\u010dov\u00e1n\u00ed trilogie pod n\u00e1zvem <a href=\"http:\/\/neoluxor.cz\/beletrie\/divka-v-pavouci-siti-4-dil-milenium--233576\/\" target=\"_blank\" rel=\"noopener\">D\u00edvka v\u00a0pavou\u010d\u00ed s\u00edti<\/a>. Na d\u011bdice i na Lagercrantze se snesla velk\u00e1 vlna kritiky, \u0161v\u00e9dsk\u00fd spisovatel Jussi Adler-Olsen dokonce vyb\u00edzel k bojkotu knihy, ale nakonec se D\u00edvka v\u00a0pavou\u010d\u00ed s\u00edti prod\u00e1vala docela dob\u0159e. A tak je tu po dvou letech logicky dal\u0161\u00ed pokra\u010dov\u00e1n\u00ed, tentokr\u00e1t nazvan\u00e9 <a href=\"http:\/\/neoluxor.cz\/pripravujeme\/muz-ktery-hledal-svuj-stin--4158\/\" target=\"_blank\" rel=\"noopener\">Mu\u017e, kter\u00fd hledal sv\u016fj st\u00edn<\/a>.<\/p>\n<p>V\u00a0prvn\u00edm voln\u00e9m pokra\u010dov\u00e1n\u00ed trilogie se Lisbeth v\u011bnovala odhalov\u00e1n\u00ed mezin\u00e1rodn\u00edch spiknut\u00ed v\u00a0kyber\u0161pion\u00e1\u017ei a soupe\u0159en\u00ed s\u00a0temn\u00fdm dvoj\u010detem Kamilou. N\u00e1sledkem t\u011bchto aktivit se na za\u010d\u00e1tku dal\u0161\u00edho d\u00edlu Lisbeth ocit\u00e1 v\u00a0\u017eensk\u00e9 v\u011bznici. Krat\u0161\u00ed pobyt ve v\u011bzen\u00ed by ji tolik neobt\u011b\u017eoval, m\u016f\u017ee tu boxovat a zaob\u00edrat se kvantovou fyzikou, jen\u017ee je tady je\u0161t\u011b jedna mlad\u00e1 p\u00e1kist\u00e1nsk\u00e1, kter\u00e1 je ter\u010dem \u0161ikany samozvan\u00e9 vl\u00e1dkyn\u011b v\u011bznice Benity. Lisbeth podobn\u00e9 chov\u00e1n\u00ed nehodl\u00e1 tolerovat a sama se tak ocit\u00e1 v nebezpe\u010d\u00ed. A do toho Lisbethin b\u00fdval\u00fd poru\u010dn\u00edk nach\u00e1z\u00ed zaj\u00edmav\u00fd dokument, kter\u00fd by mohl pomoci osv\u011btlit d\u00edv\u010dino slo\u017eit\u00e9 d\u011btstv\u00ed.\u00a0 Do p\u00e1tr\u00e1n\u00ed po stop\u00e1ch jednoho d\u00e1vn\u00e9ho a utajen\u00e9ho projektu se proto pou\u0161t\u00ed i Mikael Blonkvist, zn\u00e1m\u00fd investigativn\u00ed novin\u00e1\u0159 a Lisbethin kamar\u00e1d.\u00a0 Co m\u00e1 spole\u010dn\u00e9ho mlad\u00fd a hudebn\u011b nadan\u00fd finan\u010dn\u00edk Leo s\u00a0osudem Lisbeth a jej\u00ed sestry Kamily? Pro\u010d musel zem\u0159\u00edt Holger Palmgren? Kdo m\u00e1 z\u00e1jem na tom, aby p\u0159\u00edpady zneu\u017e\u00edv\u00e1n\u00ed moci a krut\u00e9ho zach\u00e1zen\u00ed s\u00a0d\u011btmi nevy\u0161ly najevo?\u00a0 \u00a0<\/p>\n<p>Co mysl\u00edte, jak vych\u00e1z\u00ed srovn\u00e1n\u00ed 456 stran nov\u00e9ho rom\u00e1nu s\u00a0p\u016fvodn\u00ed trilogi\u00ed? P\u0159ekvapiv\u011b to nen\u00ed v\u016fbec \u0161patn\u00e9. Ano, Stieg Larsson byl jedine\u010dn\u00fd, ale i David Lagercrantz se velmi sna\u017e\u00ed. Je tu uv\u011b\u0159iteln\u00fd p\u0159\u00edb\u011bh, kter\u00fd se t\u00fdk\u00e1 v\u00fdzkumu vlivu prost\u0159ed\u00ed na rozvoj d\u011bt\u00ed a ot\u00e1zek zneu\u017e\u00edv\u00e1n\u00ed postaven\u00ed v\u011bdeck\u00fdch pracovn\u00edk\u016f. Krom toho se ale \u0159e\u0161\u00ed i zcela aktu\u00e1ln\u00ed a sou\u010dasn\u00fd p\u0159\u00edpad omezov\u00e1n\u00ed pr\u00e1v \u017een v\u00a0isl\u00e1msk\u00e9 komunit\u011b. Vy\u0161et\u0159ov\u00e1n\u00ed je nap\u00ednav\u00e9 a m\u00e1 sp\u00e1d, by\u0165 to mezi Lisbeth a Mikaelem u\u017e tolik nejisk\u0159\u00ed, jako d\u0159\u00edve a tak\u00e9 je celkem jasn\u00e9, k\u00a0jak\u00e9mu v\u00fdsledku v\u0161e sp\u011bje. Pot\u011b\u0161ilo m\u011b, \u017ee se poda\u0159ilo op\u011bt o n\u011bco poodhalit tajemstv\u00ed Lisbethina p\u016fvodu a \u017ee jej\u00ed hackersk\u00e9 dovednosti jsou st\u00e1le tak jedine\u010dn\u00e9 (sekvence s\u00a0tajn\u00fdm k\u00f3dem pro p\u0159\u00edpad nouze m\u011b vylo\u017een\u011b pobavila). Osobn\u011b m\u011b zaujala pozornost v\u011bnovan\u00e1 m\u00e1lo zn\u00e1m\u00e9 poru\u0161e zvan\u00e9 hyperakuze (p\u0159ecitliv\u011blost na zvuky). Stejnou diagn\u00f3zu m\u00e1, mimo jin\u00e9, i m\u016fj syn, tak\u017ee pokud by tahle detektivka p\u0159inesla trochu osv\u011bty, pak tlesk\u00e1m.<\/p>\n<p>Mysl\u00edm, \u017ee hojn\u00e9 p\u0159\u00edznivce Mil\u00e9nia p\u00e1t\u00fd d\u00edl ur\u010dit\u011b nezklame, za sebe pova\u017euji <a href=\"http:\/\/neoluxor.cz\/pripravujeme\/muz-ktery-hledal-svuj-stin--4158\/\" target=\"_blank\" rel=\"noopener\">Mu\u017ee, kter\u00fd hledal sv\u016fj st\u00edn<\/a> za vyda\u0159en\u011bj\u0161\u00ed po\u010din, ne\u017e byla D\u00edvka v\u00a0pavou\u010d\u00ed s\u00edti. \u00a0<\/p>\n<p><\/p>\n<p><i>Hodnocen\u00ed:\u00a0<\/i><\/p>\n<p><i>Autorka: <\/i>Hana Kub\u00edkov\u00e1<\/p>\n","protected":false},"excerpt":{"rendered":"<p>Taky se v\u00e1m ob\u010das zasteskne po Lisbeth Salanderov\u00e9 a Mikaelu Blomkvistovi ze s\u00e9rie Mil\u00e9nium a je v\u00e1m l\u00edto, \u017ee Stieg Larsson u\u017e \u017e\u00e1dnou knihu s t\u011bmito hrdiny nenap\u00ed\u0161e? Nesmutn\u011bte, pr\u00e1v\u011b dnes p\u0159ich\u00e1z\u00ed na glob\u00e1ln\u00ed kni\u017en\u00ed trh ji\u017e druh\u00e9 pokra\u010dov\u00e1n\u00ed s\u00e9rie, kniha s n\u00e1zvem \u201eMu\u017e, kter\u00fd hledal sv\u016fj st\u00edn\u201c od Davida Lagercrantze.<\/p>\n","protected":false},"author":2,"featured_media":3890,"comment_status":"open","ping_status":"open","sticky":false,"template":"","format":"standard","meta":{"_acf_changed":false,"_monsterinsights_skip_tracking":false,"_monsterinsights_sitenote_active":false,"_monsterinsights_sitenote_note":"","_monsterinsights_sitenote_category":0,"_EventAllDay":false,"_EventTimezone":"","_EventStartDate":"","_EventEndDate":"","_EventStartDateUTC":"","_EventEndDateUTC":"","_EventShowMap":false,"_EventShowMapLink":false,"_EventURL":"","_EventCost":"","_EventCostDescription":"","_EventCurrencySymbol":"","_EventCurrencyCode":"","_EventCurrencyPosition":"","_EventDateTimeSeparator":"","_EventTimeRangeSeparator":"","_EventOrganizerID":[],"_EventVenueID":[],"_OrganizerEmail":"","_OrganizerPhone":"","_OrganizerWebsite":"","_VenueAddress":"","_VenueCity":"","_VenueCountry":"","_VenueProvince":"","_VenueState":"","_VenueZip":"","_VenuePhone":"","_VenueURL":"","_VenueStateProvince":"","_VenueLat":"","_VenueLng":"","_VenueShowMap":false,"_VenueShowMapLink":false,"twitterCardType":"","cardImageID":0,"cardImage":"","cardTitle":"","cardDesc":"","cardImageAlt":"","cardPlayer":"","cardPlayerWidth":0,"cardPlayerHeight":0,"cardPlayerStream":"","cardPlayerCodec":"","footnotes":""},"categories":[7],"tags":[],"class_list":["post-3889","post","type-post","status-publish","format-standard","has-post-thumbnail","hentry","category-recenze"],"acf":{"related_products":null},"_links":{"self":[{"href":"https:\/\/www.luxor.cz\/blog\/wp-json\/wp\/v2\/posts\/3889","targetHints":{"allow":["GET"]}}],"collection":[{"href":"https:\/\/www.luxor.cz\/blog\/wp-json\/wp\/v2\/posts"}],"about":[{"href":"https:\/\/www.luxor.cz\/blog\/wp-json\/wp\/v2\/types\/post"}],"author":[{"embeddable":true,"href":"https:\/\/www.luxor.cz\/blog\/wp-json\/wp\/v2\/users\/2"}],"replies":[{"embeddable":true,"href":"https:\/\/www.luxor.cz\/blog\/wp-json\/wp\/v2\/comments?post=3889"}],"version-history":[{"count":0,"href":"https:\/\/www.luxor.cz\/blog\/wp-json\/wp\/v2\/posts\/3889\/revisions"}],"wp:featuredmedia":[{"embeddable":true,"href":"https:\/\/www.luxor.cz\/blog\/wp-json\/wp\/v2\/media\/3890"}],"wp:attachment":[{"href":"https:\/\/www.luxor.cz\/blog\/wp-json\/wp\/v2\/media?parent=3889"}],"wp:term":[{"taxonomy":"category","embeddable":true,"href":"https:\/\/www.luxor.cz\/blog\/wp-json\/wp\/v2\/categories?post=3889"},{"taxonomy":"post_tag","embeddable":true,"href":"https:\/\/www.luxor.cz\/blog\/wp-json\/wp\/v2\/tags?post=3889"}],"curies":[{"name":"wp","href":"https:\/\/api.w.org\/{rel}","templated":true}]}}