{"id":3887,"date":"2017-09-01T15:32:00","date_gmt":"2017-09-01T13:32:00","guid":{"rendered":"https:\/\/www.luxor.cz\/blog\/nezarazene\/padne-temna-vez\/"},"modified":"2023-01-06T13:49:23","modified_gmt":"2023-01-06T12:49:23","slug":"padne-temna-vez-1890","status":"publish","type":"post","link":"https:\/\/www.luxor.cz\/blog\/nezarazene\/padne-temna-vez-1890\/","title":{"rendered":"Padne temn\u00e1 v\u011b\u017e?"},"content":{"rendered":"<\/p>\n<p>Minul\u00fd t\u00fdden vtrhl do kin dlouho o\u010dek\u00e1van\u00fd fantasy film <a href=\"http:\/\/neoluxor.cz\/beletrie\/temna-vez-zrozeni-pistolnika--246005\/\" target=\"_blank\" rel=\"noopener\">Temn\u00e1 v\u011b\u017e<\/a>. Adaptace knih Stephena Kinga se v\u017edy setk\u00e1vaj\u00ed s\u00a0obrovsk\u00fdm div\u00e1ck\u00fdm i  medi\u00e1ln\u00edm z\u00e1jmem a jinak tomu nen\u00ed ani v\u00a0tomto p\u0159\u00edpad\u011b. Re\u017eie se ujal  zku\u0161en\u00fd Nikolaj Arcel, kter\u00fd v\u00a0minulosti pracovat na velkofilmech jako  jsou Mu\u017ei, kte\u0159\u00ed nen\u00e1vid\u00ed \u017eeny \u010di Vzkaz v\u00a0lahvi. Pod sc\u00e9n\u00e1\u0159 se pro zm\u011bnu  podepsal zku\u0161en\u00fd fantasy sc\u00e9n\u00e1rista Akiva Goldsman a tak\u00e9 Jeff Pinkner.<\/p>\n<p>Na sam\u00e9m za\u010d\u00e1tku se setk\u00e1v\u00e1me s\u00a0jeden\u00e1ctilet\u00fdm Jakem,  kter\u00e9ho od smrti otce pron\u00e1sleduj\u00ed no\u010dn\u00ed m\u016fry a zl\u00e9 sny. V\u00a0t\u011bch se  pravideln\u011b setk\u00e1v\u00e1 s\u00a0tajuplnou v\u011b\u017e\u00ed, mu\u017eem v\u00a0\u010dern\u00e9m a zku\u0161en\u00fdm  pistoln\u00edkem. Nikdo v\u0161ak nev\u011b\u0159\u00ed, \u017ee by n\u011bco takov\u00e9ho mohla b\u00fdt pravda a skute\u010dn\u011b  se d\u00edt. S\u00a0cel\u00fdm sv\u011btem se v\u0161ak kr\u00e1tce na to za\u010dne d\u00edt n\u011bco zvl\u00e1\u0161tn\u00edho a  nejen Jake procitne. <a href=\"http:\/\/neoluxor.cz\/beletrie\/temna-vez-zrozeni-pistolnika--246005\/\" target=\"_blank\" rel=\"noopener\">Temn\u00e1 v\u011b\u017e<\/a> v\u00e1\u017en\u011b existuje. Nezb\u00fdv\u00e1 mu nic jin\u00e9ho ne\u017e  v\u00a0sob\u011b probudit hrdinu a spole\u010dn\u011b s\u00a0pistoln\u00edkem Rolandem vesm\u00edr  ochr\u00e1nit p\u0159ed on\u00edm Mu\u017eem v\u00a0\u010dern\u00e9m.<\/p>\n<p><\/p>\n<p>Tv\u016frc\u016fm filmu se n\u00e1dhern\u011b poda\u0159ilo vykreslit fantastick\u00fd  sv\u011bt, ve kter\u00e9m Roland \u017eije. Ten velmi p\u0159ipom\u00edn\u00e1 ten n\u00e1\u0161 nicm\u00e9n\u011b s\u00a0a\u017e  dystopickou \u010di postapokalyptickou atmosf\u00e9rou. Kombinace tohoto sv\u011bta s\u00a0temnou  magi\u00ed a t\u00e9m\u011b\u0159 westernov\u00fdmi pistoln\u00edky sice m\u016f\u017ee zn\u00edt trochu netypicky a  zvl\u00e1\u0161t\u011b, ale ve fin\u00e1le tvo\u0159\u00ed velmi p\u011bkn\u00fd a origin\u00e1ln\u00ed celek.<\/p>\n<p>Div\u00e1ci, kte\u0159\u00ed za sebou zat\u00edm nemaj\u00ed kni\u017en\u00ed p\u0159edlohu, budou  dle m\u00e9ho n\u00e1zoru takt\u00e9\u017e spokojeni. Akce a dobrodru\u017estv\u00ed <a href=\"http:\/\/neoluxor.cz\/beletrie\/temna-vez-zrozeni-pistolnika--246005\/\" target=\"_blank\" rel=\"noopener\">Temn\u00e1 v\u011b\u017e<\/a> nab\u00edz\u00ed ve  velk\u00e9m a nechyb\u00ed ani ob\u010dasn\u00fd humor. M\u00ednusem m\u016f\u017ee b\u00fdt pouze to, \u017ee film nijak  nevysv\u011btluje podstatu samotn\u00e9 temn\u00e9 v\u011b\u017ee, d\u016fvod pro\u010d Walter chce cel\u00fd vesm\u00edr  zni\u010dit a ani nic z\u00a0historie pistoln\u00edk\u016f. V\u016fbec se ale nebojte toho, \u017ee  byste se v\u00a0p\u0159\u00edb\u011bhu ztr\u00e1celi. Krom p\u00e1r bod\u016f je <a href=\"http:\/\/neoluxor.cz\/beletrie\/temna-vez-zrozeni-pistolnika--246005\/\" target=\"_blank\" rel=\"noopener\">Temn\u00e1 v\u011b\u017e<\/a> dob\u0159e pochopiteln\u00e1  a z\u00e1bavn\u00e1.<\/p>\n<p>Milovn\u00edci speci\u00e1ln\u00edch efekt\u016f si t\u00e9\u017e p\u0159ijdou na sv\u00e9. Ty se  toti\u017e opravdu povedly. Za zm\u00ednku stoj\u00ed nap\u0159\u00edklad fin\u00e1ln\u00ed bitva, p\u0159i kter\u00e9 se  doslova taj\u00ed dech.<\/p>\n<p>Hereck\u00e9 obsazen\u00ed m\u00e1 ode mne mal\u00e9 bezv\u00fdznamn\u00e9 m\u00ednus. Matthew  McConaughey mi do cel\u00e9ho tohoto p\u0159\u00edb\u011bhu absolutn\u011b nesed\u011bl. Mo\u017en\u00e1 to je pouze  osobn\u00ed preference, ale kdykoliv se Matthew objevil na sc\u00e9n\u011b jako Walter, vid\u011bla  jsem v\u00a0n\u011bm jeho postavy z\u00a0o n\u011bco star\u0161\u00edch\u00a0film\u016f, jako jsou  Bl\u00e1znovo zlato, Jak ztratit kluka v\u00a0deseti dnech, Svatby podle Mary anebo  Sahara. Mysl\u00edm, \u017ee z\u00e1porn\u00e9 postavy mu nejdou a asi ani nikdy nep\u016fjdou.<\/p>\n<p>Pokud se v\u0161e vyda\u0159\u00ed, bude n\u00e1s v\u00a0p\u0159\u00ed\u0161t\u00edm roce \u010dekat  televizn\u00ed seri\u00e1l, kter\u00fd se zam\u011b\u0159\u00ed pr\u00e1v\u011b na ty \u010d\u00e1sti p\u0159\u00edb\u011bhu, kter\u00e9 ve filmu  sch\u00e1zely a to na historii a minulost pistoln\u00edk\u016f. Idris Elba by se v\u00a0n\u011bm  m\u011bl \u010d\u00e1ste\u010dn\u011b objevit tak\u00e9. Zdali se ale nato\u010d\u00ed i filmov\u00e9 pokra\u010dov\u00e1n\u00ed Temn\u00e9 v\u011b\u017ee, je  st\u00e1le ve hv\u011bzd\u00e1ch.<\/p>\n<p><\/p>\n<p>Hodnocen\u00ed:\u00a0<\/p>\n<p>Autorka: <i>Lucie \u017delensk\u00e1<\/i><\/p>\n","protected":false},"excerpt":{"rendered":"<p>Ve vesm\u00edru, nekone\u010dn\u00e9m prostoru pln\u00e9m neutuchaj\u00edc\u00edch mo\u017enost\u00ed, nen\u00ed pouze n\u00e1s sv\u011bt, naopak jich bok po boku koexistuje bezmezn\u00e9 mno\u017estv\u00ed. V sam\u00e9m st\u0159edu stoj\u00ed v\u011b\u017e, je\u017e udr\u017euje rovnov\u00e1hu sv\u011bt\u016f a chr\u00e1n\u00ed je p\u0159ed temnotou. Ta v\u0161ak p\u0159ich\u00e1z\u00ed v podob\u011b m\u016f\u017ee v \u010dern\u00e9m Waltera, kter\u00fd chce temnou v\u011b\u017e zni\u010dit.  Osud ve\u0161ker\u00e9ho lidstva nap\u0159\u00ed\u010d vesm\u00edrem tak le\u017e\u00ed na bedrech jeden\u00e1ctilet\u00e9ho Jakea Chamberse a pistoln\u00edka Rolanda.<\/p>\n","protected":false},"author":2,"featured_media":3888,"comment_status":"open","ping_status":"open","sticky":false,"template":"","format":"standard","meta":{"_acf_changed":false,"_monsterinsights_skip_tracking":false,"_monsterinsights_sitenote_active":false,"_monsterinsights_sitenote_note":"","_monsterinsights_sitenote_category":0,"_EventAllDay":false,"_EventTimezone":"","_EventStartDate":"","_EventEndDate":"","_EventStartDateUTC":"","_EventEndDateUTC":"","_EventShowMap":false,"_EventShowMapLink":false,"_EventURL":"","_EventCost":"","_EventCostDescription":"","_EventCurrencySymbol":"","_EventCurrencyCode":"","_EventCurrencyPosition":"","_EventDateTimeSeparator":"","_EventTimeRangeSeparator":"","_EventOrganizerID":[],"_EventVenueID":[],"_OrganizerEmail":"","_OrganizerPhone":"","_OrganizerWebsite":"","_VenueAddress":"","_VenueCity":"","_VenueCountry":"","_VenueProvince":"","_VenueState":"","_VenueZip":"","_VenuePhone":"","_VenueURL":"","_VenueStateProvince":"","_VenueLat":"","_VenueLng":"","_VenueShowMap":false,"_VenueShowMapLink":false,"twitterCardType":"","cardImageID":0,"cardImage":"","cardTitle":"","cardDesc":"","cardImageAlt":"","cardPlayer":"","cardPlayerWidth":0,"cardPlayerHeight":0,"cardPlayerStream":"","cardPlayerCodec":"","footnotes":""},"categories":[1],"tags":[],"class_list":["post-3887","post","type-post","status-publish","format-standard","has-post-thumbnail","hentry","category-nezarazene"],"acf":{"related_products":null},"_links":{"self":[{"href":"https:\/\/www.luxor.cz\/blog\/wp-json\/wp\/v2\/posts\/3887","targetHints":{"allow":["GET"]}}],"collection":[{"href":"https:\/\/www.luxor.cz\/blog\/wp-json\/wp\/v2\/posts"}],"about":[{"href":"https:\/\/www.luxor.cz\/blog\/wp-json\/wp\/v2\/types\/post"}],"author":[{"embeddable":true,"href":"https:\/\/www.luxor.cz\/blog\/wp-json\/wp\/v2\/users\/2"}],"replies":[{"embeddable":true,"href":"https:\/\/www.luxor.cz\/blog\/wp-json\/wp\/v2\/comments?post=3887"}],"version-history":[{"count":0,"href":"https:\/\/www.luxor.cz\/blog\/wp-json\/wp\/v2\/posts\/3887\/revisions"}],"wp:featuredmedia":[{"embeddable":true,"href":"https:\/\/www.luxor.cz\/blog\/wp-json\/wp\/v2\/media\/3888"}],"wp:attachment":[{"href":"https:\/\/www.luxor.cz\/blog\/wp-json\/wp\/v2\/media?parent=3887"}],"wp:term":[{"taxonomy":"category","embeddable":true,"href":"https:\/\/www.luxor.cz\/blog\/wp-json\/wp\/v2\/categories?post=3887"},{"taxonomy":"post_tag","embeddable":true,"href":"https:\/\/www.luxor.cz\/blog\/wp-json\/wp\/v2\/tags?post=3887"}],"curies":[{"name":"wp","href":"https:\/\/api.w.org\/{rel}","templated":true}]}}