{"id":3809,"date":"2017-07-13T19:38:00","date_gmt":"2017-07-13T17:38:00","guid":{"rendered":"https:\/\/www.luxor.cz\/blog\/nezarazene\/zivot-je-jedna-velka-bublina-kterou-je-nekdy-potreba-prasknout\/"},"modified":"2023-01-06T13:50:29","modified_gmt":"2023-01-06T12:50:29","slug":"zivot-je-jedna-velka-bublina-kterou-je-nekdy-potreba-prasknout-1849","status":"publish","type":"post","link":"https:\/\/www.luxor.cz\/blog\/recenze\/zivot-je-jedna-velka-bublina-kterou-je-nekdy-potreba-prasknout-1849\/","title":{"rendered":"\u017divot je jedna velk\u00e1 bublina, kterou je n\u011bkdy pot\u0159eba prasknout"},"content":{"rendered":"<\/p>\n<\/p>\n<p>Madeline Whittierov\u00e1 je nemocn\u00e1, doslova alergick\u00e1 na sv\u011bt. T\u00e9m\u011b\u0159 cel\u00fd \u017eivot, nebo alespo\u0148 tu valnou \u010d\u00e1st, kterou si z n\u011bho pamatuje, tr\u00e1v\u00ed zav\u0159en\u00e1 ve zdravotnicky upraven\u00e9m dom\u011b, co ji m\u00e1 udr\u017eet co mo\u017en\u00e1 nejd\u00e9le na\u017eivu. Nem\u00e1 \u017e\u00e1dn\u00e9 kamar\u00e1dy krom\u011b o\u0161et\u0159ovatelky Karly, s n\u00ed\u017e tr\u00e1v\u00ed ve\u0161ker\u00fd voln\u00fd \u010das, kdy je jej\u00ed matka v pr\u00e1ci. Tak n\u011bjak je u\u017e se sv\u00fdm \u017eivotem ve sklen\u011bn\u00e9 kouli sm\u00ed\u0159en\u00e1.<\/p>\n<p>Jen\u017ee v\u0161echno se zm\u011bn\u00ed v okam\u017eiku, kdy se do vedlej\u0161\u00edho domu p\u0159ist\u011bhuje nov\u00e1 rodina. Nejv\u00edc Madeline toti\u017e zaujme nov\u00fd soused jm\u00e9nem Olly. Nedok\u00e1\u017ee z n\u011bj spustit o\u010di. Zaj\u00edm\u00e1 ji, jak\u00fd ve skute\u010dnosti je, pro\u010d tak r\u00e1d miz\u00ed na st\u0159echu, pro\u010d si v pokoji je\u0161t\u011b nevybalil sv\u00e9 v\u011bci z krabic, pro\u010d m\u00e1 takov\u00fd posmutn\u011bl\u00fd v\u00fdraz\u2026<\/p>\n<p>Madeline v\u00ed, \u017ee by se o n\u011bj rozhodn\u011b zaj\u00edmat nem\u011bla, ale zv\u011bdavosti se n\u011bkdy ned\u00e1 poru\u010dit. Brzy u\u017e se z kouk\u00e1n\u00ed stane dopisov\u00e1n\u00ed, chatov\u00e1n\u00ed a mluven\u00ed z o\u010d\u00ed do o\u010d\u00ed. Nic ale nebude tak jednoduch\u00e9\u2026<\/p>\n<p><a href=\"http:\/\/neoluxor.cz\/beletrie\/vsechno-uplne-vsechno--236142\/\" target=\"_blank\" rel=\"noopener\">V\u0161echno, \u00fapln\u011b v\u0161echno<\/a> je kniha, kter\u00e1 v\u00e1s hezky pohlad\u00ed po du\u0161i, ale tak\u00e9 si u n\u00ed p\u00e1rkr\u00e1t zaslz\u00edte, mo\u017en\u00e1 i popl\u00e1\u010dete. Nen\u00ed to t\u00e9ma, co by tu u\u017e d\u0159\u00edve nebylo, ale Nicola Yoonov\u00e1 ho dok\u00e1zala podat tak sympaticky, \u017ee a\u017e do posledn\u00ed chv\u00edle douf\u00e1te v p\u0159\u00edjemn\u00e9 rozuzlen\u00ed.\u00a0<\/p>\n<p>Madeline je mil\u00e1 os\u016fbka, kterou si obl\u00edb\u00edte hned od prvn\u00edch str\u00e1nek. N\u011bkolikr\u00e1t v\u00e1s chyt\u00ed za srdce takov\u00fdm zp\u016fsobem, \u017ee si budete \u0159\u00edkat, \u017ee nen\u00ed mo\u017en\u00e9, aby k n\u00ed byl \u017eivot tak krut\u00fd. Spole\u010dn\u011b s Ollym budete ze v\u0161ech sil doufat, \u017ee se na jej\u00ed nemoc p\u0159ece jenom n\u011bjak\u00fd l\u00e9k najde.<\/p>\n<p>Madeline ov\u0161em nen\u00ed jedin\u00e1, kdo se pere s nep\u0159\u00edzniv\u00fdm osudem. Sv\u00e9 probl\u00e9my m\u00e1 tak\u00e9 Olly, kter\u00fd se spole\u010dn\u011b s rodinou p\u0159est\u011bhoval do domu vedle. Jeho otec u\u017e n\u011bjak\u00fd ten \u010das pije a ani pro r\u00e1nu nejde p\u0159\u00edli\u0161 daleko. I on se u\u017e nau\u010dil, \u017ee osud v\u00e1m n\u011bkdy do cesty klade a\u017e p\u0159\u00edli\u0161 vysok\u00e9 p\u0159ek\u00e1\u017eky, s nimi\u017e se mus\u00edte poprat.<\/p>\n<p>V knize je postav tak akor\u00e1t na to, aby se \u010dlov\u011bk zorientoval v cel\u00e9 z\u00e1pletce, p\u0159itom se v\u011bnoval hlavn\u011b \u00fast\u0159edn\u00ed dvojici. Velk\u00fdm plusem knihy jsou i r\u016fzn\u00e9 mal\u016fvky, vpisky a vhledy do \u017eivota hlavn\u00ed hrdinky. To v\u0161echno v\u00e1m pak cel\u00fd p\u0159\u00edb\u011bh v\u00edc p\u0159ibl\u00ed\u017e\u00ed. Je to pr\u00e1v\u011b jedna z t\u011bch knih, kter\u00e1 v\u00e1s prost\u011b dostane. Jen by mohla b\u00fdt o n\u011bco del\u0161\u00ed.<\/p>\n<p>Kniha se letos do\u010dkala tak\u00e9 filmov\u00e9ho zpracov\u00e1n\u00ed s Amandlou Stenberg a Nickem Robinsonem v hlavn\u00edch rol\u00edch. Oba jsme u\u017e d\u0159\u00edve mohli vid\u011bt v jin\u00fdch kni\u017en\u00edch adaptac\u00edch. Amandlu v Hunger Games a Nicka v p\u00e1t\u00e9 vln\u011b. Oba je znovu uvid\u00edme i v dal\u0161\u00edch adaptac\u00edch, ji v The Darkest Minds a jeho v Probuzen\u00ed Simona Spiera. Ur\u010dit\u011b se tak m\u00e1me na co t\u011b\u0161it.<\/p>\n<\/p>\n<p><i>Hodnocen\u00ed:\u00a0<\/i><\/p>\n<p><i>Autor: Petra S\u00fdkorov\u00e1<\/i><\/p>\n<p><\/p>\n<p><\/p>\n","protected":false},"excerpt":{"rendered":"<p>D\u00e1 se \u017e\u00edt bez okoln\u00edho sv\u011bta? Bez chozen\u00ed do \u0161koly, bez dn\u016f a ve\u010der\u016f pod \u0161ir\u00fdm nebem, bez kamar\u00e1d\u016f? Jak moc mus\u00edme b\u00fdt na n\u011bkom z\u00e1visl\u00ed, abychom si uv\u011bdomili, \u017ee \u017eivot by se m\u011bl opravdu u\u017e\u00edvat po\u0159\u00e1dn\u00fdmi dou\u0161ky?<\/p>\n","protected":false},"author":2,"featured_media":3810,"comment_status":"open","ping_status":"open","sticky":false,"template":"","format":"standard","meta":{"_acf_changed":false,"_monsterinsights_skip_tracking":false,"_monsterinsights_sitenote_active":false,"_monsterinsights_sitenote_note":"","_monsterinsights_sitenote_category":0,"_EventAllDay":false,"_EventTimezone":"","_EventStartDate":"","_EventEndDate":"","_EventStartDateUTC":"","_EventEndDateUTC":"","_EventShowMap":false,"_EventShowMapLink":false,"_EventURL":"","_EventCost":"","_EventCostDescription":"","_EventCurrencySymbol":"","_EventCurrencyCode":"","_EventCurrencyPosition":"","_EventDateTimeSeparator":"","_EventTimeRangeSeparator":"","_EventOrganizerID":[],"_EventVenueID":[],"_OrganizerEmail":"","_OrganizerPhone":"","_OrganizerWebsite":"","_VenueAddress":"","_VenueCity":"","_VenueCountry":"","_VenueProvince":"","_VenueState":"","_VenueZip":"","_VenuePhone":"","_VenueURL":"","_VenueStateProvince":"","_VenueLat":"","_VenueLng":"","_VenueShowMap":false,"_VenueShowMapLink":false,"twitterCardType":"","cardImageID":0,"cardImage":"","cardTitle":"","cardDesc":"","cardImageAlt":"","cardPlayer":"","cardPlayerWidth":0,"cardPlayerHeight":0,"cardPlayerStream":"","cardPlayerCodec":"","footnotes":""},"categories":[7],"tags":[],"class_list":["post-3809","post","type-post","status-publish","format-standard","has-post-thumbnail","hentry","category-recenze"],"acf":{"related_products":null},"_links":{"self":[{"href":"https:\/\/www.luxor.cz\/blog\/wp-json\/wp\/v2\/posts\/3809","targetHints":{"allow":["GET"]}}],"collection":[{"href":"https:\/\/www.luxor.cz\/blog\/wp-json\/wp\/v2\/posts"}],"about":[{"href":"https:\/\/www.luxor.cz\/blog\/wp-json\/wp\/v2\/types\/post"}],"author":[{"embeddable":true,"href":"https:\/\/www.luxor.cz\/blog\/wp-json\/wp\/v2\/users\/2"}],"replies":[{"embeddable":true,"href":"https:\/\/www.luxor.cz\/blog\/wp-json\/wp\/v2\/comments?post=3809"}],"version-history":[{"count":0,"href":"https:\/\/www.luxor.cz\/blog\/wp-json\/wp\/v2\/posts\/3809\/revisions"}],"wp:featuredmedia":[{"embeddable":true,"href":"https:\/\/www.luxor.cz\/blog\/wp-json\/wp\/v2\/media\/3810"}],"wp:attachment":[{"href":"https:\/\/www.luxor.cz\/blog\/wp-json\/wp\/v2\/media?parent=3809"}],"wp:term":[{"taxonomy":"category","embeddable":true,"href":"https:\/\/www.luxor.cz\/blog\/wp-json\/wp\/v2\/categories?post=3809"},{"taxonomy":"post_tag","embeddable":true,"href":"https:\/\/www.luxor.cz\/blog\/wp-json\/wp\/v2\/tags?post=3809"}],"curies":[{"name":"wp","href":"https:\/\/api.w.org\/{rel}","templated":true}]}}