{"id":3725,"date":"2017-05-23T14:50:00","date_gmt":"2017-05-23T12:50:00","guid":{"rendered":"https:\/\/www.luxor.cz\/blog\/nezarazene\/kdyby-zanry-sci-fi-a-fantasy-mely-dite\/"},"modified":"2023-01-06T13:51:05","modified_gmt":"2023-01-06T12:51:05","slug":"kdyby-zanry-sci-fi-a-fantasy-mely-dite-1806","status":"publish","type":"post","link":"https:\/\/www.luxor.cz\/blog\/recenze\/kdyby-zanry-sci-fi-a-fantasy-mely-dite-1806\/","title":{"rendered":"Kdyby \u017e\u00e1nry sci-fi a fantasy m\u011bly d\u00edt\u011b"},"content":{"rendered":"<\/p>\n<\/p>\n<p>Za\u010d\u00edn\u00e1m m\u00edt pocit, \u017ee dobr\u00e1, fakt dobr\u00e1 kniha se pozn\u00e1 podle  toho, \u017ee se ned\u00e1 za\u0161katulkovat. A <a href=\"http:\/\/neoluxor.cz\/beletrie\/vsichni-ptaci-na-nebi--261987\/\" target=\"_blank\" rel=\"noopener\">V\u0161ichni pt\u00e1ci na nebi<\/a>\u00a0jsou p\u0159esn\u011b ten p\u0159\u00edpad. Jako kdyby spolu \u017e\u00e1nry fantasy a  sci-fi m\u011bly d\u00edt\u011b \u2013 vzniklo by nejsp\u00ed\u0161 n\u011bco jako tahle kniha. Ale ne\u010dekejte  dobrodru\u017en\u011b ak\u010dn\u00ed p\u0159\u00edb\u011bh ve stylu <a href=\"http:\/\/neoluxor.cz\/detske\/cary-zivota--257349\/\" target=\"_blank\" rel=\"noopener\">\u010car \u017eivota<\/a>, u kter\u00fdch jsem pou\u017eila stejnou charakteristiku. <a href=\"http:\/\/neoluxor.cz\/beletrie\/vsichni-ptaci-na-nebi--261987\/\" target=\"_blank\" rel=\"noopener\">V\u0161ichni pt\u00e1ci na nebi<\/a> jsou zkr\u00e1tka n\u011bco nov\u00e9ho a jin\u00e9ho. N\u011bco, co jste je\u0161t\u011b ne\u010detli.<\/p>\n<p>Patricie a Lawrence spolu na za\u010d\u00e1tku vypr\u00e1v\u011bn\u00ed chod\u00ed do  \u0161koly a oba jsou divn\u00ed. Oba se s\u00a0nik\u00fdm nebav\u00ed, spolu\u017e\u00e1ci je \u0161ikanuj\u00ed,  rodi\u010de nech\u00e1pou a jejich \u017eivot zkr\u00e1tka nen\u00ed pe\u0159\u00ed\u010dko. Jinak by ale nemohli b\u00fdt  odli\u0161n\u011bj\u0161\u00ed \u2013 Patricie miluje p\u0159\u00edrodu a na pta\u010d\u00edm sn\u011bmu se od star\u00e9ho stromu  dozv\u011bd\u011bla, \u017ee je \u010darod\u011bjka. Lawrence na druhou stranu neust\u00e1le p\u00e1tr\u00e1 na  internetu po nov\u00fdch n\u00e1padech a technologi\u00edch, sestrojil dvouvte\u0159inov\u00fd stroj  \u010dasu a pracuje na po\u010d\u00edta\u010di s\u00a0vlastn\u00ed osobnost\u00ed. Jejich cesty se ne\u010dekan\u011b  protnou, jak u\u017e to tak u outsider\u016f b\u00fdv\u00e1 \u2013 ale pak je osud zase rozd\u011bl\u00ed. <\/p>\n<p>S\u00a0hlavn\u00edmi hrdiny se setk\u00e1v\u00e1me a\u017e po letech, kdy u\u017e \u2013  oba dosp\u011bl\u00ed a jedni\u010dky ve sv\u00e9m \u201eoboru\u201c \u2013 \u017eij\u00ed v\u00a0San Franciscu a t\u00edm \u010di  on\u00edm zp\u016fsobem se sna\u017e\u00ed pom\u00e1hat lidstvu a odvr\u00e1tit bl\u00ed\u017e\u00edc\u00ed se ekologickou  katastrofu. Je ale dost mo\u017en\u00e9, \u017ee nakonec pr\u00e1v\u011b oni dva onu apokalypsu zp\u016fsob\u00ed.  Nebo ne? <\/p>\n<p>Lawrence a Patricie jsou naprosto lid\u0161t\u00ed hrdinov\u00e9, a\u010dkoli  jako postavy maj\u00ed i svou symbolickou rovinu.  Jsou to takov\u00ed hrdinov\u00e9, nad kter\u00fdmi ob\u010das pohor\u0161en\u011b zved\u00e1te obo\u010d\u00ed a krout\u00edte  hlavou, ne\u017e si vzpomenete, kdy jste podobn\u00fd podraz nebo \u00faskok ud\u011blali vy sami.  Boj\u00ed se, nejsou svat\u00ed, dost \u010dasto jednaj\u00ed sobecky \u010di egoisticky, nebo prost\u011b  cht\u011bj\u00ed uk\u00e1zat sv\u011btu, \u017ee jsou lep\u0161\u00ed, ne\u017e si mysl\u00ed. V\u00a0jejich slabosti tak  ale mnohem z\u0159eteln\u011bji vynik\u00e1 jejich s\u00edla.<\/p>\n<p><a href=\"http:\/\/neoluxor.cz\/beletrie\/vsichni-ptaci-na-nebi--261987\/\" target=\"_blank\" rel=\"noopener\">V\u0161ichni pt\u00e1ci na nebi<\/a>  je poctou magii i v\u011bd\u011b. Symbolicky zosob\u0148uje oba principy v\u00a0postav\u00e1ch  hlavn\u00edch hrdin\u016f, a a\u010dkoli je na za\u010d\u00e1tku ka\u017ed\u00e9ho vykresluje v\u00a0naprosto  odli\u0161n\u00fdch barv\u00e1ch, postupem \u010dasu \u010dten\u00e1\u0159 zji\u0161\u0165uje, \u017ee jsou si tyto dv\u011b entity  mnohem podobn\u011bj\u0161\u00ed, ne\u017e by \u010dlov\u011bk \u010dekal. Nejde tedy mluvit o n\u011bjak\u00e9m  kontrastov\u00e1n\u00ed p\u0159\u00edrody a lidsk\u00e9 technologie, sp\u00ed\u0161 naopak. Autorka se sna\u017e\u00ed  uk\u00e1zat, \u017ee spole\u010dn\u00fdm c\u00edlem oboj\u00edho je hlavn\u011b z\u00e1chrana na\u0161\u00ed planety. <\/p>\n<p>Charlie Jane Andersov\u00e1 je nejen spisovatelka, ale tak\u00e9  \u0161\u00e9fredaktorka blogu i09, kter\u00fd se v\u011bnuje diskuzi o sou\u010dasn\u00e9 podob\u011b \u017e\u00e1nr\u016f sci-fi  a fantasy. A z\u00a0jej\u00edho rom\u00e1nu je to c\u00edtit na sto hon\u016f. Na pom\u011brn\u011b mal\u00e9m  prostoru \u2013 nejde o \u017e\u00e1dnou bibli, <a href=\"http:\/\/neoluxor.cz\/beletrie\/vsichni-ptaci-na-nebi--261987\/\" target=\"_blank\" rel=\"noopener\">V\u0161ichni pt\u00e1ci na nebi maj\u00ed <\/a>n\u011bco p\u0159es 400 stran  \u2013 otev\u00edr\u00e1 tolik zaj\u00edmav\u00fdch t\u00e9mat a pokl\u00e1d\u00e1 tolik podn\u011btn\u00fdch ot\u00e1zek, \u017ee v\u00e1m  \u010dten\u00ed knihy bude n\u011bjakou dobu trvat. Nen\u00e1siln\u00fdm zp\u016fsobem v\u00e1s toti\u017e autorka  p\u0159im\u011bje k\u00a0zamy\u0161len\u00ed nad v\u0161\u00edm, nad \u010d\u00edm p\u0159em\u00fd\u0161l\u00ed ona sama. <\/p>\n<p><i><\/i><a href=\"http:\/\/neoluxor.cz\/beletrie\/vsichni-ptaci-na-nebi--261987\/\" target=\"_blank\" rel=\"noopener\">V\u0161ichni pt\u00e1ci na nebi <\/a>jsou podivn\u00fdm vypr\u00e1v\u011bn\u00edm o dvou \u017eivotech, o lidech a jejich chyb\u00e1ch \u2013 proto\u017ee  pokud n\u011bco d\u011blaj\u00ed postavy tohoto rom\u00e1nu pravideln\u011b, jsou to chyby, kter\u00e9  zkr\u00e1tka k\u00a0\u017eivotu pat\u0159\u00ed a d\u00edky kter\u00fdm je pro \u010dten\u00e1\u0159e extr\u00e9mn\u011b jednoduch\u00e9  naj\u00edt si k\u00a0Patricii i Lawrencovi cestu \u2013 a o na\u0161em sv\u011bt\u011b. D\u00e1 se \u010d\u00edst jako  magick\u00fd realismus, i jako symbolistick\u00e1 analogie na dne\u0161n\u00ed dobu. Tak jako tak  se od n\u011bj nebudete moci odtrhnout a str\u00e1v\u00edte s\u00a0n\u00edm n\u011bkolik p\u0159\u00edjemn\u00fdch  ve\u010der\u016f. Autorka toti\u017e p\u0159inesla po v\u0161ech str\u00e1nk\u00e1ch \u2013 jazykov\u00e9, p\u0159\u00edb\u011bhov\u00e9 i  my\u0161lenkov\u00e9 \u2013 str\u00e1nce neobvykl\u00e9 a perfektn\u011b dota\u017een\u00e9 d\u00edlo. A i kdy\u017e se  v\u00a0n\u011bm t\u0159eba budete chv\u00edlemi ztr\u00e1cet, po\u010dkejte. V\u0161e m\u00e1 sv\u016fj d\u016fvod, v\u0161e m\u00e1  sv\u00e9 m\u00edsto a ka\u017ed\u00fd d\u00edlek t\u00e9hle podivn\u00e9 bizarn\u00ed skl\u00e1da\u010dky zapadne nakonec tam,  kam pat\u0159\u00ed. Vychutnejte si ji do posledn\u00edho kousku, proto\u017ee se v\u00e1m po do\u010dten\u00ed  bude st\u00fdskat.\u00a0<\/p>\n<\/p>\n<p><i>Autorka: Katka Stupkov\u00e1<\/i><\/p>\n","protected":false},"excerpt":{"rendered":"<p>Patricie je \u010darod\u011bjka a um\u00ed mluvit se zv\u00ed\u0159aty \u2013 a spoustu dal\u0161\u00edho. Lawrence je technologick\u00fd g\u00e9nius a sestavil dvouvte\u0159inov\u00fd stroj \u010dasu \u2013 a spoustu dal\u0161\u00edho. A to je vlastn\u011b v\u0161echno, co pot\u0159ebujete v\u011bd\u011bt, abyste se do kn\u00ed\u017eky V\u0161ichni pt\u00e1ci na nebi cht\u011bli pustit.<\/p>\n","protected":false},"author":2,"featured_media":3726,"comment_status":"open","ping_status":"open","sticky":false,"template":"","format":"standard","meta":{"_acf_changed":false,"_monsterinsights_skip_tracking":false,"_monsterinsights_sitenote_active":false,"_monsterinsights_sitenote_note":"","_monsterinsights_sitenote_category":0,"_EventAllDay":false,"_EventTimezone":"","_EventStartDate":"","_EventEndDate":"","_EventStartDateUTC":"","_EventEndDateUTC":"","_EventShowMap":false,"_EventShowMapLink":false,"_EventURL":"","_EventCost":"","_EventCostDescription":"","_EventCurrencySymbol":"","_EventCurrencyCode":"","_EventCurrencyPosition":"","_EventDateTimeSeparator":"","_EventTimeRangeSeparator":"","_EventOrganizerID":[],"_EventVenueID":[],"_OrganizerEmail":"","_OrganizerPhone":"","_OrganizerWebsite":"","_VenueAddress":"","_VenueCity":"","_VenueCountry":"","_VenueProvince":"","_VenueState":"","_VenueZip":"","_VenuePhone":"","_VenueURL":"","_VenueStateProvince":"","_VenueLat":"","_VenueLng":"","_VenueShowMap":false,"_VenueShowMapLink":false,"twitterCardType":"","cardImageID":0,"cardImage":"","cardTitle":"","cardDesc":"","cardImageAlt":"","cardPlayer":"","cardPlayerWidth":0,"cardPlayerHeight":0,"cardPlayerStream":"","cardPlayerCodec":"","footnotes":""},"categories":[7],"tags":[],"class_list":["post-3725","post","type-post","status-publish","format-standard","has-post-thumbnail","hentry","category-recenze"],"acf":{"related_products":null},"_links":{"self":[{"href":"https:\/\/www.luxor.cz\/blog\/wp-json\/wp\/v2\/posts\/3725","targetHints":{"allow":["GET"]}}],"collection":[{"href":"https:\/\/www.luxor.cz\/blog\/wp-json\/wp\/v2\/posts"}],"about":[{"href":"https:\/\/www.luxor.cz\/blog\/wp-json\/wp\/v2\/types\/post"}],"author":[{"embeddable":true,"href":"https:\/\/www.luxor.cz\/blog\/wp-json\/wp\/v2\/users\/2"}],"replies":[{"embeddable":true,"href":"https:\/\/www.luxor.cz\/blog\/wp-json\/wp\/v2\/comments?post=3725"}],"version-history":[{"count":0,"href":"https:\/\/www.luxor.cz\/blog\/wp-json\/wp\/v2\/posts\/3725\/revisions"}],"wp:featuredmedia":[{"embeddable":true,"href":"https:\/\/www.luxor.cz\/blog\/wp-json\/wp\/v2\/media\/3726"}],"wp:attachment":[{"href":"https:\/\/www.luxor.cz\/blog\/wp-json\/wp\/v2\/media?parent=3725"}],"wp:term":[{"taxonomy":"category","embeddable":true,"href":"https:\/\/www.luxor.cz\/blog\/wp-json\/wp\/v2\/categories?post=3725"},{"taxonomy":"post_tag","embeddable":true,"href":"https:\/\/www.luxor.cz\/blog\/wp-json\/wp\/v2\/tags?post=3725"}],"curies":[{"name":"wp","href":"https:\/\/api.w.org\/{rel}","templated":true}]}}