{"id":3719,"date":"2017-05-22T17:30:00","date_gmt":"2017-05-22T15:30:00","guid":{"rendered":"https:\/\/www.luxor.cz\/blog\/nezarazene\/velka-harrypotteri-soutez\/"},"modified":"2023-01-06T13:51:05","modified_gmt":"2023-01-06T12:51:05","slug":"velka-harrypotteri-soutez-1802","status":"publish","type":"post","link":"https:\/\/www.luxor.cz\/blog\/souteze\/velka-harrypotteri-soutez-1802\/","title":{"rendered":"Velk\u00e1 harrypotte\u0159\u00ed sout\u011b\u017e"},"content":{"rendered":"<\/p>\n<\/p>\n<p>Kni\u017en\u00ed sv\u011bt nebere samoz\u0159ejm\u011b podobnou ud\u00e1lost na lehkou  v\u00e1hu a slav\u00ed spolu s\u00a0Harrym. V\u00a0\u010cech\u00e1ch se tak letos t\u011b\u0161\u00edme a je\u0161t\u011b  m\u016f\u017eeme t\u011b\u0161it na celou \u0159adu harrypotte\u0159\u00edch novinek.<\/p>\n<p>V\u00a0\u00fanoru vy\u0161ly omalov\u00e1ny <a href=\"http:\/\/neoluxor.cz\/antistres-omalovanky\/harry-potter-kouzelna-mista-a-postavy--258317\/\" target=\"_blank\" rel=\"noopener\">Kouzeln\u00e1 m\u00edsta a postavy<\/a>,  v\u00a0b\u0159eznu p\u0159ekr\u00e1sn\u00e1 <a href=\"http:\/\/neoluxor.cz\/detske\/fantasticka-zvirata-a-kde-je-najit-puvodni-scenar--259719\/\" target=\"_blank\" rel=\"noopener\">Fantastick\u00e1 zv\u00ed\u0159ata a kde je naj\u00edt<\/a>. V\u00a0dubnu  p\u0159ibyla druh\u00e1 kniha <a href=\"http:\/\/neoluxor.cz\/detske\/kouzelnicky-svet-j-k-rowlingove-filmova-magie-2--260612\/\" target=\"_blank\" rel=\"noopener\">Filmov\u00e9 magie<\/a>. A zcela \u010derstvou novinkou na trhu jsou u\u010debnice  Harry Pottera v\u00a0nov\u00e9m kr\u00e1sn\u00e9m h\u00e1bitu: <a href=\"http:\/\/neoluxor.cz\/detske\/bajky-barda-beedleho--262597\/\" target=\"_blank\" rel=\"noopener\">Bajky Barda Beedlyho<\/a>,<a href=\"http:\/\/neoluxor.cz\/detske\/famfrpal-v-prubehu-veku--262623\/\" target=\"_blank\" rel=\"noopener\"> Famfrp\u00e1l v\u00a0pr\u016fb\u011bhu v\u011bk\u016f<\/a> a <a href=\"http:\/\/neoluxor.cz\/detske\/fantasticka-zvirata-a-kde-je-najit-mlok-scamander--262594\/\" target=\"_blank\" rel=\"noopener\">Fantastick\u00e1 zv\u00ed\u0159ata<\/a>. Aby toho nebylo m\u00e1lo, od \u010dervna  za\u010d\u00edn\u00e1 vych\u00e1zet cel\u00e1 s\u00e9rie s\u00a0nov\u00fdmi ob\u00e1lkami, ilustrovan\u00fdmi Jonny Duddlem.  <a href=\"http:\/\/neoluxor.cz\/pripravujeme\/harry-potter-a-kamen-mudrcu--4084\/\" target=\"_blank\" rel=\"noopener\">Prvn\u00ed d\u00edl<\/a> bude k\u00a0sehn\u00e1n\u00ed od 5. \u010dervna, dal\u0161\u00ed pot\u00e9 v\u017edy s\u00a0odstupem  dvou m\u011bs\u00edc\u016f. A v\u00a0\u0159\u00edjnu je tu v\u00a0po\u0159ad\u00ed <a href=\"http:\/\/neoluxor.cz\/pripravujeme\/harry-potter-a-vezen-z-azkabanu-ilustrovane-vydani--4042\/\" target=\"_blank\" rel=\"noopener\">t\u0159et\u00ed Jim Kay<\/a> se  sv\u00fdmi\u00a0kouzeln\u00fdmi ilustracemi. <\/p>\n<p><b>#generacepotter<\/b> zkr\u00e1tka nep\u0159ijde zkr\u00e1tka. A proto\u017ee i my  jsme jej\u00ed sou\u010d\u00e1st\u00ed, p\u0159id\u00e1v\u00e1me se k\u00a0oslav\u00e1m Harryho v\u00fdro\u010d\u00ed a m\u00e1me pro v\u00e1s  taky jedno jedno p\u0159ekvapen\u00ed.<\/p>\n<p><b>Velkou harrypotte\u0159\u00ed sout\u011b\u017e!<\/b><\/p>\n<p>Pravidla jsou jednoduch\u00e1:<\/p>\n<p>Jsi tak\u00e9 jedn\u00edm z generace Potter? Uka\u017e! Vyfo\u0165 fotku na t\u00e9ma <b>#generacepotter<\/b>.  A\u0165 u\u017e to bude\u0161 ty v\u00a0kouzelnick\u00e9m klobouku, tvoje prvn\u00ed sal\u00e1tov\u00e9 vyd\u00e1n\u00ed Kamene mudrc\u016f nebo m\u00e1slov\u00fd le\u017e\u00e1k. Fantazii se meze nekladou. Obzvl\u00e1\u0161\u0165 pokud jde o sv\u011bt kouzel.<\/p>\n<p><a href=\"https:\/\/www.instagram.com\/neoluxorcz\/\" target=\"_blank\" rel=\"noopener\"><b>Instagram<\/b><\/a>: Sd\u00edlej fotku pod #generacepotter #velkaharrypotterisoutez  #harrypotter20let a s\u00a0ozna\u010den\u00edm @neoluxorcz.<\/p>\n<p><a href=\"https:\/\/www.facebook.com\/Neoluxor.cz\/\" target=\"_blank\" rel=\"noopener\"><b>Facebook<\/b><\/a>: Po\u0161li n\u00e1m svoji fotku do zpr\u00e1v, napi\u0161 k\u00a0n\u00ed  #generacepotter a my ji za\u0159ad\u00edme do alba #generacepotter, kde si ji bude\u0161 moct  prohl\u00e9dnout spolu s\u00a0ostatn\u00edmi a hlasovat.<\/p>\n<p><b>Email<\/b>: Soci\u00e1ln\u00ed s\u00edt\u011b nejsou tvoje gusto? Nevad\u00ed! Z\u00fa\u010dastnit  se m\u016f\u017ee\u0161 i tak. Po\u0161li fotku s\u00a0p\u0159edm\u011btem #generacepotter na email <a href=\"mailto:soutez@neoluxor.cz\">soutez@neoluxor.cz<\/a> a my ji za\u0159ad\u00edme mezi  ostatn\u00ed do alba #generacepotter na na\u0161em Facebooku, kde pro ni ostatn\u00ed budou moct  hlasovat.<\/p>\n<p>Velk\u00e1 harrypotte\u0159\u00ed sout\u011b\u017e prob\u00edh\u00e1\u00a0 od <b>22. 5. \u2013 18. 6. 2017<\/b>.<\/p>\n<p>V\u00a0r\u00e1mci f\u00e9rovosti o v\u00edt\u011bz\u00edch rozhodne jak nejvy\u0161\u0161\u00ed  po\u010det lajk\u016f (1. m\u00edsto na Facebooku a Instagramu), tak na\u0161e porota (ostatn\u00ed  v\u00fdherci na Facebooku a Instagramu).<\/p>\n<p>Auto\u0159i prvn\u00edch t\u0159\u00ed \u00a0nejlep\u0161\u00edch fotek z Facebooku i Instagramu  se mohou t\u011b\u0161it na kouzeln\u00e9 kni\u017en\u00ed bal\u00ed\u010dky, zbyl\u00ed v\u00fdherci na zbrusu nov\u00e9ho Harry  Pottera a k\u00e1men mudrc\u016f s\u00a0ob\u00e1lkou Jonny Duddla.<\/p>\n<p>V\u00fdherci budou vyhl\u00e1\u0161eni na na\u0161em Facebooku, Instagramu a  blogu 26. \u010dervna 2017, v\u00a0den, kdy uplyne p\u0159esn\u011b dvacet let od vyd\u00e1n\u00ed prvn\u00ed  knihy o Harrym Potterovi.<\/p>\n<p>\u00dapln\u00e1 pravidla sout\u011b\u017ee naleznete <a href=\"http:\/\/neoluxor.cz\/files\/pravidla_souteze_velka_harrypotteri_soutez.pdf\" target=\"_blank\" rel=\"noopener\">zde<\/a>.<\/p>\n<p>Te\u0161\u00edme se na setk\u00e1n\u00ed s\u00a0generac\u00ed Potter! Va\u0161e #luxorcrew<\/p>\n<p><\/p>\n","protected":false},"excerpt":{"rendered":"<p>Harry slav\u00ed dvacet let! I kdy\u017e se v\u00e1m to zd\u00e1 mo\u017en\u00e1 neuv\u011b\u0159iteln\u00e9 (n\u00e1m tedy ano a c\u00edt\u00edme se trochu sta\u0159e), je to tak. V \u010dervnu roku 1997 vy\u0161el v nakladatelstv\u00ed Bloomsbury Harry Potter a k\u00e1men mudrc\u016f a zrodil se fenom\u00e9n, kter\u00fd trv\u00e1 dodnes. \u010cas zkr\u00e1tka let\u00ed jako spla\u0161en\u00fd. A obrace\u010d \u010dasu pro mudly po\u0159\u00e1d nikde.<\/p>\n","protected":false},"author":2,"featured_media":3720,"comment_status":"open","ping_status":"open","sticky":false,"template":"","format":"standard","meta":{"_acf_changed":false,"_monsterinsights_skip_tracking":false,"_monsterinsights_sitenote_active":false,"_monsterinsights_sitenote_note":"","_monsterinsights_sitenote_category":0,"_EventAllDay":false,"_EventTimezone":"","_EventStartDate":"","_EventEndDate":"","_EventStartDateUTC":"","_EventEndDateUTC":"","_EventShowMap":false,"_EventShowMapLink":false,"_EventURL":"","_EventCost":"","_EventCostDescription":"","_EventCurrencySymbol":"","_EventCurrencyCode":"","_EventCurrencyPosition":"","_EventDateTimeSeparator":"","_EventTimeRangeSeparator":"","_EventOrganizerID":[],"_EventVenueID":[],"_OrganizerEmail":"","_OrganizerPhone":"","_OrganizerWebsite":"","_VenueAddress":"","_VenueCity":"","_VenueCountry":"","_VenueProvince":"","_VenueState":"","_VenueZip":"","_VenuePhone":"","_VenueURL":"","_VenueStateProvince":"","_VenueLat":"","_VenueLng":"","_VenueShowMap":false,"_VenueShowMapLink":false,"twitterCardType":"","cardImageID":0,"cardImage":"","cardTitle":"","cardDesc":"","cardImageAlt":"","cardPlayer":"","cardPlayerWidth":0,"cardPlayerHeight":0,"cardPlayerStream":"","cardPlayerCodec":"","footnotes":""},"categories":[9],"tags":[],"class_list":["post-3719","post","type-post","status-publish","format-standard","has-post-thumbnail","hentry","category-souteze"],"acf":{"related_products":null},"_links":{"self":[{"href":"https:\/\/www.luxor.cz\/blog\/wp-json\/wp\/v2\/posts\/3719","targetHints":{"allow":["GET"]}}],"collection":[{"href":"https:\/\/www.luxor.cz\/blog\/wp-json\/wp\/v2\/posts"}],"about":[{"href":"https:\/\/www.luxor.cz\/blog\/wp-json\/wp\/v2\/types\/post"}],"author":[{"embeddable":true,"href":"https:\/\/www.luxor.cz\/blog\/wp-json\/wp\/v2\/users\/2"}],"replies":[{"embeddable":true,"href":"https:\/\/www.luxor.cz\/blog\/wp-json\/wp\/v2\/comments?post=3719"}],"version-history":[{"count":0,"href":"https:\/\/www.luxor.cz\/blog\/wp-json\/wp\/v2\/posts\/3719\/revisions"}],"wp:featuredmedia":[{"embeddable":true,"href":"https:\/\/www.luxor.cz\/blog\/wp-json\/wp\/v2\/media\/3720"}],"wp:attachment":[{"href":"https:\/\/www.luxor.cz\/blog\/wp-json\/wp\/v2\/media?parent=3719"}],"wp:term":[{"taxonomy":"category","embeddable":true,"href":"https:\/\/www.luxor.cz\/blog\/wp-json\/wp\/v2\/categories?post=3719"},{"taxonomy":"post_tag","embeddable":true,"href":"https:\/\/www.luxor.cz\/blog\/wp-json\/wp\/v2\/tags?post=3719"}],"curies":[{"name":"wp","href":"https:\/\/api.w.org\/{rel}","templated":true}]}}