{"id":3663,"date":"2017-03-21T12:17:00","date_gmt":"2017-03-21T11:17:00","guid":{"rendered":"https:\/\/www.luxor.cz\/blog\/nezarazene\/rozjimani-o-lasce-a-soucitu\/"},"modified":"2023-01-06T13:51:40","modified_gmt":"2023-01-06T12:51:40","slug":"rozjimani-o-lasce-a-soucitu-1747","status":"publish","type":"post","link":"https:\/\/www.luxor.cz\/blog\/recenze\/rozjimani-o-lasce-a-soucitu-1747\/","title":{"rendered":"Rozj\u00edm\u00e1n\u00ed o l\u00e1sce a soucitu"},"content":{"rendered":"<\/p>\n<p><span><\/p>\n<p><\/span><\/p>\n<p><span>Ka\u017ed\u00fd jist\u011b velmi dob\u0159e zn\u00e1 pocity jako jsou hn\u011bv, frustrace, smutek, nen\u00e1vist \u010di z\u00e1vist. Stejn\u011b tak si mysl\u00edm, \u017ee nebudu daleko od pravdy, kdy\u017e \u0159eknu, \u017ee v\u0161ichni by se pro\u017e\u00edv\u00e1n\u00ed t\u011bchto emoc\u00ed miler\u00e1di vzdali a rad\u011bji si u\u017e\u00edvali dny proz\u00e1\u0159en\u00e9 radost\u00ed a \u0161t\u011bst\u00edm.<\/span><\/p>\n<p>Douglas Abrams se pustil do nesnadn\u00e9ho \u00fakolu zjistit, jak\u00fd f\u00edgl na to maj\u00ed dva duchovn\u00ed v\u016fdci sou\u010dasnosti, oba nositel\u00e9 Nobelovy ceny m\u00edru a \u017eivouc\u00ed symboly boje za lep\u0161\u00ed sv\u011bt. Jedn\u00edm z nich je T\u00e4ndzin Gjamccho, 14. tibetsk\u00fd dalajl\u00e1ma, kter\u00fd ve sv\u00e9m \u017eivot\u011b za\u017eil mnoh\u00e1 p\u0159\u00edko\u0159\u00ed, od vyhnanstv\u00ed z Tibetu, odtr\u017een\u00ed od rodiny a p\u0159\u00e1tel a\u017e po sledov\u00e1n\u00ed rozpadu jeho milovan\u00e9 rodn\u00e9 zem\u011b. I p\u0159esto z n\u011bj dobr\u00e1 n\u00e1lada jen \u010di\u0161\u00ed. Druhou zm\u00edn\u011bnou osobou je jihoafrick\u00fd arcibiskup Desmond Mpilo Tutu, bojovn\u00edk proti apartheidu, kter\u00e9ho \u017eivot t\u011b\u017ece zkou\u0161el v podob\u011b z\u00e1va\u017en\u00fdch chorob u\u017e od nej\u00fatlej\u0161\u00edho d\u011btstv\u00ed a kter\u00fd si stejn\u011b tak uchov\u00e1v\u00e1 pozitivn\u00ed nalad\u011bn\u00ed.<\/p>\n<p>Oba ji\u017e maj\u00ed v\u011bt\u0161inu \u017eivota za sebou, a proto se rozhodli p\u0159edat sv\u00e9 v\u011bdomosti a zku\u0161enosti ohledn\u011b pro\u017e\u00edv\u00e1n\u00ed vesel\u00e9ho a hlavn\u011b smyslupln\u00e9ho \u017eivota ostatn\u00edm. <a href=\"http:\/\/neoluxor.cz\/beletrie\/kniha-radosti--259106\/\" target=\"_blank\" rel=\"noopener\">Kniha radosti<\/a> vznikla za arcibiskupovy n\u00e1v\u0161t\u011bvy v indick\u00e9 Dharamsale, sou\u010dasn\u00e9m s\u00eddle dalajl\u00e1my, k p\u0159\u00edle\u017eitosti osmdes\u00e1t\u00fdch dalajl\u00e1mov\u00fdch narozenin. Krom\u011b sfouk\u00e1v\u00e1n\u00ed sv\u00ed\u010dek na dortu m\u011bli tito ctihodn\u00ed mu\u017ei napl\u00e1nov\u00e1no n\u011bkolik dn\u00ed rozhovor\u016f, kter\u00e9 vedl pr\u00e1v\u011b Douglas Abrams. Za p\u0159\u00edv\u011btiv\u00e9 atmosf\u00e9ry rozebrali sou\u010dasn\u00e9 vyko\u0159en\u011bn\u00ed a zaslepenost lidstva, kter\u00e9 kon\u010d\u00ed v osam\u011blosti a odcizen\u00ed a nakonec vede k depresi a smutku. Oba se ale shodnou, \u017ee na to je velmi prost\u00fd l\u00e9k. Lid\u00e9 jsou tvorov\u00e9 spole\u010den\u0161t\u00ed a bez l\u00e1sky usychaj\u00ed jako kv\u011btina bez vody a pr\u00e1v\u011b l\u00e1ska k sob\u011b sam\u00fdm i k ostatn\u00edm je \u00fadajn\u011b t\u00edm svat\u00fdm gr\u00e1lem, kter\u00fd jednou spas\u00ed sv\u011bt. S t\u00edm souvis\u00ed dal\u0161\u00ed povzn\u00e1\u0161ej\u00edc\u00ed pocity jako je pokora, odpu\u0161t\u011bn\u00ed, vesel\u00ed a tak\u00e9 prost\u00fd humor. Nebrat p\u0159\u00edli\u0161 v\u00e1\u017en\u011b sebe ani \u017eivot. Oprostit se od lp\u011bn\u00ed na materi\u00e1ln\u00edch statc\u00edch, nebo\u0165 postaven\u00ed ani \u00fasp\u011bch, a\u010d nesm\u00edrn\u011b l\u00e1kav\u00e9, \u0161\u0165astn\u00fd \u017eivot nezaru\u010d\u00ed. Zn\u00ed to sice jako sb\u00edrka kli\u0161\u00e9, ale je to ta nejryzej\u0161\u00ed pravda.<\/p>\n<p><a href=\"http:\/\/neoluxor.cz\/beletrie\/kniha-radosti--259106\/\" target=\"_blank\" rel=\"noopener\">Kniha radosti<\/a> je vlastn\u011b p\u0159epis tohoto setk\u00e1n\u00ed a z\u00e1rove\u0148 hlubok\u00e1 \u00favaha nad rozeb\u00edran\u00fdmi t\u00e9maty. A\u010d jsou to my\u0161lenky z\u00e1va\u017en\u00e9, kniha se \u010dte lehce. Nedozv\u00edte se sice nic objevn\u00e9ho ani ne\u010dekan\u00e9ho, jen v\u00e1m hezky naserv\u00edruje to, co v\u00edte u\u017e d\u00e1vno, jen si to st\u00e1le nechcete p\u0159iznat a v ka\u017edodenn\u00edm \u017eivot\u011b je snadn\u00e9 na to zapomenout. P\u0159i \u010dten\u00ed si velmi rychle uv\u011bdom\u00edte, \u017ee p\u0159edkl\u00e1dan\u00e9 n\u00e1zory rezonuj\u00ed s va\u0161\u00edm podv\u011bdom\u00edm a vy v hloubce du\u0161e tu\u0161\u00edte, \u017ee tito svat\u00ed mu\u017ei maj\u00ed pravdu.<\/p>\n<p>Oba se shoduj\u00ed, \u017ee emoce i mysl pot\u0159ebuj\u00ed tr\u00e9nink, tak se v z\u00e1v\u011bru do\u010dk\u00e1me n\u011bkolika praktick\u00fdch rad, jak radosti a spokojenosti dos\u00e1hnout v b\u011b\u017en\u00e9m \u017eivot\u011b. Ostatn\u011b, trocha meditace a zpomalen\u00ed v dne\u0161n\u00ed stresuj\u00edc\u00edm sv\u011bt\u011b nen\u00ed nikdy na \u0161kodu. Pokud m\u00e1te pocit, \u017ee se emo\u010dn\u011b to\u010d\u00edte v bludn\u00e9m kruhu, v\u00e1\u0161 duchovn\u00ed \u017eivot pot\u0159ebuje trochu popostr\u010dit \u00a0a z\u00e1rove\u0148 sezen\u00ed u psychologa nebo skok rovn\u00fdma nohama do n\u00e1bo\u017eensk\u00e9ho vyzn\u00e1n\u00ed kter\u00e9hokoli druhu pro v\u00e1s nen\u00ed to prav\u00e9, mo\u017en\u00e1 to je pr\u00e1v\u011b Kniha radosti, kter\u00e1 v\u00e1m pom\u016f\u017ee naprogramovat mysl t\u00edm spr\u00e1vn\u00fdm sm\u011brem. A jestli ne, tak v\u00e1s alespo\u0148 dostate\u010dn\u011b inspiruje k zamy\u0161len\u00ed nad sebou sam\u00fdm.<\/p>\n<p>I p\u0159es hr\u016fzy, kter\u00e9 ka\u017ed\u00fd den v\u00edd\u00e1me zpr\u00e1v\u00e1ch, se zd\u00e1, \u017ee je mo\u017en\u00e9 pro\u017e\u00edt napln\u011bn\u00fd a \u0161\u0165astn\u00fd \u017eivot, alespo\u0148 tibetsk\u00fd dalajl\u00e1ma a arcibiskup Desmond Tutu jsou o tom sk\u00e1lopevn\u011b p\u0159esv\u011bd\u010deni. A komu jin\u00e9mu bychom m\u011bli v\u011b\u0159it ne\u017e jim?<\/p>\n<h2>Hodnocen\u00ed: 80 %<\/h2>\n<p>Autorka: Monika Riesov\u00e1<\/p>\n","protected":false},"excerpt":{"rendered":"<p>Kdo jin\u00fd by n\u00e1s m\u011bl pou\u010dit o pro\u017e\u00edv\u00e1n\u00ed radosti a \u0161t\u011bst\u00ed v ka\u017edodenn\u00edm \u017eivot\u011b ne\u017e dv\u011b sv\u011btov\u00e9 mor\u00e1ln\u00ed autority v osob\u011b dalajl\u00e1my a ctihodn\u00e9ho arcibiskupa? Se\u0161li se, porozpr\u00e1v\u011bli o \u017eivot\u011b, l\u00e1sce a laskavosti a v\u00fdsledkem je Kniha radosti, kter\u00e1 duchovn\u00ed str\u00e1nku va\u0161\u00ed osoby povznese do nebesk\u00fdch v\u00fd\u0161in. Anebo do nirv\u00e1ny.<\/p>\n","protected":false},"author":2,"featured_media":0,"comment_status":"open","ping_status":"open","sticky":false,"template":"","format":"standard","meta":{"_acf_changed":false,"_monsterinsights_skip_tracking":false,"_monsterinsights_sitenote_active":false,"_monsterinsights_sitenote_note":"","_monsterinsights_sitenote_category":0,"_EventAllDay":false,"_EventTimezone":"","_EventStartDate":"","_EventEndDate":"","_EventStartDateUTC":"","_EventEndDateUTC":"","_EventShowMap":false,"_EventShowMapLink":false,"_EventURL":"","_EventCost":"","_EventCostDescription":"","_EventCurrencySymbol":"","_EventCurrencyCode":"","_EventCurrencyPosition":"","_EventDateTimeSeparator":"","_EventTimeRangeSeparator":"","_EventOrganizerID":[],"_EventVenueID":[],"_OrganizerEmail":"","_OrganizerPhone":"","_OrganizerWebsite":"","_VenueAddress":"","_VenueCity":"","_VenueCountry":"","_VenueProvince":"","_VenueState":"","_VenueZip":"","_VenuePhone":"","_VenueURL":"","_VenueStateProvince":"","_VenueLat":"","_VenueLng":"","_VenueShowMap":false,"_VenueShowMapLink":false,"twitterCardType":"","cardImageID":0,"cardImage":"","cardTitle":"","cardDesc":"","cardImageAlt":"","cardPlayer":"","cardPlayerWidth":0,"cardPlayerHeight":0,"cardPlayerStream":"","cardPlayerCodec":"","footnotes":""},"categories":[7],"tags":[],"class_list":["post-3663","post","type-post","status-publish","format-standard","hentry","category-recenze"],"acf":{"related_products":null},"_links":{"self":[{"href":"https:\/\/www.luxor.cz\/blog\/wp-json\/wp\/v2\/posts\/3663","targetHints":{"allow":["GET"]}}],"collection":[{"href":"https:\/\/www.luxor.cz\/blog\/wp-json\/wp\/v2\/posts"}],"about":[{"href":"https:\/\/www.luxor.cz\/blog\/wp-json\/wp\/v2\/types\/post"}],"author":[{"embeddable":true,"href":"https:\/\/www.luxor.cz\/blog\/wp-json\/wp\/v2\/users\/2"}],"replies":[{"embeddable":true,"href":"https:\/\/www.luxor.cz\/blog\/wp-json\/wp\/v2\/comments?post=3663"}],"version-history":[{"count":0,"href":"https:\/\/www.luxor.cz\/blog\/wp-json\/wp\/v2\/posts\/3663\/revisions"}],"wp:attachment":[{"href":"https:\/\/www.luxor.cz\/blog\/wp-json\/wp\/v2\/media?parent=3663"}],"wp:term":[{"taxonomy":"category","embeddable":true,"href":"https:\/\/www.luxor.cz\/blog\/wp-json\/wp\/v2\/categories?post=3663"},{"taxonomy":"post_tag","embeddable":true,"href":"https:\/\/www.luxor.cz\/blog\/wp-json\/wp\/v2\/tags?post=3663"}],"curies":[{"name":"wp","href":"https:\/\/api.w.org\/{rel}","templated":true}]}}