{"id":3661,"date":"2017-03-20T13:46:00","date_gmt":"2017-03-20T12:46:00","guid":{"rendered":"https:\/\/www.luxor.cz\/blog\/nezarazene\/valecna-leta-astrid-lindgrenove\/"},"modified":"2023-01-06T13:51:40","modified_gmt":"2023-01-06T12:51:40","slug":"valecna-leta-astrid-lindgrenove-1745","status":"publish","type":"post","link":"https:\/\/www.luxor.cz\/blog\/recenze\/valecna-leta-astrid-lindgrenove-1745\/","title":{"rendered":"V\u00e1le\u010dn\u00e1 l\u00e9ta Astrid Lindgrenov\u00e9"},"content":{"rendered":"<\/p>\n<\/p>\n<p>Astrid Lindgrenovou zn\u00e1me t\u00e9m\u011b\u0159 v\u0161ichni. Na jej\u00edch p\u0159\u00edb\u011bz\u00edch jsme  vyr\u016fstali, n\u011bkter\u00e9 jsme dokonce louskali ve \u0161kole jako povinnou \u010detbu, a pokud  se snad stalo, \u017ee se n\u00e1m v dosp\u011blosti jej\u00ed jm\u00e9no vykou\u0159ilo z hlavy, pak sta\u010d\u00ed  jmenovat jen hrstku jej\u00edch kn\u00ed\u017eek \u2013 <i><span>Pipi Dlouhou pun\u010dochu<\/span><\/i>, <i>D\u011bti z Bullerbynu<\/i> \u010di <i>Ronju, dceru  loupe\u017en\u00edka<\/i> \u2013 a jsme r\u00e1zem v obraze. \u0160v\u00e9dsk\u00e1 spisovatelka se  proslavila zejm\u00e9na tvorbou pro d\u011bti \u2013 vedle Hanse Christiana Andersena a brat\u0159\u00ed  Grimm\u016f pat\u0159\u00ed k nejp\u0159ekl\u00e1dan\u011bj\u0161\u00edm d\u011btsk\u00fdm autor\u016fm v\u016fbec. Jej\u00ed knihy jsou  prodchnut\u00e9 laskavost\u00ed a humorem, a tak by asi sotva koho napadlo, \u017ee si tato  d\u00e1ma se smutn\u00fdma o\u010dima po tak\u0159ka sedm let \u2013 od podzimu 1939 a\u017e po za\u010d\u00e1tek roku  1946 \u2013 vedla den\u00edky, kter\u00e9 nemaj\u00ed s bezstarostn\u00fdm sv\u011btem jej\u00edch kni\u017en\u00edch hrdin\u016f  v\u016fbec nic spole\u010dn\u00e9ho. <\/p>\n<p>V\u00e1lka za\u010dala v z\u00e1\u0159\u00ed 1939 napaden\u00edm Polska. Astrid Lindgrenov\u00e1  reagovala na zpr\u00e1vy o n\u011bmeck\u00e9m \u00fatoku se sm\u011bsic\u00ed \u0161oku, rozho\u0159\u010den\u00ed i obav.  Sou\u010dasn\u011b se v\u0161ak \u2013 s hou\u017eevnatost\u00ed\u00a0 a  systemati\u010dnost\u00ed sekret\u00e1\u0159ky, j\u00ed\u017e tehdy byla \u2013 vrhla na sepisov\u00e1n\u00ed informac\u00ed o  sv\u011btov\u00e9m d\u011bn\u00ed. \u201e\u010clov\u011bku se ani nechce v\u011b\u0159it, \u017ee se n\u011bco takov\u00e9ho d\u011bje ve 20.  stolet\u00ed,\u201c poznamenala si tehdy trpce. Jej\u00ed z\u00e1pisy se brzy staly osobit\u00fdm  sv\u011bdectv\u00edm nejen o hr\u016fz\u00e1ch v\u00e1lky, ale i o jej\u00edm vlastn\u00edm \u201eboji\u201c na dom\u00e1c\u00ed p\u016fd\u011b.  P\u0159\u00edd\u011blov\u00fd syst\u00e9m, k\u0159e\u010dkov\u00e1n\u00ed potravin, starost o zdrav\u00ed d\u011bt\u00ed, ale i popis  rodinn\u00fdch oslav \u010di prvn\u00edch liter\u00e1rn\u00edch pokus\u016f (ze kter\u00fdch v roce 1944 vznikla <i><span>Pipi Dlouh\u00e1 pun\u010docha<\/span><\/i>),  se tak m\u00eds\u00ed s naturalistick\u00fdmi popisy krutost\u00ed, ke kter\u00fdm doch\u00e1zelo na front\u011b i  v okupovan\u00fdch zem\u00edch. Autenticitu kni\u017en\u00edmu vyd\u00e1n\u00ed den\u00edk\u016f dodal nejen svi\u017en\u00fd  styl psan\u00ed, ale i obrazov\u00e1 p\u0159\u00edloha dopln\u011bn\u00e1 o fotografie p\u016fvodn\u00edch, rukou  psan\u00fdch z\u00e1pis\u016f.<\/p>\n<p>Jaro 1945 p\u0159ineslo Evrop\u011b v\u0161eobecnou euforii z konce v\u00e1lky. V  Tichomo\u0159\u00ed v\u0161ak boje pokra\u010dovaly a\u017e do konce l\u00e9ta, a u\u017e na Nov\u00fd rok 1946 si  Astrid zapsala: \u201eK m\u00edru se moc ut\u00edkat nelze \u2013 atomov\u00e1 bomba na n\u011bj vrh\u00e1 st\u00edn.\u201c<\/p>\n<p>Jako by moc dob\u0159e v\u011bd\u011bla, \u017ee \u0161\u0165astn\u00e9 konce jsou ve skute\u010dn\u00e9m sv\u011bt\u011b  n\u011b\u010d\u00edm velmi vz\u00e1cn\u00fdm.\u00a0<\/p>\n<h2>Hodnocen\u00ed: 95 %<\/h2>\n<p>Autorka: Michaela K\u0159ivohlav\u00e1<\/p>\n","protected":false},"excerpt":{"rendered":"<p>\u201eJe pech, \u017ee nikdo nezast\u0159el\u00ed Hitlera,\u201c poznamenala si Astrid Lindgrenov\u00e1 v \u0159\u00edjnu 1939. Tehdy je\u0161t\u011b netu\u0161ila, \u017ee ona, a s n\u00ed i cel\u00fd sv\u011bt stoj\u00ed na prahu nejv\u011bt\u0161\u00edho konfliktu 20. stolet\u00ed. Jak jej pro\u017e\u00edvala mlad\u00e1 \u017eena, kter\u00e1 se jen o p\u00e1r let pozd\u011bji m\u011bla st\u00e1t slavnou?<\/p>\n","protected":false},"author":2,"featured_media":0,"comment_status":"open","ping_status":"open","sticky":false,"template":"","format":"standard","meta":{"_acf_changed":false,"_monsterinsights_skip_tracking":false,"_monsterinsights_sitenote_active":false,"_monsterinsights_sitenote_note":"","_monsterinsights_sitenote_category":0,"_EventAllDay":false,"_EventTimezone":"","_EventStartDate":"","_EventEndDate":"","_EventStartDateUTC":"","_EventEndDateUTC":"","_EventShowMap":false,"_EventShowMapLink":false,"_EventURL":"","_EventCost":"","_EventCostDescription":"","_EventCurrencySymbol":"","_EventCurrencyCode":"","_EventCurrencyPosition":"","_EventDateTimeSeparator":"","_EventTimeRangeSeparator":"","_EventOrganizerID":[],"_EventVenueID":[],"_OrganizerEmail":"","_OrganizerPhone":"","_OrganizerWebsite":"","_VenueAddress":"","_VenueCity":"","_VenueCountry":"","_VenueProvince":"","_VenueState":"","_VenueZip":"","_VenuePhone":"","_VenueURL":"","_VenueStateProvince":"","_VenueLat":"","_VenueLng":"","_VenueShowMap":false,"_VenueShowMapLink":false,"twitterCardType":"","cardImageID":0,"cardImage":"","cardTitle":"","cardDesc":"","cardImageAlt":"","cardPlayer":"","cardPlayerWidth":0,"cardPlayerHeight":0,"cardPlayerStream":"","cardPlayerCodec":"","footnotes":""},"categories":[7],"tags":[],"class_list":["post-3661","post","type-post","status-publish","format-standard","hentry","category-recenze"],"acf":{"related_products":null},"_links":{"self":[{"href":"https:\/\/www.luxor.cz\/blog\/wp-json\/wp\/v2\/posts\/3661","targetHints":{"allow":["GET"]}}],"collection":[{"href":"https:\/\/www.luxor.cz\/blog\/wp-json\/wp\/v2\/posts"}],"about":[{"href":"https:\/\/www.luxor.cz\/blog\/wp-json\/wp\/v2\/types\/post"}],"author":[{"embeddable":true,"href":"https:\/\/www.luxor.cz\/blog\/wp-json\/wp\/v2\/users\/2"}],"replies":[{"embeddable":true,"href":"https:\/\/www.luxor.cz\/blog\/wp-json\/wp\/v2\/comments?post=3661"}],"version-history":[{"count":0,"href":"https:\/\/www.luxor.cz\/blog\/wp-json\/wp\/v2\/posts\/3661\/revisions"}],"wp:attachment":[{"href":"https:\/\/www.luxor.cz\/blog\/wp-json\/wp\/v2\/media?parent=3661"}],"wp:term":[{"taxonomy":"category","embeddable":true,"href":"https:\/\/www.luxor.cz\/blog\/wp-json\/wp\/v2\/categories?post=3661"},{"taxonomy":"post_tag","embeddable":true,"href":"https:\/\/www.luxor.cz\/blog\/wp-json\/wp\/v2\/tags?post=3661"}],"curies":[{"name":"wp","href":"https:\/\/api.w.org\/{rel}","templated":true}]}}