{"id":3639,"date":"2017-03-06T11:58:00","date_gmt":"2017-03-06T10:58:00","guid":{"rendered":"https:\/\/www.luxor.cz\/blog\/nezarazene\/letem-kniznim-svetem-10-tyden-2017\/"},"modified":"2023-01-06T13:51:51","modified_gmt":"2023-01-06T12:51:51","slug":"letem-kniznim-svetem-10-tyden-2017-1723","status":"publish","type":"post","link":"https:\/\/www.luxor.cz\/blog\/nezarazene\/letem-kniznim-svetem-10-tyden-2017-1723\/","title":{"rendered":"Letem kni\u017en\u00edm sv\u011btem (10. t\u00fdden 2017)"},"content":{"rendered":"<\/p>\n<\/p>\n<\/p>\n<p><span style=\"background-color: initial:\"><\/span><\/p>\n<\/p>\n<\/p>\n<\/p>\n<\/p>\n<\/p>\n<\/p>\n<p><span style=\"background-color: initial:\"><\/span><\/p>\n<\/p>\n<\/p>\n<\/p>\n<\/p>\n<\/p>\n<p>Tento t\u00fdden si m\u016f\u017eete na na\u0161em blogu <a href=\"http:\/\/neoluxor.cz\/blog\/souteze\/pojdte-s-nami-do-kina-na-krasku-a-zvire--1722\/\" target=\"_blank\" rel=\"noopener\">zasout\u011b\u017eit o vstupy na projekce filmu Kr\u00e1ska a zv\u00ed\u0159e<\/a> v Praze a ve Zl\u00edn\u011b.\u00a0<\/p>\n<p>7. b\u0159ezna dojd\u011bte do Pal\u00e1ce knih Luxor na prezentaci knihy respektovan\u00e9ho \u010desk\u00e9ho hudebn\u00edho a filmov\u00e9ho kritika a novin\u00e1\u0159e Jana Rej\u017eka s n\u00e1zvem <a href=\"http:\/\/neoluxor.cz\/akce\/uvedeni-knihy-jana-rejzka--870\/\" target=\"_blank\" rel=\"noopener\">Posledn\u00ed slovo m\u00e1 Jan Rej\u017eek<\/a> spojenou s autogrami\u00e1dou. Za\u010d\u00edn\u00e1me v 16:30.<\/p>\n<p>Vy\u0161lo b\u0159eznov\u00e9 \u010d\u00edslo magaz\u00ednu <i>Neoluxor \u017eiv\u011b!<\/i> Zdarma si ho m\u016f\u017eete vyzvednout v jak\u00e9mkoliv na\u0161em knihkupectv\u00ed nebo <a href=\"http:\/\/neoluxor.cz\/blog\/magazin\/breznovy-magazin-neoluxor-zive--1715\/\" target=\"_blank\" rel=\"noopener\">\u010d\u00edst online<\/a>.<\/p>\n<ul><\/ul>\n<p><span style=\"background-color: initial: color: rgb(0, 0, 0): font-size: 30px: font-weight: bold:\">P\u0159ipravovan\u00e9 knihy<\/span><\/p>\n<p>Pod\u00edvejte se do sekce <a href=\"http:\/\/neoluxor.cz\/pripravujeme\/\" target=\"_blank\" rel=\"noopener\">P\u0159ipravujeme<\/a> a projd\u011bte si celou nab\u00eddku chystan\u00fdch knih.\u00a0<\/p>\n<p><span style=\"background-color: initial:\"><\/p>\n<ul>\n<li>Nakladatelstv\u00ed Slovart p\u0159edstavilo edi\u010dn\u00ed pl\u00e1n na jaro a l\u00e9to 2017. Prohl\u00e9dnout si ho m\u016f\u017eete <a href=\"http:\/\/www.slovart.cz\/katalog-jaro-leto-2017.html?page_id=9982\" target=\"_blank\" rel=\"noopener\">na jejich webu<\/a>.<\/li>\n<li>Haruki Murakami vydal v Japonsku sv\u016fj nov\u00fd rom\u00e1n s n\u00e1zvem\u00a0<i>Ki\u0161idan\u010do Goro\u0161i<\/i>. Jeho n\u00e1zev se do angli\u010dtiny zat\u00edm p\u0159ekl\u00e1d\u00e1 jako <i>Killing Commendatore<\/i>, v \u010de\u0161tin\u011b by mohl zn\u00edt <i>Zab\u00edt komtura<\/i>.\u00a0Podle agentury AFP m\u00e1 rom\u00e1n dva d\u00edly, kter\u00e9 dohromady \u010d\u00edtaj\u00ed 2000 stran. \u010cesk\u00e9 vyd\u00e1n\u00ed dosud nebylo potvrzeno.<\/li>\n<li>U\u017e tento t\u00fdden vyjde kniha <a href=\"http:\/\/neoluxor.cz\/pripravujeme\/cesta-casem-svetove-dejiny-v-obrazech--3990\/\" target=\"_blank\" rel=\"noopener\">Cesta \u010dasem<\/a> od belgick\u00e9ho ilustr\u00e1tora Petera Goese, kter\u00e1 v\u00e1s na 80 stran\u00e1ch vezme na v\u00fdlet histori\u00ed\u00a0od okam\u017eiku velk\u00e9ho t\u0159esku p\u0159es obdob\u00ed dinosaur\u016f, prvn\u00edch velk\u00fdch civilizac\u00ed, st\u0159edov\u011bku a\u017e k turbulentn\u00edmu dvac\u00e1t\u00e9mu stolet\u00ed, vesm\u00edrn\u00fdm objev\u016fm a sou\u010dasnosti.<\/li>\n<li>Pokud jste propadli detektivk\u00e1m Dominika D\u00e1na, zakrou\u017ekujte si v kalend\u00e1\u0159\u00edch kv\u011bten a srpen. Vyjdou rom\u00e1ny <a href=\"http:\/\/neoluxor.cz\/pripravujeme\/smrt-na-druhem-brehu--3993\/\" target=\"_blank\" rel=\"noopener\">Smrt na druh\u00e9m b\u0159ehu<\/a> a <a href=\"http:\/\/neoluxor.cz\/pripravujeme\/moucha--3999\/\" target=\"_blank\" rel=\"noopener\">Moucha<\/a>.<\/li>\n<li>V \u010dervenci vyjde publikace\u00a0<a href=\"http:\/\/neoluxor.cz\/pripravujeme\/harry-potter-rekvizity-a-artefakty--3998\/\" target=\"_blank\" rel=\"noopener\">Harry Potter: Rekvizity a artefakty<\/a>.\u00a0\u010ctvrt\u00e1 ze s\u00e9rie knih o sv\u011bt\u011b film\u016f o Harrym Potterovi, kter\u00e1 seznamuje \u010dten\u00e1\u0159e s prac\u00ed lid\u00ed, jen\u017e vytvo\u0159ili \u00fa\u017easn\u00e9 n\u00e1lepky lahvi\u010dek s lektvary, r\u016fzn\u00e9 modely ko\u0161\u0165at, vybaven\u00ed obchodu Kratochviln\u00e9 kouzelnick\u00e9 kejkle, rozmanit\u00e9 kouzelnick\u00e9 h\u016flky, pot\u0159eby pro famfrp\u00e1l a spoustu dal\u0161\u00edch p\u0159edm\u011bt\u016f.<\/li>\n<li>Fanou\u0161ci Marissy Meyerov\u00e9 si jist\u011b nenechaj\u00ed uj\u00edt jej\u00ed dal\u0161\u00ed retelling, tentokr\u00e1t p\u0159\u00edb\u011bh \u010cerven\u00e9 kr\u00e1lovny z Alenky v \u0159\u00ed\u0161i div\u016f \u2013 je\u0161t\u011b p\u0159ed Alenkou. Knihu <a href=\"http:\/\/neoluxor.cz\/pripravujeme\/bez-srdce--4004\/\" target=\"_blank\" rel=\"noopener\">Bez srdce<\/a> vyd\u00e1 v kv\u011btnu nakladatelstv\u00ed Egmont.<\/li>\n<li>Lond\u00fdn, chladn\u00fd prosinec roku 1888. Sherlocku Holmesovi je 34 let a po katastrof\u00e1ln\u00edm vy\u0161et\u0159ov\u00e1n\u00ed p\u0159\u00edpadu Jacka Rozparova\u010de se op\u011bt uch\u00fdlil ke kokainu. Watson nedok\u00e1\u017ee sv\u00e9ho p\u0159\u00edtele ani ut\u011b\u0161it, ani ho vytrhnout z letargie \u2013 kdy\u017e tu p\u0159ijde z Pa\u0159\u00ed\u017ee podivn\u011b za\u0161ifrovan\u00fd dopis. M\u00e1te-li r\u00e1di slavn\u00e9ho detektiva, nastavte si upozorn\u011bn\u00ed na vyd\u00e1n\u00ed rom\u00e1nu\u00a0<a href=\"http:\/\/neoluxor.cz\/pripravujeme\/umeni-v-krvi-dobrodruzstvi-sherlocka-holmese--3740\/\" target=\"_blank\" rel=\"noopener\">Um\u011bn\u00ed v krvi \u2013 Dobrodru\u017estv\u00ed Sherlocka Holmese<\/a>.<\/li>\n<li>Spole\u010dn\u00e1 kn\u00ed\u017eka ultramaratonce, tren\u00e9ra a propag\u00e1tora b\u011bhu Milo\u0161e \u0160korpila a spisovatele a aforisty Pavla Kosorina je \u00fapln\u011b jin\u00e1 ne\u017e ostatn\u00ed knihy o b\u011bh\u00e1n\u00ed, kter\u00e9 zn\u00e1te, a vyjde 22. b\u0159ezna.\u00a0<a href=\"http:\/\/neoluxor.cz\/pripravujeme\/modra-knizka-o-behani-a-o-zivote--3978\/\" target=\"_blank\" rel=\"noopener\">Modrou kn\u00ed\u017eku o b\u011bh\u00e1n\u00ed a o \u017eivot\u011b<\/a> vyd\u00e1 nakladatelstv\u00ed Esence.<\/li>\n<\/ul>\n<\/p>\n<p><span style=\"background-color: initial: color: rgb(0, 0, 0): font-size: 30px: font-weight: bold:\">Kni\u017en\u00ed novinky t\u00fddne<\/span><\/p>\n<p><\/span><\/p>\n<p>Kompletn\u00ed p\u0159ehled novinek najdete v sekci <a href=\"http:\/\/neoluxor.cz\/nove-knihy\/\" target=\"_blank\" rel=\"noopener\">Nov\u00e9 knihy<\/a>.\u00a0<\/p>\n<\/p>\n<p><a href=\"http:\/\/neoluxor.cz\/beletrie\/volani-netvora-pribeh-zivota--259149\/\" target=\"_blank\" rel=\"noopener\"><\/a><\/p>\n<p><a href=\"http:\/\/neoluxor.cz\/beletrie\/trik--259255\/\" target=\"_blank\" rel=\"noopener\"><\/a><\/p>\n<p><a href=\"http:\/\/neoluxor.cz\/beletrie\/posledni--259244\/\" target=\"_blank\" rel=\"noopener\"><\/a><\/p>\n<p><a href=\"http:\/\/neoluxor.cz\/beletrie\/dum-na-prahu-noci--259243\/\" target=\"_blank\" rel=\"noopener\"><\/a><\/p>\n<p><a href=\"http:\/\/neoluxor.cz\/beletrie\/zaverka-aneb-ztizena-moznost-happy-endu--259322\/\" target=\"_blank\" rel=\"noopener\"><\/a><\/p>\n<p><a href=\"http:\/\/neoluxor.cz\/popularne-naucna\/cesta-bezce--259242\/\" target=\"_blank\" rel=\"noopener\"><\/a><\/p>\n<p><a href=\"http:\/\/neoluxor.cz\/beletrie\/posledni-tecka-za-rukopisy--259163\/\" target=\"_blank\" rel=\"noopener\"><\/a><\/p>\n<p><a href=\"http:\/\/neoluxor.cz\/odborne-knihy\/sprint--259354\/\" target=\"_blank\" rel=\"noopener\"><\/a><\/p>\n<p><a href=\"http:\/\/neoluxor.cz\/beletrie\/hodina-po-pulnoci--259241\/\" target=\"_blank\" rel=\"noopener\"><\/a><\/p>\n<p><a href=\"http:\/\/neoluxor.cz\/detske\/hamish-a-svetokazi--259140\/\" target=\"_blank\" rel=\"noopener\"><\/a><\/p>\n<\/p>\n<p><span style=\"background-color: initial: color: rgb(0, 0, 0): font-size: 30px: font-weight: bold:\">Filmov\u00e9 novinky<\/span><\/p>\n<p>Zve\u0159ejn\u011bn byl trailer filmov\u00e9 adaptace knihy <a href=\"http:\/\/neoluxor.cz\/beletrie\/po-strnisti-bos--200707\/\" target=\"_blank\" rel=\"noopener\">Po strni\u0161ti bos<\/a> od Zde\u0148ka Sv\u011br\u00e1ka. \u010cesk\u00e1 premi\u00e9ra je napl\u00e1nov\u00e1na na 17. srpna. Film re\u017e\u00edroval Jan Sv\u011br\u00e1k, v hlavn\u00edch rol\u00edch se p\u0159edstav\u00ed\u00a0Ond\u0159ej Vetch\u00fd, Tereza Vo\u0159\u00ed\u0161kov\u00e1, Jan T\u0159\u00edska, Viera Pavl\u00edkov\u00e1, Old\u0159ich Kaiser, Zuzana Stiv\u00ednov\u00e1, Hynek \u010cerm\u00e1k a dal\u0161\u00ed.<\/p>\n<p><\/p>\n<p>Pod\u00edvejte se na prvn\u00ed trailer seri\u00e1lov\u00e9 adaptace young adult rom\u00e1nu <a href=\"http:\/\/neoluxor.cz\/detske\/proc-13x-proto--11783\/\" target=\"_blank\" rel=\"noopener\">Pro\u010d? 13 x proto<\/a>, kter\u00fd 31. b\u0159ezna uvede Netflix.<\/p>\n<p><\/p>\n<p><span style=\"background-color: initial:\">16. b\u0159ezna jde do \u010desk\u00fdch kin hran\u00e1 <a href=\"http:\/\/neoluxor.cz\/pripravujeme\/kraska-a-zvire--3832\/\" target=\"_blank\" rel=\"noopener\">Kr\u00e1ska a zv\u00ed\u0159e<\/a> od studia Disney. Pod\u00edvejte se na nov\u00e9 klipy.<\/span><\/p>\n<p><span style=\"background-color: initial:\"><br \/><\/span><\/p>\n<p><span style=\"background-color: initial:\">5. kv\u011btna m\u00e1 sv\u011btovou premi\u00e9ru filmov\u00e1 adaptace knihy <a href=\"http:\/\/neoluxor.cz\/beletrie\/vecere--200341\/\" target=\"_blank\" rel=\"noopener\">Ve\u010de\u0159e<\/a> od Hermana Kocha s Richardem Gerem v hlavn\u00ed roli. Uveden\u00ed v \u010desk\u00fdch kinech zat\u00edm nebylo potvrzeno.<\/span><\/p>\n<p><span style=\"background-color: initial:\"><br \/><\/span><\/p>\n<p><span style=\"background-color: initial:\">Autorka: Olga Zbranek Biern\u00e1tov\u00e1<\/span><\/p>\n<p>Zdroje: Buzfeed.com, Art.ihned.cz<\/p>\n<p><b style=\"line-height: 1.45em: background-color: initial:\">Sledujte <a href=\"http:\/\/neoluxor.cz\/blog\/novinky\/\" target=\"_blank\" rel=\"noopener\">Letem kni\u017en\u00edm sv\u011btem<\/a> pravideln\u011b, nov\u00fd d\u00edl v\u017edy v pond\u011bl\u00ed v poledne.<\/b><\/p><\/p>\n","protected":false},"excerpt":{"rendered":"<p>Vyjdou dal\u0161\u00ed dv\u011b detektivky od D\u00e1na, \u010dtvrt\u00e1 ze s\u00e9rie knih o sv\u011bt\u011b film\u016f o Harrym Potterovi a nov\u00fd rom\u00e1n Marissy Meyerov\u00e9. P\u0159edstavujeme trailery filmov\u00fdch adaptac\u00ed knih Po strni\u0161ti bos a Ve\u010de\u0159e, teaser k seri\u00e1lu Pro\u010d? 13 x proto a klipy z Kr\u00e1sky a zv\u00ed\u0159ete.<\/p>\n","protected":false},"author":2,"featured_media":0,"comment_status":"open","ping_status":"open","sticky":false,"template":"","format":"standard","meta":{"_acf_changed":false,"_monsterinsights_skip_tracking":false,"_monsterinsights_sitenote_active":false,"_monsterinsights_sitenote_note":"","_monsterinsights_sitenote_category":0,"_EventAllDay":false,"_EventTimezone":"","_EventStartDate":"","_EventEndDate":"","_EventStartDateUTC":"","_EventEndDateUTC":"","_EventShowMap":false,"_EventShowMapLink":false,"_EventURL":"","_EventCost":"","_EventCostDescription":"","_EventCurrencySymbol":"","_EventCurrencyCode":"","_EventCurrencyPosition":"","_EventDateTimeSeparator":"","_EventTimeRangeSeparator":"","_EventOrganizerID":[],"_EventVenueID":[],"_OrganizerEmail":"","_OrganizerPhone":"","_OrganizerWebsite":"","_VenueAddress":"","_VenueCity":"","_VenueCountry":"","_VenueProvince":"","_VenueState":"","_VenueZip":"","_VenuePhone":"","_VenueURL":"","_VenueStateProvince":"","_VenueLat":"","_VenueLng":"","_VenueShowMap":false,"_VenueShowMapLink":false,"twitterCardType":"","cardImageID":0,"cardImage":"","cardTitle":"","cardDesc":"","cardImageAlt":"","cardPlayer":"","cardPlayerWidth":0,"cardPlayerHeight":0,"cardPlayerStream":"","cardPlayerCodec":"","footnotes":""},"categories":[1],"tags":[],"class_list":["post-3639","post","type-post","status-publish","format-standard","hentry","category-nezarazene"],"acf":{"related_products":null},"_links":{"self":[{"href":"https:\/\/www.luxor.cz\/blog\/wp-json\/wp\/v2\/posts\/3639","targetHints":{"allow":["GET"]}}],"collection":[{"href":"https:\/\/www.luxor.cz\/blog\/wp-json\/wp\/v2\/posts"}],"about":[{"href":"https:\/\/www.luxor.cz\/blog\/wp-json\/wp\/v2\/types\/post"}],"author":[{"embeddable":true,"href":"https:\/\/www.luxor.cz\/blog\/wp-json\/wp\/v2\/users\/2"}],"replies":[{"embeddable":true,"href":"https:\/\/www.luxor.cz\/blog\/wp-json\/wp\/v2\/comments?post=3639"}],"version-history":[{"count":0,"href":"https:\/\/www.luxor.cz\/blog\/wp-json\/wp\/v2\/posts\/3639\/revisions"}],"wp:attachment":[{"href":"https:\/\/www.luxor.cz\/blog\/wp-json\/wp\/v2\/media?parent=3639"}],"wp:term":[{"taxonomy":"category","embeddable":true,"href":"https:\/\/www.luxor.cz\/blog\/wp-json\/wp\/v2\/categories?post=3639"},{"taxonomy":"post_tag","embeddable":true,"href":"https:\/\/www.luxor.cz\/blog\/wp-json\/wp\/v2\/tags?post=3639"}],"curies":[{"name":"wp","href":"https:\/\/api.w.org\/{rel}","templated":true}]}}