{"id":3638,"date":"2017-03-05T13:46:00","date_gmt":"2017-03-05T12:46:00","guid":{"rendered":"https:\/\/www.luxor.cz\/blog\/nezarazene\/pojdte-s-nami-do-kina-na-krasku-a-zvire\/"},"modified":"2023-01-06T13:51:52","modified_gmt":"2023-01-06T12:51:52","slug":"pojdte-s-nami-do-kina-na-krasku-a-zvire-1722","status":"publish","type":"post","link":"https:\/\/www.luxor.cz\/blog\/souteze\/pojdte-s-nami-do-kina-na-krasku-a-zvire-1722\/","title":{"rendered":"Poj\u010fte s n\u00e1mi do kina na Kr\u00e1sku a zv\u00ed\u0159e"},"content":{"rendered":"<\/p>\n<\/p>\n<p>Klasick\u00fd p\u0159\u00edb\u011bh o Kr\u00e1sce a zv\u00ed\u0159eti se sv\u00fdm ponau\u010den\u00edm o tom, \u017ee skute\u010dnou kr\u00e1su lid\u00e9 nos\u00ed ve sv\u00e9m nitru, poch\u00e1z\u00ed z Francie 18. stolet\u00ed, kdy byla Gabrielle-Suzanne Barbot de Villeneuve publikov\u00e1na prvn\u00ed verze t\u00e9to poh\u00e1dky pod n\u00e1zvem\u00a0La Belle et la B\u00eate. Motivy tohoto p\u0159\u00edb\u011bhu jsou nem\u00e9n\u011b relevantn\u00ed i v sou\u010dasnosti a i nad\u00e1le p\u0159itahuje pozornost vyprav\u011b\u010d\u016f, co\u017e vedlo ke vzniku bezpo\u010dtu jeho interpretac\u00ed v nejr\u016fzn\u011bj\u0161\u00edch m\u00e9di\u00edch. Ale za jeho vrcholnou podobu je pova\u017eov\u00e1n animovan\u00fd film spole\u010dnosti Disney z roku 1991, nominovan\u00fd na Oscara.<\/p>\n<p>Spole\u010dnost Disney se domn\u00edvala, \u017ee by adaptace p\u0159\u00edb\u011bhu laskav\u00e9 d\u00edvky a jej\u00edho zaklet\u00e9ho prince mohl div\u00e1ky op\u011bt oslovit, ale kdy\u017e jej\u00ed z\u00e1stupci s t\u00edmto n\u00e1vrhem p\u0159i\u0161li za Billem Condonem, m\u011bl obavy pou\u0161t\u011bt se do tvorby remaku n\u011b\u010deho tak dokonal\u00e9ho. \u201eFilm z roku 1991 pova\u017euji za dokonal\u00fd,\u201c\u00a0\u0159\u00edk\u00e1 Condon. \u201eV dob\u011b sv\u00e9 premi\u00e9ry byl naprosto p\u0159elomov\u00fd v tom, jak\u00fdm zp\u016fsobem byl jeho p\u0159\u00edb\u011bh vypr\u00e1v\u011bn, a tak\u00e9 d\u00edky neuv\u011b\u0159iteln\u00e9 hudb\u011b a p\u00edsn\u00edm od Alana Menkena a Howarda Ashmana, tak\u017ee jsem o jeho nov\u00e9 verzi p\u016fvodn\u011b necht\u011bl ani sly\u0161et.\u201c<\/p>\n<p>Ale oscarov\u00fd re\u017eis\u00e9r, kter\u00fd m\u00e1 na sv\u00e9m kont\u011b filmy tak rozmanit\u00e9, jako jsou\u00a0<i>Dreamgirls<\/i>, <i>Twilight s\u00e1ga: Rozb\u0159esk \u2013 1.\u00a0a\u00a02. \u010d\u00e1st<\/i>, <i>Mr. Holmes<\/i>\u00a0\u010di\u00a0<i>Kinsey<\/i>\u00a0si brzy uv\u011bdomil, \u017ee nastal ten prav\u00fd \u010das na uveden\u00ed \u017eiv\u011b hran\u00e9 verze tohoto p\u0159\u00edb\u011bhu. Jako\u017eto zru\u010dn\u00fd filmov\u00fd vyprav\u011b\u010d si Condon dok\u00e1zal p\u0159edstavit potenci\u00e1l, kter\u00fd takov\u00e9 zpracov\u00e1n\u00ed p\u0159edstavovalo. \u201eUb\u011bhlo 25 let a technologie jsou dnes schopny v\u011bc\u00ed, kter\u00e9 se objevily poprv\u00e9 v animovan\u00e9 verzi tohoto p\u0159\u00edb\u011bhu,\u201c\u00a0vysv\u011btluje. \u201eNyn\u00ed je v\u016fbec poprv\u00e9 v historii filmu mo\u017eno vytvo\u0159it fotorealistickou mluv\u00edc\u00ed \u010dajovou konvici v re\u00e1ln\u00e9m prost\u0159ed\u00ed a ve zcela realisticky p\u016fsob\u00edc\u00edm filmu.\u201c<\/p>\n<p><i><\/i><\/p>\n<p>Tv\u016frci filmu se p\u0159i obsazov\u00e1n\u00ed obl\u00edben\u00fdch postav tohoto p\u0159\u00edb\u011bhu pustili do pe\u010dliv\u00e9ho hled\u00e1n\u00ed ve sv\u011bt\u011b filmu, televize, hudby a divadla, aby nalezli takov\u00e9 herce, kte\u0159\u00ed by se pro ka\u017edou z rol\u00ed hodili co nejl\u00e9pe. Prvn\u00ed z obsazen\u00fdch postav byla postava Kr\u00e1sky, vesni\u010danky tou\u017e\u00edc\u00ed po dobrodru\u017estv\u00ed, kterou si zahr\u00e1la Emma Watson. Kdy\u017e obsazovali roli zv\u00ed\u0159ete, rozmazlen\u00e9ho a arogantn\u00edho prince, kter\u00fd byl do zv\u00ed\u0159ec\u00ed podoby zaklet\u00fd za trest \u010darod\u011bjkou, absolvovali tv\u016frci filmu mnoho rozhovor\u016f a zva\u017eovali des\u00edtky jmen, aby se nakonec rozhodli vybrat Dana Stevense.\u00a0<\/p>\n<p>Nat\u00e1\u010den\u00ed sn\u00edmku prob\u00edhalo v ateli\u00e9rech v Sheppertonu nedaleko Lond\u00fdna a tak\u00e9 v exteri\u00e9rech po cel\u00e9m Spojen\u00e9m kr\u00e1lovstv\u00ed od kv\u011btna do srpna 2015. Ateli\u00e9ry v Sheppertonu, kde se nat\u00e1\u010dely filmy jako\u00a0<i>Lawrence z Ar\u00e1bie<\/i>, <i>Oliver!<\/i>, <i>G\u00e1ndh\u00ed<\/i>, <i>Passage to India<\/i>\u00a0\u010di\u00a0<i>Mechanick\u00fd pomeran\u010d<\/i>, byly pro nat\u00e1\u010den\u00ed takto v\u00fdpravn\u00e9ho sn\u00edmku naprosto dokonal\u00e9, proto\u017ee disponuj\u00ed velk\u00fdm pozemkem a mno\u017estv\u00edm ateli\u00e9r\u016f, v nich\u017e je mo\u017eno vybudovat \u0159adu rozs\u00e1hl\u00fdch dekorac\u00ed. T\u011bch bylo t\u0159eba celkem 27.\u00a0Pod\u00edlela jsem se u\u017e na filmech, pro kter\u00e9 jejich tv\u016frci vytvo\u0159ili \u00fa\u017easn\u00e9 v\u011bci, ale tenhle film je skute\u010dn\u011b v\u00fdjime\u010dn\u00fd t\u00edm, \u017ee jeho tv\u016frci vzali n\u011bco, co je div\u00e1k\u016fm velice dob\u0159e zn\u00e1m\u00e9 a maj\u00ed to velice r\u00e1di, a n\u011bjak\u00fdm zp\u016fsobem se jim poda\u0159ilo zachovat to pov\u011bdom\u00e9, ale sou\u010dasn\u011b to obohatit a dodat tomu dal\u0161\u00ed detaily a v\u011bt\u0161\u00ed hloubku a v\u00edce vrstev,\u201c\u00a0m\u00edn\u00ed\u00a0Emma Watson. \u201eV\u0161ichni vn\u00edmali, \u017ee se jim otev\u00edr\u00e1 p\u0159\u00edle\u017eitost prozkoumat mnoh\u00e9, a na\u0161t\u011bst\u00ed to se sou\u010dasn\u00fdmi technologiemi a um\u011bleck\u00fdmi dovednostmi a vyprav\u011b\u010dsk\u00fdmi prost\u0159edky, kter\u00e9 jsme d\u0159\u00edve k dispozici nem\u011bli, bylo realizovateln\u00e9.\u201c<\/p>\n<\/p>\n<p><a href=\"http:\/\/neoluxor.cz\/files\/infografika_kraska_a_zvire_velka.png\" target=\"_blank\" rel=\"noopener\">Prohl\u00e9dn\u011bte si infografiku ve v\u011bt\u0161\u00edm rozli\u0161en\u00ed<\/a><\/p>\n<\/p>\n<h1>Sout\u011b\u017e (ukon\u010dena)<\/h1>\n<p>Vyhrajte vstupy na projekce\u00a0<i>Kr\u00e1sky a zv\u00ed\u0159ete<\/i>\u00a0v Praze a ve Zl\u00edn\u011b. V Praze prom\u00edt\u00e1me 16. 3. od 18:00 v Cinestar Centrum \u010cern\u00fd Most, ve Zl\u00edn\u011b tent\u00fd\u017e den v Golden Apple Cinema (\u010das bude up\u0159esn\u011bn 13. 3. v e-mailu, kter\u00fd bude informovat o p\u0159\u00edpadn\u00e9 v\u00fdh\u0159e v sout\u011b\u017ei, prom\u00edtat budeme pravd\u011bpodobn\u011b n\u011bkdy po 18. hodin\u011b). Ob\u011b projekce jsou ve 2D s titulky. Ka\u017ed\u00fd v\u00fdherce z\u00edsk\u00e1 dva vstupy. Sout\u011b\u017e kon\u010d\u00ed 12. 3. 2017. <a href=\"http:\/\/neoluxor.cz\/files\/pravidla_souteze_kraska_a_zvire.pdf\" target=\"_blank\" rel=\"noopener\">\u00dapln\u00e1 pravidla sout\u011b\u017ee<\/a><span style=\"background-color: initial:\">\u00a0<\/span><\/p>\n","protected":false},"excerpt":{"rendered":"<p>V hran\u00e9 adaptaci animovan\u00e9 klasiky Kr\u00e1ska a zv\u00ed\u0159e spole\u010dnosti Disney, je\u017e je ohromuj\u00edc\u00ed filmovou oslavou jednoho z nejpopul\u00e1rn\u011bj\u0161\u00edch p\u0159\u00edb\u011bh\u016f v\u016fbec, velkolep\u00fdm zp\u016fsobem o\u017e\u00edvaj\u00ed p\u0159\u00edb\u011bh a postavy, kter\u00e9 div\u00e1ci znaj\u00ed a zbo\u017e\u0148uj\u00ed. Kr\u00e1ska a zv\u00ed\u0159e popisuje pozoruhodn\u00fd p\u0159\u00edb\u011bh Kr\u00e1sky, bystr\u00e9, kr\u00e1sn\u00e9 a nez\u00e1visl\u00e9 mlad\u00e9 d\u00edvky, kterou ve sv\u00e9m z\u00e1mku uv\u011bzn\u00ed d\u011bsiv\u00e9 zv\u00ed\u0159e. Navzdory strachu se sp\u0159\u00e1tel\u00ed se zaklet\u00fdm z\u00e1meck\u00fdm slu\u017eebnictvem a uv\u011bdom\u00ed si, \u017ee se pod obludn\u00fdm zv\u00ed\u0159ec\u00edm zevn\u011bj\u0161kem ukr\u00fdv\u00e1 vl\u00eddn\u00e1 du\u0161e skute\u010dn\u00e9ho prince. Poj\u010fte se na film pod\u00edvat s n\u00e1mi, prom\u00edt\u00e1me 16. b\u0159ezna v Praze a ve Zl\u00edn\u011b.<\/p>\n","protected":false},"author":2,"featured_media":0,"comment_status":"open","ping_status":"open","sticky":false,"template":"","format":"standard","meta":{"_acf_changed":false,"_monsterinsights_skip_tracking":false,"_monsterinsights_sitenote_active":false,"_monsterinsights_sitenote_note":"","_monsterinsights_sitenote_category":0,"_EventAllDay":false,"_EventTimezone":"","_EventStartDate":"","_EventEndDate":"","_EventStartDateUTC":"","_EventEndDateUTC":"","_EventShowMap":false,"_EventShowMapLink":false,"_EventURL":"","_EventCost":"","_EventCostDescription":"","_EventCurrencySymbol":"","_EventCurrencyCode":"","_EventCurrencyPosition":"","_EventDateTimeSeparator":"","_EventTimeRangeSeparator":"","_EventOrganizerID":[],"_EventVenueID":[],"_OrganizerEmail":"","_OrganizerPhone":"","_OrganizerWebsite":"","_VenueAddress":"","_VenueCity":"","_VenueCountry":"","_VenueProvince":"","_VenueState":"","_VenueZip":"","_VenuePhone":"","_VenueURL":"","_VenueStateProvince":"","_VenueLat":"","_VenueLng":"","_VenueShowMap":false,"_VenueShowMapLink":false,"twitterCardType":"","cardImageID":0,"cardImage":"","cardTitle":"","cardDesc":"","cardImageAlt":"","cardPlayer":"","cardPlayerWidth":0,"cardPlayerHeight":0,"cardPlayerStream":"","cardPlayerCodec":"","footnotes":""},"categories":[9],"tags":[],"class_list":["post-3638","post","type-post","status-publish","format-standard","hentry","category-souteze"],"acf":{"related_products":null},"_links":{"self":[{"href":"https:\/\/www.luxor.cz\/blog\/wp-json\/wp\/v2\/posts\/3638","targetHints":{"allow":["GET"]}}],"collection":[{"href":"https:\/\/www.luxor.cz\/blog\/wp-json\/wp\/v2\/posts"}],"about":[{"href":"https:\/\/www.luxor.cz\/blog\/wp-json\/wp\/v2\/types\/post"}],"author":[{"embeddable":true,"href":"https:\/\/www.luxor.cz\/blog\/wp-json\/wp\/v2\/users\/2"}],"replies":[{"embeddable":true,"href":"https:\/\/www.luxor.cz\/blog\/wp-json\/wp\/v2\/comments?post=3638"}],"version-history":[{"count":0,"href":"https:\/\/www.luxor.cz\/blog\/wp-json\/wp\/v2\/posts\/3638\/revisions"}],"wp:attachment":[{"href":"https:\/\/www.luxor.cz\/blog\/wp-json\/wp\/v2\/media?parent=3638"}],"wp:term":[{"taxonomy":"category","embeddable":true,"href":"https:\/\/www.luxor.cz\/blog\/wp-json\/wp\/v2\/categories?post=3638"},{"taxonomy":"post_tag","embeddable":true,"href":"https:\/\/www.luxor.cz\/blog\/wp-json\/wp\/v2\/tags?post=3638"}],"curies":[{"name":"wp","href":"https:\/\/api.w.org\/{rel}","templated":true}]}}