{"id":3636,"date":"2017-03-02T11:04:00","date_gmt":"2017-03-02T10:04:00","guid":{"rendered":"https:\/\/www.luxor.cz\/blog\/nezarazene\/az-mi-zitra-nebudes-chybet\/"},"modified":"2023-01-06T13:51:52","modified_gmt":"2023-01-06T12:51:52","slug":"az-mi-zitra-nebudes-chybet-1719","status":"publish","type":"post","link":"https:\/\/www.luxor.cz\/blog\/recenze\/az-mi-zitra-nebudes-chybet-1719\/","title":{"rendered":"A\u017e mi z\u00edtra (ne)bude\u0161 chyb\u011bt"},"content":{"rendered":"<\/p>\n<\/p>\n<p>Zdiskreditovan\u00fd a \u010derstv\u011b propu\u0161t\u011bn\u00fd z v\u011bzn\u00ed. B\u00fdval\u00fd speci\u00e1ln\u00ed  policejn\u00ed vy\u0161et\u0159ovatel Thorkild Aske se jen nerad smi\u0159uje se \u017eivotem. Jeho snaha  o jeho p\u0159ed\u010dasn\u00e9 ukon\u010den\u00ed skon\u010dila katastroficky, a tak te\u010f tr\u00e1v\u00ed dny odpo\u010d\u00edt\u00e1v\u00e1n\u00edm  \u010dasu, kdy si vezme dal\u0161\u00ed d\u00e1vku l\u00e9k\u016f na bolest, na \u00fazkost, na vedlej\u0161\u00ed \u00fa\u010dinky  v\u0161ech t\u011bch ostatn\u00edch, kter\u00e9 do sebe s chut\u00ed cpe. A jako by ani tohle nesta\u010dilo,  vy\u0161le ho jeho psychoterapeut na p\u0159edem prohranou misi. Naj\u00edt zmizel\u00e9ho syna  lid\u00ed, kter\u00e9 p\u0159ipravil o nete\u0159. Rozjit\u0159en\u00e9 pocity jsou na v\u0161ech stran\u00e1ch a  Thorkild by se ze v\u0161eho nejrad\u011bji uch\u00fdlil do bezpe\u010d\u00ed sv\u00e9ho bytu, zat\u00e1hl z\u00e1v\u011bsy  a \u010dekal, a\u017e p\u0159ijde ona.<\/p>\n<p>Norsk\u00fd krimi rom\u00e1n <a href=\"http:\/\/neoluxor.cz\/beletrie\/az-mi-zitra-budes-chybet--258198\/\" target=\"_blank\" rel=\"noopener\">A\u017e mi z\u00edtra bude\u0161 chyb\u011bt<\/a> bravurn\u011b  vykresluje psychiku \u010dlov\u011bka, kter\u00fd v jedin\u00e9m okam\u017eiku ztrat\u00ed \u00fapln\u011b v\u0161echno.  Reputaci, pr\u00e1ci, d\u016fstojnost, \u010dlov\u011bka, na kter\u00e9m mu z\u00e1le\u017eelo. V prol\u00ednaj\u00edc\u00edch se  kapitol\u00e1ch se vrac\u00ed ke dn\u016fm, kter\u00e9 tomu v\u0161emu p\u0159edch\u00e1zely a sou\u010dasn\u00e9mu p\u0159\u00edb\u011bhu,  kter\u00fd se v\u00edc a v\u00edc zamot\u00e1v\u00e1. V n\u011bkter\u00fdch momentech hlavn\u00ed postava a ani \u010dten\u00e1\u0159  nev\u00ed, co je skute\u010dn\u00e9, co se opravdu na b\u0159ez\u00edch ostrova d\u011bje. O to je  zaj\u00edmav\u011bj\u0161\u00ed n\u00e1hled do Askeho vzpom\u00ednek.<\/p>\n<p>Autor Heine T. Bakkeid m\u00edch\u00e1 kartami v\u0161ech  postav, kter\u00e9 se v p\u0159\u00edb\u011bhu objevuj\u00ed. Z nikoho ned\u011bl\u00e1 hrdinu ani padoucha, pouze  je nech\u00e1v\u00e1 na sebe vz\u00e1jemn\u011b p\u016fsobit a m\u011bnit se pod vlivem okolnost\u00ed a vlastn\u00edch  p\u0159edpoklad\u016f. Co je spr\u00e1vn\u00e9, jak \u017e\u00edt s vinou, studem, jak obh\u00e1jit sv\u00e1 vlastn\u00ed  rozhodnut\u00ed p\u0159ed sebou sam\u00fdm? Vy\u0161et\u0159ov\u00e1n\u00ed zmizen\u00ed mlad\u00e9ho mu\u017ee je v p\u0159\u00edb\u011bhu jen  za\u010d\u00e1tkem, kter\u00fd p\u0159iv\u00e1d\u00ed Thorkilda k dal\u0161\u00edm z\u00e1had\u00e1m, je\u017e je nucen \u0159e\u0161it. A jako  bumerang se k n\u011bmu vrac\u00ed minulost, kdy p\u016fsobil jako elitn\u00ed vy\u0161et\u0159ovatel.  Pravda, kterou zn\u00e1 jen on.<\/p>\n<p><a href=\"http:\/\/neoluxor.cz\/beletrie\/az-mi-zitra-budes-chybet--258198\/\" target=\"_blank\" rel=\"noopener\">A\u017e mi z\u00edtra bude\u0161 chyb\u011bt<\/a> nen\u00ed jen klasickou severskou krimi,  ale tak\u00e9 psychologick\u00fd rom\u00e1n, kter\u00fd \u010dten\u00e1\u0159e vt\u00e1hne a nepust\u00ed. Temn\u00e9 prost\u0159ed\u00ed  oslosk\u00fdch b\u0159eh\u016f a depresivn\u00ed pohled na \u017eivot hlavn\u00ed postavy dokresluj\u00ed chlad,  kter\u00fd z knihy d\u00fdch\u00e1. P\u0159esto, \u017ee nejsem fanou\u0161kem tohoto \u017e\u00e1nru, kniha <a href=\"http:\/\/neoluxor.cz\/beletrie\/az-mi-zitra-budes-chybet--258198\/\" target=\"_blank\" rel=\"noopener\">A\u017e mi z\u00edtra bude\u0161 chyb\u011bt<\/a> mne nadchla. Hlavn\u00ed hrdina vlastn\u011b nen\u00ed hrdina, ale jen  oby\u010dejn\u00fd chlap, kter\u00e9ho semlela d\u011bsiv\u00e1 kola \u017eivota a na konci z n\u011bj z\u016fst\u00e1v\u00e1  prost\u011b jen Thorkild Aske. Mu\u017e, se kter\u00fdm se s chut\u00ed setk\u00e1m v dal\u0161\u00edm rom\u00e1nu od  Heine T. Bakkeida.<\/p>\n<h2>Hodnocen\u00ed: 95 % <\/h2>\n<p>Autorka: Krist\u00fdna Pek\u00e1rkov\u00e1<\/p>\n","protected":false},"excerpt":{"rendered":"<p>Seversk\u00e1 krimi s psychologick\u00fdm podtextem, kde se to, co vypad\u00e1 skute\u010dn\u011b, rozplyne nad mo\u0159skou hladinou a z\u016fstanou jen pochybnosti. Thorkild Aske s\u00e1m u\u017e nev\u00ed, co je skute\u010dn\u00e9 a co je jen v\u00fdplod jeho mysli, p\u016fsoben\u00ed antidepresiv \u010di zoufal\u00e1 touha.<\/p>\n","protected":false},"author":2,"featured_media":0,"comment_status":"open","ping_status":"open","sticky":false,"template":"","format":"standard","meta":{"_acf_changed":false,"_monsterinsights_skip_tracking":false,"_monsterinsights_sitenote_active":false,"_monsterinsights_sitenote_note":"","_monsterinsights_sitenote_category":0,"_EventAllDay":false,"_EventTimezone":"","_EventStartDate":"","_EventEndDate":"","_EventStartDateUTC":"","_EventEndDateUTC":"","_EventShowMap":false,"_EventShowMapLink":false,"_EventURL":"","_EventCost":"","_EventCostDescription":"","_EventCurrencySymbol":"","_EventCurrencyCode":"","_EventCurrencyPosition":"","_EventDateTimeSeparator":"","_EventTimeRangeSeparator":"","_EventOrganizerID":[],"_EventVenueID":[],"_OrganizerEmail":"","_OrganizerPhone":"","_OrganizerWebsite":"","_VenueAddress":"","_VenueCity":"","_VenueCountry":"","_VenueProvince":"","_VenueState":"","_VenueZip":"","_VenuePhone":"","_VenueURL":"","_VenueStateProvince":"","_VenueLat":"","_VenueLng":"","_VenueShowMap":false,"_VenueShowMapLink":false,"twitterCardType":"","cardImageID":0,"cardImage":"","cardTitle":"","cardDesc":"","cardImageAlt":"","cardPlayer":"","cardPlayerWidth":0,"cardPlayerHeight":0,"cardPlayerStream":"","cardPlayerCodec":"","footnotes":""},"categories":[7],"tags":[],"class_list":["post-3636","post","type-post","status-publish","format-standard","hentry","category-recenze"],"acf":{"related_products":null},"_links":{"self":[{"href":"https:\/\/www.luxor.cz\/blog\/wp-json\/wp\/v2\/posts\/3636","targetHints":{"allow":["GET"]}}],"collection":[{"href":"https:\/\/www.luxor.cz\/blog\/wp-json\/wp\/v2\/posts"}],"about":[{"href":"https:\/\/www.luxor.cz\/blog\/wp-json\/wp\/v2\/types\/post"}],"author":[{"embeddable":true,"href":"https:\/\/www.luxor.cz\/blog\/wp-json\/wp\/v2\/users\/2"}],"replies":[{"embeddable":true,"href":"https:\/\/www.luxor.cz\/blog\/wp-json\/wp\/v2\/comments?post=3636"}],"version-history":[{"count":0,"href":"https:\/\/www.luxor.cz\/blog\/wp-json\/wp\/v2\/posts\/3636\/revisions"}],"wp:attachment":[{"href":"https:\/\/www.luxor.cz\/blog\/wp-json\/wp\/v2\/media?parent=3636"}],"wp:term":[{"taxonomy":"category","embeddable":true,"href":"https:\/\/www.luxor.cz\/blog\/wp-json\/wp\/v2\/categories?post=3636"},{"taxonomy":"post_tag","embeddable":true,"href":"https:\/\/www.luxor.cz\/blog\/wp-json\/wp\/v2\/tags?post=3636"}],"curies":[{"name":"wp","href":"https:\/\/api.w.org\/{rel}","templated":true}]}}