{"id":3579,"date":"2017-01-12T14:14:00","date_gmt":"2017-01-12T13:14:00","guid":{"rendered":"https:\/\/www.luxor.cz\/blog\/nezarazene\/treti-pripad-mladeho-richarda-krauze\/"},"modified":"2023-01-06T14:07:42","modified_gmt":"2023-01-06T13:07:42","slug":"treti-pripad-mladeho-richarda-krauze-1661","status":"publish","type":"post","link":"https:\/\/www.luxor.cz\/blog\/recenze\/treti-pripad-mladeho-richarda-krauze-1661\/","title":{"rendered":"T\u0159et\u00ed p\u0159\u00edpad mlad\u00e9ho Richarda Krauze"},"content":{"rendered":"<\/p>\n<\/p>\n<p>P\u0159\u00edb\u011bhy p\u00ed\u0161e Dominik D\u00e1n pod pseudonymem. Podle v\u0161eho jde o  policistu ze Slovenska, kter\u00fd si sv\u00e9 p\u0159\u00edb\u011bhy \u201eod\u017eil\u201c nebo se jimi voln\u011b  inspiroval. Zn\u00e1 v\u00edce ne\u017e dob\u0159e prost\u0159ed\u00ed zlo\u010dinc\u016f, vrah\u016f, n\u00e1siln\u00edk\u016f,  podvodn\u00edk\u016f, \u0161melin\u00e1\u0159\u016f, zlod\u011bj\u00ed\u010dk\u016f, gal\u00e9rky, ale i kriminalist\u016f, jejich\u017e pr\u00e1ce  nen\u00ed a nejsp\u00ed\u0161 ani nikdy nebude zcela docen\u011bna, kriminalista je \u201ediagn\u00f3za\u201c. <\/p>\n<p>Rom\u00e1n <a href=\"http:\/\/neoluxor.cz\/beletrie\/nezna-fata-morgana--255432\/\" target=\"_blank\" rel=\"noopener\">N\u011b\u017en\u00e1 fata morg\u00e1na<\/a> je t\u0159et\u00ed p\u0159\u00edb\u011bh z\u00a0obdob\u00ed detektivn\u00edch za\u010d\u00e1tk\u016f hlavn\u00edho hrdiny,  kriminalisty Richarda Krauze, kter\u00fd pracuje na odd\u011blen\u00ed vra\u017ed, kde je st\u00e1le za  el\u00e9va. P\u0159\u00edb\u011bh se odehr\u00e1v\u00e1 na p\u0159elomu bou\u0159liv\u00fdch listopadov\u00fdch ud\u00e1lost\u00ed, kter\u00e9  vyvrcholily Sametovou revoluc\u00ed. Na pozad\u00ed p\u0159\u00edpad\u016f skute\u010dn\u011b ohavn\u00fdch vra\u017ed  mlad\u00fdch \u017een, kter\u00e9 byly zardou\u0161eny a sexu\u00e1ln\u011b zneu\u017eity, se odehr\u00e1v\u00e1 i obrovsk\u00fd  politick\u00fd tlak, vyv\u00edjen\u00fd na oby\u010dejn\u00e9 policisty. Vy\u0161et\u0159ov\u00e1n\u00ed se na politickou  objedn\u00e1vku nesm\u00ed dostat na ve\u0159ejnost kv\u016fli panice z\u00a0obav p\u0159ed s\u00e9riov\u00fdm  vrahem. A\u010d o tom nen\u00ed pochyb, bohu\u017eel se nepoda\u0159\u00ed zabr\u00e1nit dal\u0161\u00ed vra\u017ed\u011b\u2026 Nechci  prozrazovat dal\u0161\u00ed d\u011bj, ani vraha, ale na stylu psan\u00ed oce\u0148uji dal\u0161\u00ed d\u011bjov\u00e9  linie, nap\u0159. ze soukrom\u00e9ho \u017eivota policist\u016f, kte\u0159\u00ed jsou tak\u00e9 jen lid\u00e9  z\u00a0masa a kost\u00ed a maj\u00ed sv\u00e9 kladn\u00e9, ale i z\u00e1porn\u00e9 str\u00e1nky, by\u0165 by se mohlo  zd\u00e1t, \u017ee oni maj\u00ed sv\u011bt jen b\u00edl\u00fd, ve kter\u00e9m \u017eij\u00ed oni, a \u010dern\u00fd, ve kter\u00e9m si  lebed\u00ed zlo\u010dinci. V\u00a0p\u0159\u00edb\u011bz\u00edch jsou re\u00e1ln\u011b pops\u00e1ny vy\u0161et\u0159ovac\u00ed postupy, ale  i slep\u00e9 uli\u010dky, skl\u00e1d\u00e1n\u00ed jednotliv\u00fdch st\u0159\u00edpk\u016f do mozaiky a profilov\u00e1n\u00ed  zlo\u010dinc\u016f. C\u00edt\u00edte spolu s\u00a0Richardem Krauzem, \u017ee z\u00a0po\u010d\u00e1te\u010dn\u00ed  bezradnosti a sb\u00edr\u00e1n\u00ed materi\u00e1l\u016f m\u00e1te kone\u010dn\u011b po\u0159\u00e1dnou stopu a p\u0159ed o\u010dima se v\u00e1m  z\u00a0mlhy jasn\u011b vyno\u0159uje pachatel. Jen jen ho dopadnout\u2026 \u00a0<\/p>\n<p>Moji rodi\u010de se zbl\u00e1znili. Zbl\u00e1znili se do Dominika D\u00e1na.  T\u00e1tovi jsem dala kn\u00ed\u017eku <i>Uzel<\/i>  k\u00a0narozenin\u00e1m, a on ji za jeden den p\u0159e\u010detl. Hned si dokoupil v\u0161e, co od  tohoto autora bylo v\u00a0t\u00e9 dob\u011b na trhu (tehdy to bylo asi 8 knih) a ke \u010dten\u00ed  strhnul i m\u00e1mu. Styl Dominika D\u00e1na je jedine\u010dn\u00fd v\u00a0tom, \u017ee ka\u017ed\u00e1  z\u00a0krimin\u00e1lek je neopakovateln\u00e1 nejen p\u0159\u00edb\u011bhem, ale i \u00fahlem pohledu,  z\u00a0jak\u00e9ho je vypr\u00e1v\u011bna. P\u0159esto\u017ee zachov\u00e1v\u00e1 styl, nevykr\u00e1d\u00e1 s\u00e1m sebe a  rozhodn\u011b nestav\u00ed na jednu stranu \u201ehodn\u00e9\u201c policisty a na druhou zlo\u010dince. Jsou  p\u0159\u00edb\u011bhy, jejich\u017e n\u011bkter\u00e9 linie nemaj\u00ed konce \u010di roz\u0159e\u0161en\u00ed, a tak je zde prostor  pro vlastn\u00ed \u00favahu.<\/p>\n<p>Jen douf\u00e1m, \u017ee \u201eDD\u201c bude ps\u00e1t d\u00e1le, a p\u0159eklady ze  sloven\u0161tiny budou ods\u00fdpat. Na\u0161i ani j\u00e1 u\u017e se nem\u016f\u017eeme do\u010dkat na dal\u0161\u00ed porci po\u0159\u00e1dn\u00e9  krimin\u00e1lky.<\/p>\n<h2>Hodnocen\u00ed: 95 %<\/h2>\n<p>Autorka: Lucie Bedn\u00e1\u0159ov\u00e1<\/p>\n","protected":false},"excerpt":{"rendered":"<p>Dominika D\u00e1na net\u0159eba s\u00e1hodlouze p\u0159edstavovat. Na kni\u017en\u00edm trhu si vydobyl sv\u00e9 m\u00edsto krimin\u00e1lkami z re\u00e1ln\u00e9ho prost\u0159ed\u00ed \u010ceskoslovenska p\u0159ed rozd\u011blen\u00edm i po n\u011bm. Nehledejte tedy seversk\u00e9 detektivky, kter\u00e9 zaplavuj\u00ed knihkupectv\u00ed ji\u017e n\u011bkolik let, ale poctiv\u00e9 krimin\u00e1ln\u00ed p\u0159\u00edb\u011bhy, jak\u00e9 jste kdysi \u010d\u00edt\u00e1vali.<\/p>\n","protected":false},"author":2,"featured_media":0,"comment_status":"open","ping_status":"open","sticky":false,"template":"","format":"standard","meta":{"_acf_changed":false,"_monsterinsights_skip_tracking":false,"_monsterinsights_sitenote_active":false,"_monsterinsights_sitenote_note":"","_monsterinsights_sitenote_category":0,"_EventAllDay":false,"_EventTimezone":"","_EventStartDate":"","_EventEndDate":"","_EventStartDateUTC":"","_EventEndDateUTC":"","_EventShowMap":false,"_EventShowMapLink":false,"_EventURL":"","_EventCost":"","_EventCostDescription":"","_EventCurrencySymbol":"","_EventCurrencyCode":"","_EventCurrencyPosition":"","_EventDateTimeSeparator":"","_EventTimeRangeSeparator":"","_EventOrganizerID":[],"_EventVenueID":[],"_OrganizerEmail":"","_OrganizerPhone":"","_OrganizerWebsite":"","_VenueAddress":"","_VenueCity":"","_VenueCountry":"","_VenueProvince":"","_VenueState":"","_VenueZip":"","_VenuePhone":"","_VenueURL":"","_VenueStateProvince":"","_VenueLat":"","_VenueLng":"","_VenueShowMap":false,"_VenueShowMapLink":false,"twitterCardType":"","cardImageID":0,"cardImage":"","cardTitle":"","cardDesc":"","cardImageAlt":"","cardPlayer":"","cardPlayerWidth":0,"cardPlayerHeight":0,"cardPlayerStream":"","cardPlayerCodec":"","footnotes":""},"categories":[7],"tags":[],"class_list":["post-3579","post","type-post","status-publish","format-standard","hentry","category-recenze"],"acf":{"related_products":null},"_links":{"self":[{"href":"https:\/\/www.luxor.cz\/blog\/wp-json\/wp\/v2\/posts\/3579","targetHints":{"allow":["GET"]}}],"collection":[{"href":"https:\/\/www.luxor.cz\/blog\/wp-json\/wp\/v2\/posts"}],"about":[{"href":"https:\/\/www.luxor.cz\/blog\/wp-json\/wp\/v2\/types\/post"}],"author":[{"embeddable":true,"href":"https:\/\/www.luxor.cz\/blog\/wp-json\/wp\/v2\/users\/2"}],"replies":[{"embeddable":true,"href":"https:\/\/www.luxor.cz\/blog\/wp-json\/wp\/v2\/comments?post=3579"}],"version-history":[{"count":0,"href":"https:\/\/www.luxor.cz\/blog\/wp-json\/wp\/v2\/posts\/3579\/revisions"}],"wp:attachment":[{"href":"https:\/\/www.luxor.cz\/blog\/wp-json\/wp\/v2\/media?parent=3579"}],"wp:term":[{"taxonomy":"category","embeddable":true,"href":"https:\/\/www.luxor.cz\/blog\/wp-json\/wp\/v2\/categories?post=3579"},{"taxonomy":"post_tag","embeddable":true,"href":"https:\/\/www.luxor.cz\/blog\/wp-json\/wp\/v2\/tags?post=3579"}],"curies":[{"name":"wp","href":"https:\/\/api.w.org\/{rel}","templated":true}]}}