{"id":3509,"date":"2016-11-09T20:56:00","date_gmt":"2016-11-09T19:56:00","guid":{"rendered":"https:\/\/www.luxor.cz\/blog\/nezarazene\/urceno-pro-vsechny-s-detskou-dusi\/"},"modified":"2023-01-06T14:08:16","modified_gmt":"2023-01-06T13:08:16","slug":"urceno-pro-vsechny-s-detskou-dusi-1586","status":"publish","type":"post","link":"https:\/\/www.luxor.cz\/blog\/recenze\/urceno-pro-vsechny-s-detskou-dusi-1586\/","title":{"rendered":"Ur\u010deno pro v\u0161echny s d\u011btskou du\u0161\u00ed"},"content":{"rendered":"<\/p>\n<\/p>\n<p>V\u011bd\u011bli jste, \u017ee Roald  Dahl psal sv\u00e9 p\u0159\u00edb\u011bhy v\u017edy tu\u017ekou na \u017elut\u00fd pap\u00edr, kter\u00fd vytrhl z\u00a0bloku? U\u017e  jste sly\u0161eli o tom, \u017ee si ka\u017ed\u00fd den po ob\u011bd\u011b d\u00e1val kousek \u010dokol\u00e1dy a staniol  postupn\u011b smot\u00e1val do jedn\u00e9 velk\u00e9 kuli\u010dky? U\u017e v\u00e1m do\u0161lo, \u017ee ka\u017ed\u00e1 z\u00a0jeho  postav v\u00a0sob\u011b nese kousek jeho samotn\u00e9ho? Schv\u00e1ln\u011b, jestli dok\u00e1\u017eete  poznat, v\u00a0\u010dem p\u0159esn\u011b se podobaj\u00ed. <a href=\"http:\/\/neoluxor.cz\/detske\/carokrasnicke-svety-roalda-dahla--252877\/\" target=\"_blank\" rel=\"noopener\">\u010carokr\u00e1snick\u00e9 sv\u011bty Roalda Dahla<\/a> v\u00e1m  tuhle z\u00e1hadu ur\u010dit\u011b pomohou roz\u0161ifrovat.<\/p>\n<p><i>\u201eTi, kdo nev\u011b\u0159\u00ed  v\u00a0moc kouzel, je nikdy neobjev\u00ed.\u201c<\/i><\/p>\n<p>Roald Dahl byl vyprav\u011b\u010d  du\u0161\u00ed i t\u011blem s\u00a0neuv\u011b\u0159iteln\u00fdmi n\u00e1pady a nekone\u010dnou fantazi\u00ed. Pr\u00e1vem pat\u0159\u00ed  (nejen) k\u00a0m\u00fdm nejobl\u00edben\u011bj\u0161\u00edm spisovatel\u016fm, jeho <i>Obr Dobr <\/i>byl p\u0159ed p\u00e1r  lety mou nejzamilovan\u011bj\u0161\u00ed knihou.<\/p>\n<p><a href=\"http:\/\/neoluxor.cz\/detske\/carokrasnicke-svety-roalda-dahla--252877\/\" target=\"_blank\" rel=\"noopener\">\u010carokr\u00e1sn\u00e9 sv\u011bty<\/a> jsou  opravdu \u010darokr\u00e1sn\u00e9. Novou podobu jim dod\u00e1vaj\u00ed sympatick\u00e9 ilustrace Quentina  Blakea a celkov\u00e9 vizu\u00e1ln\u00ed zpracov\u00e1n\u00ed knihy je hrav\u00e9 a mil\u00e9. Dokonal\u00fd pr\u016fvodce  po dokonal\u00fdch sv\u011btech.<\/p>\n<p><i>\u201eNejd\u016fle\u017eit\u011bj\u0161\u00ed  ze v\u0161eho je pozorovat okoln\u00ed sv\u011bt z\u00e1\u0159\u00edc\u00edma o\u010dima, proto\u017ee nejv\u011bt\u0161\u00ed tajemstv\u00ed  jsou v\u017edycky ukryta na t\u011bch nejnepravd\u011bpodobn\u011bj\u0161\u00edch m\u00edstech.\u201c<\/i><\/p>\n<p>Odpus\u0165te mi, pokud se v\u00e1m  zd\u00e1, \u017ee nejsem na 100 % objektivn\u00ed.\u00a0<\/p>\n<p>J\u00e1 toti\u017e doopravdy  nejsem.\u00a0<\/p>\n<p>A nikdy nebudu.\u00a0<\/p>\n<p>A nejsem sama.\u00a0<\/p>\n<p>M\u00e1te to taky tak?\u00a0<\/p>\n<h2>Hodnocen\u00ed: 100 %<\/h2>\n<p>Autorka: Jana Sklen\u00e1\u0159ov\u00e1<\/p>\n","protected":false},"excerpt":{"rendered":"<p>Poh\u00e1dkov\u00e9 sv\u011bty Roalda Dahla maj\u00ed sv\u00e9 kouzlo pro mal\u00e9 i velk\u00e9 \u010dten\u00e1\u0159e. \u010cten\u00ed p\u0159\u00edb\u011bh\u016f o Karl\u00edkovi a tov\u00e1rn\u011b na \u010dokol\u00e1du, Obrovi Dobrovi, Chytr\u00e9m panu Li\u0161\u00e1kovi a dal\u0161\u00edch je pouze na vlastn\u00ed nebezpe\u010d\u00ed.  Ale v\u017edy\u0165 to zn\u00e1te. Ur\u010dit\u011b u\u017e jste jim taky propadli.<\/p>\n","protected":false},"author":2,"featured_media":0,"comment_status":"open","ping_status":"open","sticky":false,"template":"","format":"standard","meta":{"_acf_changed":false,"_monsterinsights_skip_tracking":false,"_monsterinsights_sitenote_active":false,"_monsterinsights_sitenote_note":"","_monsterinsights_sitenote_category":0,"_EventAllDay":false,"_EventTimezone":"","_EventStartDate":"","_EventEndDate":"","_EventStartDateUTC":"","_EventEndDateUTC":"","_EventShowMap":false,"_EventShowMapLink":false,"_EventURL":"","_EventCost":"","_EventCostDescription":"","_EventCurrencySymbol":"","_EventCurrencyCode":"","_EventCurrencyPosition":"","_EventDateTimeSeparator":"","_EventTimeRangeSeparator":"","_EventOrganizerID":[],"_EventVenueID":[],"_OrganizerEmail":"","_OrganizerPhone":"","_OrganizerWebsite":"","_VenueAddress":"","_VenueCity":"","_VenueCountry":"","_VenueProvince":"","_VenueState":"","_VenueZip":"","_VenuePhone":"","_VenueURL":"","_VenueStateProvince":"","_VenueLat":"","_VenueLng":"","_VenueShowMap":false,"_VenueShowMapLink":false,"twitterCardType":"","cardImageID":0,"cardImage":"","cardTitle":"","cardDesc":"","cardImageAlt":"","cardPlayer":"","cardPlayerWidth":0,"cardPlayerHeight":0,"cardPlayerStream":"","cardPlayerCodec":"","footnotes":""},"categories":[7],"tags":[],"class_list":["post-3509","post","type-post","status-publish","format-standard","hentry","category-recenze"],"acf":{"related_products":null},"_links":{"self":[{"href":"https:\/\/www.luxor.cz\/blog\/wp-json\/wp\/v2\/posts\/3509","targetHints":{"allow":["GET"]}}],"collection":[{"href":"https:\/\/www.luxor.cz\/blog\/wp-json\/wp\/v2\/posts"}],"about":[{"href":"https:\/\/www.luxor.cz\/blog\/wp-json\/wp\/v2\/types\/post"}],"author":[{"embeddable":true,"href":"https:\/\/www.luxor.cz\/blog\/wp-json\/wp\/v2\/users\/2"}],"replies":[{"embeddable":true,"href":"https:\/\/www.luxor.cz\/blog\/wp-json\/wp\/v2\/comments?post=3509"}],"version-history":[{"count":0,"href":"https:\/\/www.luxor.cz\/blog\/wp-json\/wp\/v2\/posts\/3509\/revisions"}],"wp:attachment":[{"href":"https:\/\/www.luxor.cz\/blog\/wp-json\/wp\/v2\/media?parent=3509"}],"wp:term":[{"taxonomy":"category","embeddable":true,"href":"https:\/\/www.luxor.cz\/blog\/wp-json\/wp\/v2\/categories?post=3509"},{"taxonomy":"post_tag","embeddable":true,"href":"https:\/\/www.luxor.cz\/blog\/wp-json\/wp\/v2\/tags?post=3509"}],"curies":[{"name":"wp","href":"https:\/\/api.w.org\/{rel}","templated":true}]}}