{"id":3388,"date":"2016-06-24T06:53:00","date_gmt":"2016-06-24T04:53:00","guid":{"rendered":"https:\/\/www.luxor.cz\/blog\/nezarazene\/prvni-pripady-komisare-wallandera\/"},"modified":"2023-01-06T14:09:58","modified_gmt":"2023-01-06T13:09:58","slug":"prvni-pripady-komisare-wallandera-1451","status":"publish","type":"post","link":"https:\/\/www.luxor.cz\/blog\/recenze\/prvni-pripady-komisare-wallandera-1451\/","title":{"rendered":"Prvn\u00ed p\u0159\u00edpady komisa\u0159e Wallandera"},"content":{"rendered":"<\/p>\n<\/p>\n<p><span><a href=\"http:\/\/neoluxor.cz\/beletrie\/pyramida--247818\/\" target=\"_blank\" rel=\"noopener\">Pyramidu<\/a><\/span> vydal Henning Mankell v roce 1999 a jak s\u00e1m v p\u0159edmluv\u011b knihy p\u0159edznamen\u00e1v\u00e1, napsal ji na p\u0159\u00e1n\u00ed sv\u00fdch \u010dten\u00e1\u0159\u016f, kte\u0159\u00ed tou\u017eili v\u011bd\u011bt, jak se cel\u00e1 s\u00e9rie o komisa\u0159i Wallanderovi zrodila. A tak Mankell \u00a0prohrabal z\u00e1suvky, pro\u0161el si star\u00e9 z\u00e1pisky na disket\u00e1ch (sic!) a vyhrabal pov\u00eddky, kter\u00e9 do t\u00e9 doby vy\u0161ly v \u010dasopisech. V\u00fdsledkem je kniha s p\u011bti krat\u0161\u00edmi p\u0159\u00edb\u011bhy.<\/p>\n<p>Prvn\u00ed p\u0159\u00edb\u011bh vrac\u00ed \u010dten\u00e1\u0159e na konec \u0161edes\u00e1t\u00fdch let, kdy je Wallanderovi n\u011bco m\u00e1lo p\u0159es dvacet. Tou\u017e\u00ed po kari\u00e9\u0159e detektiva, ale zat\u00edm je jen poch\u016fzk\u00e1\u0159em v Malm\u00f6, kter\u00fd mus\u00ed se sebezap\u0159en\u00edm rozh\u00e1n\u011bt ml\u00e1de\u017e, protestuj\u00edc\u00ed proti v\u00e1lce ve Vietnamu. V kari\u00e9rn\u00edm postupu mu pom\u016f\u017ee n\u00e1hoda \u2013 soused v dom\u011b sp\u00e1ch\u00e1 za podivn\u00fdch okolnost\u00ed sebevra\u017edu. Kurt se pust\u00ed do vlastn\u00edho p\u00e1tr\u00e1n\u00ed a i kdy\u017e se p\u0159i tom s\u00e1m dostane do nebezpe\u010d\u00ed, p\u0159\u00edpad objasn\u00ed. Z\u00edsk\u00e1 nejen vysn\u011bn\u00e9 m\u00edsto na krimin\u00e1lce, ale i srdce sv\u00e9 l\u00e1sky Mony. Je\u0161t\u011b v Malm\u00f6, na \u0160t\u011bdr\u00fd ve\u010der roku 1975, se odehraje i druh\u00fd kr\u00e1tk\u00fd p\u0159\u00edb\u011bh. Zbyl\u00e9 t\u0159i p\u0159\u00edpady pak \u010dten\u00e1\u0159e zavedou do osmdes\u00e1t\u00fdch let, do Ystadu, mal\u00e9ho m\u011bsta, kam se Wallander s man\u017eelkou Monou a dcerou Lindou rozhodli p\u0159est\u011bhovat. V Ystadu na komisa\u0159e a \u0161\u00e9fa krimin\u00e1ln\u00edho odd\u011blen\u00ed \u010dek\u00e1 neobvykl\u00e1 smrt turisty v tax\u00edku, zavra\u017ed\u011bn\u00fd fotograf a tak\u00e9 velmi zaj\u00edmav\u00fd p\u0159\u00edpad, ve kter\u00e9m se sejde havarovan\u00e9 mal\u00e9 letadlo, kter\u00e9 nikomu nechyb\u00ed a dv\u011b zavra\u017ed\u011bn\u00e9 star\u00e9 panny, majitelky galanterie. Krom\u011b vy\u0161et\u0159ov\u00e1n\u00ed sledujeme i nad\u00e1le Wallander\u016fv osobn\u00ed \u017eivot, komplikovan\u00fd vztah s otcem \u010di postupn\u00fd rozpad jeho man\u017eelstv\u00ed. <a href=\"http:\/\/neoluxor.cz\/beletrie\/pyramida--247818\/\" target=\"_blank\" rel=\"noopener\">Pyramida<\/a> kon\u010d\u00ed tam, kde prvn\u00ed d\u00edl cel\u00e9 s\u00e9rie za\u010dal \u2013 na po\u010d\u00e1tku knihy <i>Vrazi bez tv\u00e1\u0159e<\/i>.<\/p>\n<p>A\u010d nem\u00e1m pov\u00eddky moc v oblib\u011b a vlastn\u011b se jim \u00fasp\u011b\u0161n\u011b vyh\u00fdb\u00e1m, v p\u0159\u00edpad\u011b <a href=\"http:\/\/neoluxor.cz\/beletrie\/pyramida--247818\/\" target=\"_blank\" rel=\"noopener\">Pyramidy<\/a> jsem ud\u011blala v\u00fdjimku, kter\u00e9 v\u016fbec nelituji. Naopak. Mus\u00edm konstatovat, \u017ee Henning Mankell dok\u00e1\u017ee rozehr\u00e1t dobr\u00fd p\u0159\u00edb\u011bh i na men\u0161\u00ed plo\u0161e a ani tato \u00faspornost nic neub\u00edr\u00e1 na \u010dtivosti a zaj\u00edmavosti knihy. Vybran\u00e9 krimin\u00e1ln\u00ed p\u0159\u00edpady jsou jako v\u017edy zaj\u00edmav\u00e9 a Wallander je hrdina, kter\u00e9mu prost\u011b mus\u00edte fandit (zvl\u00e1\u0161\u0165, kdy\u017e se zn\u00e1te tak dlouho). V\u011bt\u0161ina p\u0159\u00edb\u011bh\u016f se odehr\u00e1v\u00e1 je\u0161t\u011b p\u0159ed n\u00e1stupem technologick\u00e9 revoluce, p\u0159ipravte se na pevn\u00e9 linky a vyvol\u00e1v\u00e1n\u00ed klasick\u00fdch fotografi\u00ed prost\u0159ednictv\u00edm v\u00fdvojky a ustalova\u010de \u2013 p\u0159\u00edjemn\u00e9 retro. <a href=\"http:\/\/neoluxor.cz\/beletrie\/pyramida--247818\/\" target=\"_blank\" rel=\"noopener\">Pyramida<\/a> nav\u00edc nen\u00ed \u010dist\u00e1 krimin\u00e1lka, i tady se objevuj\u00ed motivy a soci\u00e1ln\u00ed aspekty, kter\u00e9 prol\u00ednaj\u00ed celou s\u00e9ri\u00ed \u2013 p\u0159ist\u011bhovalectv\u00ed, drogy, organizovan\u00fd zlo\u010din, ohro\u017een\u00ed d\u016fv\u011bry v justici, nedostate\u010dn\u00e1 podpora policie. Vlastn\u011b by m\u011b zaj\u00edmalo, jak\u00e9 bylo \u0160v\u00e9dsko p\u0159edt\u00edm, ne\u017e za\u010dal Henning Mankell popisovat jeho prom\u011bnu. Opravdu to b\u00fdvala tak idylick\u00e1 zem\u011b? Anebo je to jen typick\u00e9 genera\u010dn\u00ed vzpom\u00edn\u00e1n\u00ed na star\u00e9 dobr\u00e9 \u010dasy, kdy jsme byli mlad\u00ed? Kniha ka\u017edop\u00e1dn\u011b uspokojuje \u010dten\u00e1\u0159ovu zv\u011bdavost a d\u00e1v\u00e1 odpov\u011bdi na to, jak to vlastn\u011b bylo s Wallanderov\u00fdm osobn\u00edm \u017eivotem \u010di s jeho zran\u011bn\u00edmi, na kter\u00e9 \u010das od \u010dasu v dal\u0161\u00edch knih\u00e1ch p\u0159ijde \u0159e\u010d. Pro milovn\u00edky s\u00e9rie nezbytn\u00fd d\u00edlek cel\u00e9 skl\u00e1danky.<\/p>\n<h2>Hodnocen\u00ed: 90 %<\/h2>\n<p>Autorka: Hana Kub\u00edkov\u00e1<\/p>\n","protected":false},"excerpt":{"rendered":"<p>M\u00e1te r\u00e1di p\u0159\u00edpady komisa\u0159e Kurta Wallandera, kter\u00e9 vypr\u00e1v\u011bj\u00ed nejen o vy\u0161et\u0159ov\u00e1n\u00ed trestn\u00fdch \u010din\u016f, ale i o prom\u011bn\u00e1ch \u0160v\u00e9dska v pr\u016fb\u011bhu \u010dasu? Pak si nenechte uj\u00edt Pyramidu, kde Mankell na n\u011bkolika krat\u0161\u00edch p\u0159\u00edpadech ukazuje, jak to v\u0161echno za\u010dalo\u2026<\/p>\n","protected":false},"author":2,"featured_media":0,"comment_status":"open","ping_status":"open","sticky":false,"template":"","format":"standard","meta":{"_acf_changed":false,"_monsterinsights_skip_tracking":false,"_monsterinsights_sitenote_active":false,"_monsterinsights_sitenote_note":"","_monsterinsights_sitenote_category":0,"_EventAllDay":false,"_EventTimezone":"","_EventStartDate":"","_EventEndDate":"","_EventStartDateUTC":"","_EventEndDateUTC":"","_EventShowMap":false,"_EventShowMapLink":false,"_EventURL":"","_EventCost":"","_EventCostDescription":"","_EventCurrencySymbol":"","_EventCurrencyCode":"","_EventCurrencyPosition":"","_EventDateTimeSeparator":"","_EventTimeRangeSeparator":"","_EventOrganizerID":[],"_EventVenueID":[],"_OrganizerEmail":"","_OrganizerPhone":"","_OrganizerWebsite":"","_VenueAddress":"","_VenueCity":"","_VenueCountry":"","_VenueProvince":"","_VenueState":"","_VenueZip":"","_VenuePhone":"","_VenueURL":"","_VenueStateProvince":"","_VenueLat":"","_VenueLng":"","_VenueShowMap":false,"_VenueShowMapLink":false,"twitterCardType":"","cardImageID":0,"cardImage":"","cardTitle":"","cardDesc":"","cardImageAlt":"","cardPlayer":"","cardPlayerWidth":0,"cardPlayerHeight":0,"cardPlayerStream":"","cardPlayerCodec":"","footnotes":""},"categories":[7],"tags":[],"class_list":["post-3388","post","type-post","status-publish","format-standard","hentry","category-recenze"],"acf":{"related_products":null},"_links":{"self":[{"href":"https:\/\/www.luxor.cz\/blog\/wp-json\/wp\/v2\/posts\/3388","targetHints":{"allow":["GET"]}}],"collection":[{"href":"https:\/\/www.luxor.cz\/blog\/wp-json\/wp\/v2\/posts"}],"about":[{"href":"https:\/\/www.luxor.cz\/blog\/wp-json\/wp\/v2\/types\/post"}],"author":[{"embeddable":true,"href":"https:\/\/www.luxor.cz\/blog\/wp-json\/wp\/v2\/users\/2"}],"replies":[{"embeddable":true,"href":"https:\/\/www.luxor.cz\/blog\/wp-json\/wp\/v2\/comments?post=3388"}],"version-history":[{"count":0,"href":"https:\/\/www.luxor.cz\/blog\/wp-json\/wp\/v2\/posts\/3388\/revisions"}],"wp:attachment":[{"href":"https:\/\/www.luxor.cz\/blog\/wp-json\/wp\/v2\/media?parent=3388"}],"wp:term":[{"taxonomy":"category","embeddable":true,"href":"https:\/\/www.luxor.cz\/blog\/wp-json\/wp\/v2\/categories?post=3388"},{"taxonomy":"post_tag","embeddable":true,"href":"https:\/\/www.luxor.cz\/blog\/wp-json\/wp\/v2\/tags?post=3388"}],"curies":[{"name":"wp","href":"https:\/\/api.w.org\/{rel}","templated":true}]}}