{"id":333834,"date":"2026-09-02T10:19:35","date_gmt":"2026-09-02T08:19:35","guid":{"rendered":"https:\/\/www.luxor.cz\/blog\/?p=333834"},"modified":"2026-09-02T10:19:36","modified_gmt":"2026-09-02T08:19:36","slug":"mohla-by-byt-jeho-dcera-ukazka","status":"publish","type":"post","link":"https:\/\/www.luxor.cz\/blog\/ukazky\/mohla-by-byt-jeho-dcera-ukazka\/","title":{"rendered":"Vir\u00e1ln\u00ed rom\u00e1n o touze i vzteku: Uk\u00e1zka z knihy Mohla by b\u00fdt jeho dcera"},"content":{"rendered":"\n<p><strong>Jennette McCurdy\u00a0sv\u011bt znal jako d\u011btskou hv\u011bzdu \u2013 ov\u0161em jen do chv\u00edle, kdy se svou\u00a0\u0161okuj\u00edc\u00ed autobiografi\u00ed\u00a0<em>Jsem r\u00e1da, \u017ee moje matka zem\u0159ela<\/em>\u00a0nastoupila na spisovatelskou dr\u00e1hu! Nyn\u00ed p\u0159ich\u00e1z\u00ed s\u00a0novinkou:\u00a0<em>Mohla by b\u00fdt jeho dcera\u00a0<\/em>je vir\u00e1ln\u00ed rom\u00e1n o sexu, touze, vzteku a o tom, jak daleko jsme ochotn\u00ed zaj\u00edt, abychom dos\u00e1hli, \u010deho chceme. P\u0159e\u010dt\u011bte si uk\u00e1zku.<\/strong><\/p>\n\n\n\n<p><\/p>\n\n\n\n<p><em>\u201eJsem ztroskotanec,\u201c je prvn\u00ed v\u011bc, kterou n\u00e1m \u0159ekne. \u201eAbsolutn\u00ed ztroskotanec.\u201c<\/em><\/p>\n\n\n\n<p><em>Je to dramatick\u00e9, to ano, ale donut\u00ed m\u011b to p\u0159estat scrollovat, co\u017e nem\u016f\u017eu \u0159\u00edct o \u017e\u00e1dn\u00e9m z ostatn\u00edch u\u010ditel\u016f \u2013 v\u0161ichni se sna\u017e\u00ed vynutit si na\u0161e p\u0159\u00e1telstv\u00ed, kamar\u00e1d\u00ed\u010dkovat se vtipkov\u00e1n\u00edm o \u0159editeli Sandersovi, p\u0159i\u010dem\u017e z ka\u017ed\u00e9ho jejich slova je c\u00edtit strach z postupn\u00e9ho st\u00e1rnut\u00ed, jako by uzn\u00e1n\u00ed p\u00e1r hormon\u00e1ln\u011b rozbou\u0159en\u00fdch p\u0159\u00edslu\u0161n\u00edk\u016f gen Z znamenalo, \u017ee po\u0159\u00e1d maj\u00ed co \u0159\u00edct. \u017de jsou je\u0161t\u011b ve h\u0159e. \u017de je\u0161t\u011b maj\u00ed n\u011bjakou cenu jako lidsk\u00e9 bytosti.<\/em><\/p>\n\n\n\n<p><em>\u201eTohle nebyl m\u016fj sen,\u201c \u0159\u00edk\u00e1 pan Korgy, p\u0159ech\u00e1z\u00ed tam a zp\u00e1tky mezi lavicemi, jeho mokas\u00edny nar\u00e1\u017eej\u00ed na podlahu v hladk\u00fdch, rytmick\u00fdch \u00faderech. \u201eCht\u011bl jsem b\u00fdt spisovatel. Romanopisec. Ale nedok\u00e1zal jsem se vyrovnat s nejistotou, kterou to obn\u00e1\u0161\u00ed. Nedok\u00e1zal jsem p\u0159ijmout prom\u011bnliv\u00e9, nesouvisl\u00e9 pot\u016f\u010dky p\u0159\u00edjm\u016f. Kritick\u00e9 pohledy p\u0159\u00e1tel m\u00fdch rodi\u010d\u016f.<\/em> Jak to jde s rom\u00e1nem, \u0161ampi\u00f3ne?<em> Nejistotu. Vybral jsem si, \u017ee si chci moct dovolit objedn\u00e1vat j\u00eddlo ze sv\u00e9 obl\u00edben\u00e9 thajsk\u00e9 restaurace m\u00edsto \u017eivo\u0159en\u00ed na ramen nudl\u00edch. Vybral jsem si chozen\u00ed s kamar\u00e1dy na z\u00e1pas m\u00edsto toho, abych pos\u00edlal sv\u00e9 pov\u00eddky do \u010dasopis\u016f. Vybral jsem si, \u017ee budu sledovat sv\u016fj obl\u00edben\u00fd seri\u00e1l, m\u00edsto abych dokon\u010dil kostru p\u0159\u00edb\u011bhu. Vybral jsem si pohodl\u00ed m\u00edsto toho, abych vsadil s\u00e1m na sebe.\u201c<\/em><\/p>\n\n\n\n<p><em>Pan Korgy m\u011b za\u010dne okam\u017eit\u011b p\u0159itahovat. Tak n\u00e1hle, \u017ee m\u011b to d\u011bs\u00ed. Tak siln\u011b, \u017ee jsem z toho zmaten\u00e1. Ne \u017ee by byl vysloven\u011b neatraktivn\u00ed. Kdysi to rozhodn\u011b byl sb\u011bratel trofej\u00ed. Kdysi. Ale kouzlo vybledlo. Atrofovalo. Uvadlo vlivem drsn\u00e9ho rozkladu st\u0159edn\u00edho v\u011bku. A te\u010f mu zb\u00fdvaj\u00ed jen hlubok\u00e9 o\u010di a okouzluj\u00edc\u00ed \u00fasm\u011bv, posledn\u00ed zbytky kdysi hezk\u00e9 tv\u00e1\u0159e.<\/em><\/p>\n\n\n\n<p><em>Kluci, se kter\u00fdmi jsem chodila, byli v\u0161ichni p\u011bkn\u00ed. Mo\u017en\u00e1 ne jako hv\u011bzdn\u00fd zad\u00e1k, ale ten typ, co se d\u00edky na\u0161pulen\u00fdm rt\u016fm anebo op\u00e1len\u00e9 poko\u017ece napnut\u00e9 p\u0159es zbrusu nov\u00e9 b\u0159i\u0161\u00e1ky dostane aspo\u0148 p\u00e1r holk\u00e1m do kalhotek. A p\u0159esto je to, co c\u00edt\u00edm k panu Korgymu, intenzivn\u011bj\u0161\u00ed ne\u017e cokoli, co jsem c\u00edtila k nim.<\/em><\/p>\n\n\n\n<p><em>Mo\u017en\u00e1 \u017ee jsou atraktivita a p\u0159ita\u017elivost dv\u011b r\u016fzn\u00e9 v\u011bci. Mo\u017en\u00e1 to, co jsem c\u00edtila d\u0159\u00edv, bylo\u2026 ocen\u011bn\u00ed, za dobrou postavu, obli\u010dej nebo \u00fa\u010des. Za atraktivitu. Mo\u017en\u00e1 je p\u0159ita\u017elivost primitivn\u011bj\u0161\u00ed a ned\u00e1v\u00e1 smysl. N\u011bco, co c\u00edt\u00edte v t\u011ble, nep\u0159em\u00fd\u0161l\u00edte o tom hlavou.<\/em><\/p>\n\n\n\n<p><em>\u201eZaujalo v\u00e1s n\u011bco z toho?\u201c pt\u00e1 se pan Korgy a dojde ke sv\u00e9mu stolu. \u201eA pokud ano, pro\u010d? Ne\u0159ekl jsem nic chytr\u00e9ho, vtipn\u00e9ho, moudr\u00e9ho ani duchapln\u00e9ho. Tak pro\u010d jste najednou za\u010dali d\u00e1vat pozor?\u201c<\/em><\/p>\n\n\n\n<p><em>Vykas\u00e1 si nohavice a op\u0159e se o okraj stolu.<\/em><\/p>\n\n\n\n<p><em>\u201eV\u0161ichni jsme naprogramovan\u00ed tak, abychom souzn\u011bli s pravdou,\u201c \u0159\u00edk\u00e1. \u201eV\u0161ichni po n\u00ed tou\u017e\u00edme, a kdy\u017e ji sly\u0161\u00edme, pozn\u00e1me ji. Navzdory v\u0161em povrchn\u00edm rozhovor\u016fm, tlach\u00e1n\u00ed<\/em><em> a mask\u00e1m ka\u017edodenn\u00edho \u017eivota, na kter\u00e9 jsme si tak zvykli, zoufale tou\u017e\u00edme po tom, co se skr\u00fdv\u00e1 pod nimi. Proto po v\u00e1s v r\u00e1mci \u00fakol\u016f v t\u00e9to t\u0159\u00edd\u011b budu \u017e\u00e1dat, abyste do sv\u00e9 pr\u00e1ce vnesli pravdu. A pokud to po\u017eaduji po v\u00e1s, mysl\u00edm, \u017ee je f\u00e9r d\u00e1t v\u00e1m na opl\u00e1tku to sam\u00e9. Abych \u0161el p\u0159\u00edkladem. Svou pravdou. Pravdou o tom, jak a pro\u010d jsem se dostal sem, kde jsem dnes, dev\u011btat\u0159icetilet\u00fd u\u010ditel posledn\u00edho ro\u010dn\u00edku na st\u0159edn\u00ed \u0161kole West High v Anchorage na Alja\u0161ce. Pravdou o tom, pro\u010d jsem ztroskotanec.\u201c<\/em><\/p>\n\n\n\n<p><em>Moje vagina tepe. Nejde o jeho ne\u00fasp\u011b\u0161nost. Nev\u00edm, \u010d\u00ed vagina by tepala kv\u016fli n\u011b\u010demu takov\u00e9mu. Jde o to, \u017ee je schopn\u00fd se tak s\u00e1m nazvat. \u017de je schopn\u00fd brut\u00e1ln\u00ed up\u0159\u00edmnosti ohledn\u011b sv\u00fdch v\u00fd\u010ditek, sv\u00e9ho postaven\u00ed, sv\u00fdch nedostatk\u016f. Nemaskuje je tak, jak to d\u011blaj\u00ed v\u0161ichni ostatn\u00ed, kdy\u017e p\u0159edst\u00edraj\u00ed, jak je napl\u0148uje pr\u00e1ce od dev\u00edti do p\u011bti a jednou ro\u010dn\u011b dovolen\u00e1 kamkoli, kde byly na Kayaku zrovna slevy. Na to, \u017ee hrd\u011b plat\u00ed v\u010das dan\u011b nebo maj\u00ed v\u017edycky ar\u0161\u00edk zn\u00e1mek v&nbsp;z\u00e1suvce \u201epro p\u0159\u00edpad nouze\u201c hned vedle tuby masti\u010dky na bolest a n\u00e1hradn\u00ed nab\u00edje\u010dky. Tohle je n\u011bkdo, kdo \u010del\u00ed, s hlavou vzty\u010denou, neuspokojiv\u00e9 realit\u011b, do n\u00ed\u017e ho \u017eivot zav\u00e1l, a je ochotn\u00fd b\u00fdt ohledn\u011b toho up\u0159\u00edmn\u00fd a zraniteln\u00fd.<\/em><\/p>\n\n\n\n<p><em>Studuju \u0159\u00eddnouc\u00ed vlasy a p\u00f3ry na nose pana Korgyho. Popraskan\u00e9 \u017eilky rozp\u00ednaj\u00edc\u00ed se po okraj\u00edch jeho nosn\u00edch d\u00edrek. Nev\u00fdraznou \u010delist a vr\u00e1sky kolem o\u010d\u00ed. Jeho takzvan\u011b neatraktivn\u00ed rysy, kter\u00e9 m\u011b tak p\u0159itahuj\u00ed. Je to mu\u010div\u00e9. Opojn\u00e9. Nevyhnuteln\u00e9. Tenhle druh p\u0159ita\u017elivosti. U\u017e v\u00edm, \u017ee ho dostanu, jen nev\u00edm, jak to ud\u011bl\u00e1m.<\/em><\/p>\n\n\n\n<p><\/p>\n\n\n\n<div class=\"wp-block-buttons is-content-justification-center is-layout-flex wp-container-core-buttons-is-layout-1 wp-block-buttons-is-layout-flex\">\n<div class=\"wp-block-button\"><a class=\"wp-block-button__link has-white-color has-vivid-cyan-blue-background-color has-text-color has-background has-link-color wp-element-button\">To si p\u0159e\u010dtu!<\/a><\/div>\n<\/div>\n\n\n\n<p><\/p>\n\n\n\n<div class=\"wp-block-columns is-layout-flex wp-container-core-columns-is-layout-1 wp-block-columns-is-layout-flex\">\n<div class=\"wp-block-column is-vertically-aligned-center is-layout-flow wp-block-column-is-layout-flow\">\n<h2 class=\"wp-block-heading\">O knize:<\/h2>\n\n\n\n<p>Waldo je vyhladov\u011bl\u00e1. Nadr\u017een\u00e1. Prosto\u0159ek\u00e1. Naivn\u00ed. Moudr\u00e1. Impulzivn\u00ed. Osam\u011bl\u00e1. Na\u0161tvan\u00e1. Urputn\u00e1. Ubl\u00ed\u017een\u00e1. Vn\u00edmav\u00e1. Neust\u00e1le n\u011bco chce. A nejv\u00edc ze v\u0161eho chce pana Korgyho, sv\u00e9ho u\u010ditele kreativn\u00edho psan\u00ed, kter\u00fd m\u00e1 \u017eenu a d\u00edt\u011b a hypot\u00e9ku a \u00fa\u010dty, a taky rezignoval na sv\u00e9 sny, jeho vzhled uvad\u00e1 a roste mu b\u0159icho. Sama netu\u0161\u00ed, pro\u010d ho chce. M\u016f\u017ee za to jeho v\u00e1\u0161e\u0148? Jeho \u017eivotn\u00ed zku\u0161enost? To, \u017ee toho v\u00ed tolik o knih\u00e1ch a filmech a o v\u0161em, o \u010dem ona ne? Nebo je to prost\u0161\u00ed a jde o to, jak nepravd\u011bpodobn\u00e1 je mezi nimi chemie, \u017ee jsou sp\u0159\u00edzn\u011bn\u00e9 du\u0161e a stejn\u011b vn\u00edmaj\u00ed sv\u011bt kolem sebe? Nebo jde zkr\u00e1tka o to, \u017ee on ji vid\u00ed, zat\u00edmco nikdo jin\u00fd ne?<\/p>\n<\/div>\n\n\n\n<div class=\"wp-block-column is-layout-flow wp-block-column-is-layout-flow\">\n<figure class=\"wp-block-image size-large\"><a href=\"https:\/\/www.luxor.cz\/v\/2163647\/mohla-by-byt-jeho-dcera\" target=\"_blank\" rel=\" noreferrer noopener\"><img decoding=\"async\" src=\"https:\/\/img.luxor.cz\/detail_big\/1900\/900\/produkty\/9788024960319.webp?cbk=517513\" alt=\"\" title=\"\"><\/a><\/figure>\n<\/div>\n<\/div>\n\n\n\n<p><\/p>\n\n\n\n<div class=\"wp-block-buttons is-content-justification-center is-layout-flex wp-container-core-buttons-is-layout-2 wp-block-buttons-is-layout-flex\">\n<div class=\"wp-block-button\"><a class=\"wp-block-button__link has-white-color has-vivid-cyan-blue-background-color has-text-color has-background has-link-color wp-element-button\" href=\"https:\/\/www.luxor.cz\/v\/2203347\/mohla-by-byt-jeho-dcera\" target=\"_blank\" rel=\"noreferrer noopener\">Chci rad\u011bji e-knihu<\/a><\/div>\n<\/div>\n\n\n\n<p><\/p>\n","protected":false},"excerpt":{"rendered":"<p>Jennette McCurdy\u00a0sv\u011bt znal jako d\u011btskou hv\u011bzdu \u2013 ov\u0161em jen do chv\u00edle, kdy se svou\u00a0\u0161okuj\u00edc\u00ed autobiografi\u00ed\u00a0Jsem r\u00e1da, \u017ee moje matka zem\u0159ela\u00a0nastoupila na spisovatelskou dr\u00e1hu! Nyn\u00ed p\u0159ich\u00e1z\u00ed s\u00a0novinkou:\u00a0Mohla by b\u00fdt jeho dcera\u00a0je [&hellip;]<\/p>\n","protected":false},"author":9,"featured_media":333835,"comment_status":"open","ping_status":"closed","sticky":false,"template":"","format":"standard","meta":{"_acf_changed":false,"_monsterinsights_skip_tracking":false,"_monsterinsights_sitenote_active":false,"_monsterinsights_sitenote_note":"","_monsterinsights_sitenote_category":0,"_EventAllDay":false,"_EventTimezone":"","_EventStartDate":"","_EventEndDate":"","_EventStartDateUTC":"","_EventEndDateUTC":"","_EventShowMap":false,"_EventShowMapLink":false,"_EventURL":"","_EventCost":"","_EventCostDescription":"","_EventCurrencySymbol":"","_EventCurrencyCode":"","_EventCurrencyPosition":"","_EventDateTimeSeparator":"","_EventTimeRangeSeparator":"","_EventOrganizerID":[],"_EventVenueID":[],"_OrganizerEmail":"","_OrganizerPhone":"","_OrganizerWebsite":"","_VenueAddress":"","_VenueCity":"","_VenueCountry":"","_VenueProvince":"","_VenueState":"","_VenueZip":"","_VenuePhone":"","_VenueURL":"","_VenueStateProvince":"","_VenueLat":"","_VenueLng":"","_VenueShowMap":false,"_VenueShowMapLink":false,"twitterCardType":"","cardImageID":0,"cardImage":"","cardTitle":"","cardDesc":"","cardImageAlt":"","cardPlayer":"","cardPlayerWidth":0,"cardPlayerHeight":0,"cardPlayerStream":"","cardPlayerCodec":"","footnotes":""},"categories":[21019],"tags":[20884],"class_list":["post-333834","post","type-post","status-publish","format-standard","has-post-thumbnail","hentry","category-ukazky","tag-ukazka"],"acf":{"related_products":false},"_links":{"self":[{"href":"https:\/\/www.luxor.cz\/blog\/wp-json\/wp\/v2\/posts\/333834","targetHints":{"allow":["GET"]}}],"collection":[{"href":"https:\/\/www.luxor.cz\/blog\/wp-json\/wp\/v2\/posts"}],"about":[{"href":"https:\/\/www.luxor.cz\/blog\/wp-json\/wp\/v2\/types\/post"}],"author":[{"embeddable":true,"href":"https:\/\/www.luxor.cz\/blog\/wp-json\/wp\/v2\/users\/9"}],"replies":[{"embeddable":true,"href":"https:\/\/www.luxor.cz\/blog\/wp-json\/wp\/v2\/comments?post=333834"}],"version-history":[{"count":1,"href":"https:\/\/www.luxor.cz\/blog\/wp-json\/wp\/v2\/posts\/333834\/revisions"}],"predecessor-version":[{"id":333836,"href":"https:\/\/www.luxor.cz\/blog\/wp-json\/wp\/v2\/posts\/333834\/revisions\/333836"}],"wp:featuredmedia":[{"embeddable":true,"href":"https:\/\/www.luxor.cz\/blog\/wp-json\/wp\/v2\/media\/333835"}],"wp:attachment":[{"href":"https:\/\/www.luxor.cz\/blog\/wp-json\/wp\/v2\/media?parent=333834"}],"wp:term":[{"taxonomy":"category","embeddable":true,"href":"https:\/\/www.luxor.cz\/blog\/wp-json\/wp\/v2\/categories?post=333834"},{"taxonomy":"post_tag","embeddable":true,"href":"https:\/\/www.luxor.cz\/blog\/wp-json\/wp\/v2\/tags?post=333834"}],"curies":[{"name":"wp","href":"https:\/\/api.w.org\/{rel}","templated":true}]}}