{"id":332659,"date":"2026-05-01T07:54:00","date_gmt":"2026-05-01T05:54:00","guid":{"rendered":"https:\/\/www.luxor.cz\/blog\/?p=332659"},"modified":"2026-04-30T13:40:22","modified_gmt":"2026-04-30T11:40:22","slug":"svet-knihy-2026-program","status":"publish","type":"post","link":"https:\/\/www.luxor.cz\/blog\/aktuality\/svet-knihy-2026-program\/","title":{"rendered":"Sv\u011bt knihy 2026: Budeme tam i s bohat\u00fdm programem!"},"content":{"rendered":"\n<p><strong>U\u017e zanedlouho za\u010d\u00edn\u00e1 mezin\u00e1rodn\u00ed\u00a0kni\u017en\u00ed veletrh a liter\u00e1rn\u00ed festival Sv\u011bt knihy 2026!\u00a0Ten se letos odehr\u00e1v\u00e1\u00a0ve dnech\u00a014.\u201317. kv\u011btna\u00a0v K\u0159i\u017e\u00edkov\u00fdch pavilonech pra\u017esk\u00e9ho V\u00fdstavi\u0161t\u011b.\u00a0A my tam samoz\u0159ejm\u011b nem\u016f\u017eeme chyb\u011bt. St\u00e1nek knihkupectv\u00ed LUXOR najdete\u00a0v pavilonu E pod \u010d\u00edslem\u00a0KE404\u00a0\u2013 a krom\u011b hromady l\u00e1kav\u00fdch\u00a0knih\u00a0u n\u011bj bude postar\u00e1no tak\u00e9 o bohat\u00fd program!<\/strong><\/p>\n\n\n\n<p><\/p>\n\n\n\n<h2 class=\"wp-block-heading\"><strong>Srde\u010dn\u011b v\u00e1s zveme na n\u00e1sleduj\u00edc\u00ed besedy s autory<\/strong>:<\/h2>\n\n\n\n<p><\/p>\n\n\n\n<h3 class=\"wp-block-heading\">\u010cTVRTEK 14. KV\u011aTNA<\/h3>\n\n\n\n<p><\/p>\n\n\n\n<p>11:00 \u2013&nbsp;<strong>Petra Braunov\u00e1, Barbora Ky\u0161kov\u00e1&nbsp;<\/strong>\u2013 Bibi a Bruno<\/p>\n\n\n\n<p>12:00 \u2013&nbsp;<strong>Ilona \u201eKom\u00e1ra\u201c Kom\u00e1rkov\u00e1<\/strong>&nbsp;\u2013 Legenda o Mr\u0148ousovi<\/p>\n\n\n\n<p>13:00 \u2013&nbsp;<strong>Petra Soukupov\u00e1, Patrik Antczak a host\u00e9<\/strong>&nbsp;\u2013 K\u0159est knihy Kamar\u00e1dov\u00e9 2<\/p>\n\n\n\n<p>14:00 \u2013&nbsp;<strong>Olga Stehl\u00edkov\u00e1, Ren\u00e1ta Fu\u010d\u00edkov\u00e1, Petr Gojda&nbsp;<\/strong>\u2013 U\u017e \u017e\u00e1dn\u00fd ver\u0161e o zv\u00ed\u0159\u00e1tk\u00e1ch<\/p>\n\n\n\n<p>15:00 \u2013&nbsp;<strong>Tereza Marianov\u00e1<\/strong>&nbsp;\u2013 Koniny<\/p>\n\n\n\n<p>16:00 \u2013&nbsp;<strong>Ren\u00e1ta Fu\u010d\u00edkov\u00e1, Robin Kr\u00e1l, Kl\u00e1ra Kozlov\u00e1&nbsp;<\/strong>\u2013 Od ilustrace k poezii a naopak<\/p>\n\n\n\n<p>17:00 \u2013<strong>&nbsp;Magdal\u00e9na St\u00e1rkov\u00e1, Veronika Volhejnov\u00e1, Marcela Nejedl\u00e1&nbsp;<\/strong>\u2013 P\u0159ekladatelsk\u00e9 o\u0159\u00ed\u0161ky v praxi<\/p>\n\n\n\n<p>18:00 \u2013&nbsp;<strong>Kate\u0159ina Surmanov\u00e1, Tom\u00e1\u0161 Sochr&nbsp;<\/strong>\u2013 \u017div\u00e9 nat\u00e1\u010den\u00ed podcastu Zlo\u010din mezi \u0159\u00e1dky<\/p>\n\n\n\n<p><\/p>\n\n\n\n<h3 class=\"wp-block-heading\">P\u00c1TEK 15. KV\u011aTNA<\/h3>\n\n\n\n<p><\/p>\n\n\n\n<p>10:00 \u2013&nbsp;<strong>Petra Nesva\u010dilov\u00e1<\/strong>&nbsp;\u2013 Astrid a eja<\/p>\n\n\n\n<p>11:00 \u2013&nbsp;<strong>Radek Bla\u017eek, Simona Tarabov\u00e1<\/strong>&nbsp;\u2013 Jak vybudovat \u00fasp\u011b\u0161n\u00e9 soci\u00e1ln\u00ed s\u00edt\u011b<\/p>\n\n\n\n<p>12:00 \u2013&nbsp;<strong>Pavla Hub\u00e1lkov\u00e1 a host\u00e9<\/strong>&nbsp;\u2013 Neviditeln\u00e9 \u017eeny ve v\u011bd\u011b<\/p>\n\n\n\n<p>13:00 \u2013&nbsp;<strong>Sv\u011btlana Witowsk\u00e1 a host\u00e9&nbsp;<\/strong>\u2013 Sebe-v\u011bdom\u00e9 \u017eeny inspiruj\u00ed&nbsp;<em>(S\u00e1l Franze Kafky)<\/em><\/p>\n\n\n\n<p>13:00 \u2013&nbsp;<strong>Dorota Ambro\u017eov\u00e1, Al\u017eb\u011bta Stan\u010d\u00e1kov\u00e1, Kl\u00e1ra Vlas\u00e1kov\u00e1&nbsp;<\/strong>\u2013 Literatura krize<\/p>\n\n\n\n<p>14:00 \u2013&nbsp;<strong>Nicole Karr\u00e1ov\u00e1, Petra Votroubkov\u00e1&nbsp;<\/strong>\u2013 Nad\u011bjn\u00e9 autorky \u010desk\u00e9 fantasy<\/p>\n\n\n\n<p>14:00 \u2013&nbsp;<strong>Sv\u011btlana Witowsk\u00e1 a host\u00e9<\/strong>\u2013 Autogrami\u00e1da<em>&nbsp;(St\u00e1nek Luxor, autogrami\u00e1dov\u00fd koutek)<\/em><\/p>\n\n\n\n<p>15:00 \u2013&nbsp;<strong>Luk\u00e1\u0161 Vavre\u010dka, Anna Bolav\u00e1, Kate\u0159in\u011b Surmanov\u00e1, Petra Klabouchov\u00e1, Iva Hadj Moussa, Lucie Luka\u010dovi\u010dov\u00e1, Veronika Fiedlerov\u00e1, Kristina Hlav\u00e1\u010dkov\u00e1, Dalibor V\u00e1cha, Ji\u0159\u00ed B\u0159ezina&nbsp;<\/strong>\u2013 Dlouh\u00e9 st\u00edny<\/p>\n\n\n\n<p>16:00 \u2013&nbsp;<strong>Nina \u0160pit\u00e1ln\u00edkov\u00e1&nbsp;<\/strong>\u2013 Sv\u011bdectv\u00ed o \u017eivot\u011b v KLDR&nbsp;<em>(S\u00e1l Franze Kafky)<\/em><\/p>\n\n\n\n<p>16:00 \u2013&nbsp;<strong>Alexandra Bauerov\u00e1, Ivana Uhl\u00ed\u0159ov\u00e1, Julie Goetzov\u00e1, Barbora Goldmanov\u00e1&nbsp;<\/strong>\u2013 Audiokni\u017en\u00ed fenom\u00e9n Ali Hazelwood<\/p>\n\n\n\n<p>17:00 \u2013&nbsp;<strong>Jakub Kvasni\u010dka, V\u00e1clav Janata, Josef Kl\u00edma, Kate\u0159ina Surmanov\u00e1&nbsp;<\/strong>\u2013 Investigativn\u00ed krimi v literatu\u0159e<\/p>\n\n\n\n<p>17:00 \u2013&nbsp;<strong>Nina \u0160pit\u00e1ln\u00edkov\u00e1<\/strong>&nbsp;\u2013 Autogrami\u00e1da&nbsp;<em>(St\u00e1nek Luxor, autogrami\u00e1dov\u00fd koutek)<\/em><\/p>\n\n\n\n<p>18:00 \u2013&nbsp;<strong>Pavel Kosat\u00edk&nbsp;<\/strong>\u2013 Edvard Bene\u0161: padouch, nebo hrdina?<\/p>\n\n\n\n<p><\/p>\n\n\n\n<h3 class=\"wp-block-heading\">SOBOTA 16. KV\u011aTNA<\/h3>\n\n\n\n<p><\/p>\n\n\n\n<p>10:00 \u2013&nbsp;<strong>Kl\u00e1ra Klocov\u00e1, Michaela \u010cervenkov\u00e1&nbsp;<\/strong>\u2013 Jak se z rukopisu st\u00e1v\u00e1 \u201eYolinka\u201c<\/p>\n\n\n\n<p>11:00 \u2013&nbsp;<strong>Matt Field<\/strong>&nbsp;\u2013 Jsem tu novej&nbsp;<em>(S\u00e1l Franze Kafky)<\/em><\/p>\n\n\n\n<p>11:00 \u2013&nbsp;<strong>Marta Galewska-Kustra, Anna Plasov\u00e1<\/strong>&nbsp;\u2013 P\u00e9\u0165a na v\u00fdlet\u011b v Praze<\/p>\n\n\n\n<p>12:00 \u2013&nbsp;<strong>Matt Field<\/strong>&nbsp;\u2013 Autogrami\u00e1da&nbsp;<em>(St\u00e1nek Luxor)<\/em><\/p>\n\n\n\n<p>12:00 \u2013&nbsp;<strong>Rodrigo Blanco Calder\u00f3n<\/strong>&nbsp;\u2013 Sympatie<em>&nbsp;(S\u00e1l Milana Kundery)<\/em><\/p>\n\n\n\n<p>13:00 \u2013&nbsp;<strong>Martin Moravec, Helena Sov\u00e1kov\u00e1<\/strong>&nbsp;\u2013 Plukovnice lidsk\u00fdch du\u0161\u00ed<\/p>\n\n\n\n<p>13:00 \u2013&nbsp;<strong>Hana T\u0159e\u0161t\u00edkov\u00e1, Kate\u0159ina Hrochov\u00e1, Kate\u0159ina Krobov\u00e1, Lucie Pt\u00e1\u010dkov\u00e1&nbsp;<\/strong>\u2013 IVF a jin\u00e9 netradi\u010dn\u00ed cesty k mate\u0159stv\u00ed<\/p>\n\n\n\n<p>13:00 \u2013&nbsp;<strong>Rodrigo Blanco Calder\u00f3n&nbsp;<\/strong>\u2013 Autogrami\u00e1da (St\u00e1nek Luxor, autogrami\u00e1dov\u00fd koutek)<\/p>\n\n\n\n<p>14:00 \u2013&nbsp;<strong>Cyril D\u011bcka\u0159&nbsp;<\/strong>\u2013 Nej\u010dast\u011bj\u0161\u00ed chyby v l\u00e9\u010db\u011b d\u011bt\u00ed<\/p>\n\n\n\n<p>14:00 \u2013&nbsp;<strong>Martin Moravec, Helena Sov\u00e1kov\u00e1&nbsp;<\/strong>\u2013&nbsp;Autogrami\u00e1da&nbsp;<em>(St\u00e1nek Luxor, autogrami\u00e1dov\u00fd koutek)<\/em><\/p>\n\n\n\n<p>15:00 \u2013&nbsp;<strong>Karol\u00edna Fourov\u00e1, Darina K\u0159iv\u00e1nkov\u00e1&nbsp;<\/strong>\u2013 Nejen o va\u0159en\u00ed<\/p>\n\n\n\n<p>16:00 \u2013&nbsp;<strong>Krist\u00fdna Trpkov\u00e1, Pavel Toupal\u00edk<\/strong>&nbsp;\u2013 P\u0159\u00edb\u011bhy z pitevny<\/p>\n\n\n\n<p>17:00 \u2013&nbsp;<strong>Lucie Mach\u00e1\u010dkov\u00e1, Daniel Krej\u010d\u00edk&nbsp;<\/strong>\u2013 Ze \u017eivota do knihy<\/p>\n\n\n\n<p>17:00 \u2013&nbsp;<strong>Timothy Snyder&nbsp;<\/strong>\u2013&nbsp;Autogrami\u00e1da&nbsp;<em>(St\u00e1nek Luxor, autogrami\u00e1dov\u00fd koutek)<\/em><\/p>\n\n\n\n<p>18:00 \u2013&nbsp;<strong>Ji\u0159\u00ed Kry\u0161tof Jarmar, Vojt\u011bch Hlav\u00e1\u010dek, Jarda Jir\u00e1k, Josef Hol\u00fd&nbsp;<\/strong>\u2013 Jak se d\u011bl\u00e1 podcast<\/p>\n\n\n\n<p><\/p>\n\n\n\n<h3 class=\"wp-block-heading\">NED\u011aLE 17. KV\u011aTNA<\/h3>\n\n\n\n<p><\/p>\n\n\n\n<p>10:00 \u2013&nbsp;<strong>Daniela Krolupperov\u00e1, Ludmila Bakonyi Sellingerov\u00e1, Ester Star\u00e1&nbsp;<\/strong>\u2013 Prvn\u00ed \u010dten\u00ed, to nic nen\u00ed<\/p>\n\n\n\n<p>11:00 \u2013&nbsp;<strong>Mark\u00e9ta Kr\u00e1\u010dmarov\u00e1<\/strong>&nbsp;\u2013 Cesta jako dobrodru\u017estv\u00ed<\/p>\n\n\n\n<p>12:00 \u2013&nbsp;<strong>Iva Pek\u00e1rkov\u00e1<\/strong>&nbsp;\u2013 Pep\u0159ov\u00e9 pocity<\/p>\n\n\n\n<p>13:00 \u2013&nbsp;<strong>Kate\u0159ina Surmanov\u00e1, Petra Klabouchov\u00e1&nbsp;<\/strong>\u2013 K\u0159est knihy Zjeven\u00ed<\/p>\n\n\n\n<p>14:00 \u2013&nbsp;<strong>Tereza Matou\u0161kov\u00e1, Jarmila Ml\u010dou\u0161kov\u00e1, Kristina Hlav\u00e1\u010dkov\u00e1&nbsp;<\/strong>\u2013 Stav\u00edme Fantastick\u00e1 m\u011bsta&nbsp;<em>(S\u00e1l Karla \u010capka)<\/em><\/p>\n\n\n\n<p><\/p>\n","protected":false},"excerpt":{"rendered":"<p>U\u017e zanedlouho za\u010d\u00edn\u00e1 mezin\u00e1rodn\u00ed\u00a0kni\u017en\u00ed veletrh a liter\u00e1rn\u00ed festival Sv\u011bt knihy 2026!\u00a0Ten se letos odehr\u00e1v\u00e1\u00a0ve dnech\u00a014.\u201317. kv\u011btna\u00a0v K\u0159i\u017e\u00edkov\u00fdch pavilonech pra\u017esk\u00e9ho V\u00fdstavi\u0161t\u011b.\u00a0A my tam samoz\u0159ejm\u011b nem\u016f\u017eeme chyb\u011bt. St\u00e1nek knihkupectv\u00ed LUXOR najdete\u00a0v pavilonu [&hellip;]<\/p>\n","protected":false},"author":9,"featured_media":332661,"comment_status":"open","ping_status":"closed","sticky":false,"template":"","format":"standard","meta":{"_acf_changed":false,"_monsterinsights_skip_tracking":false,"_monsterinsights_sitenote_active":false,"_monsterinsights_sitenote_note":"","_monsterinsights_sitenote_category":0,"_EventAllDay":false,"_EventTimezone":"","_EventStartDate":"","_EventEndDate":"","_EventStartDateUTC":"","_EventEndDateUTC":"","_EventShowMap":false,"_EventShowMapLink":false,"_EventURL":"","_EventCost":"","_EventCostDescription":"","_EventCurrencySymbol":"","_EventCurrencyCode":"","_EventCurrencyPosition":"","_EventDateTimeSeparator":"","_EventTimeRangeSeparator":"","_EventOrganizerID":[],"_EventVenueID":[],"_OrganizerEmail":"","_OrganizerPhone":"","_OrganizerWebsite":"","_VenueAddress":"","_VenueCity":"","_VenueCountry":"","_VenueProvince":"","_VenueState":"","_VenueZip":"","_VenuePhone":"","_VenueURL":"","_VenueStateProvince":"","_VenueLat":"","_VenueLng":"","_VenueShowMap":false,"_VenueShowMapLink":false,"twitterCardType":"","cardImageID":0,"cardImage":"","cardTitle":"","cardDesc":"","cardImageAlt":"","cardPlayer":"","cardPlayerWidth":0,"cardPlayerHeight":0,"cardPlayerStream":"","cardPlayerCodec":"","footnotes":""},"categories":[5],"tags":[21616],"class_list":["post-332659","post","type-post","status-publish","format-standard","has-post-thumbnail","hentry","category-aktuality","tag-svet-knihy"],"acf":{"related_products":false},"_links":{"self":[{"href":"https:\/\/www.luxor.cz\/blog\/wp-json\/wp\/v2\/posts\/332659","targetHints":{"allow":["GET"]}}],"collection":[{"href":"https:\/\/www.luxor.cz\/blog\/wp-json\/wp\/v2\/posts"}],"about":[{"href":"https:\/\/www.luxor.cz\/blog\/wp-json\/wp\/v2\/types\/post"}],"author":[{"embeddable":true,"href":"https:\/\/www.luxor.cz\/blog\/wp-json\/wp\/v2\/users\/9"}],"replies":[{"embeddable":true,"href":"https:\/\/www.luxor.cz\/blog\/wp-json\/wp\/v2\/comments?post=332659"}],"version-history":[{"count":3,"href":"https:\/\/www.luxor.cz\/blog\/wp-json\/wp\/v2\/posts\/332659\/revisions"}],"predecessor-version":[{"id":332664,"href":"https:\/\/www.luxor.cz\/blog\/wp-json\/wp\/v2\/posts\/332659\/revisions\/332664"}],"wp:featuredmedia":[{"embeddable":true,"href":"https:\/\/www.luxor.cz\/blog\/wp-json\/wp\/v2\/media\/332661"}],"wp:attachment":[{"href":"https:\/\/www.luxor.cz\/blog\/wp-json\/wp\/v2\/media?parent=332659"}],"wp:term":[{"taxonomy":"category","embeddable":true,"href":"https:\/\/www.luxor.cz\/blog\/wp-json\/wp\/v2\/categories?post=332659"},{"taxonomy":"post_tag","embeddable":true,"href":"https:\/\/www.luxor.cz\/blog\/wp-json\/wp\/v2\/tags?post=332659"}],"curies":[{"name":"wp","href":"https:\/\/api.w.org\/{rel}","templated":true}]}}