{"id":332619,"date":"2026-04-29T12:44:40","date_gmt":"2026-04-29T10:44:40","guid":{"rendered":"https:\/\/www.luxor.cz\/blog\/?p=332619"},"modified":"2026-04-29T14:03:39","modified_gmt":"2026-04-29T12:03:39","slug":"20-sleva-do-narodniho-divadla-pro-cleny-knizniho-klubu","status":"publish","type":"post","link":"https:\/\/www.luxor.cz\/blog\/aktuality\/20-sleva-do-narodniho-divadla-pro-cleny-knizniho-klubu\/","title":{"rendered":"20% sleva do N\u00e1rodn\u00edho divadla pro \u010dleny Kni\u017en\u00edho klubu"},"content":{"rendered":"\n<p><strong>Jste \u010dlenem Kni\u017en\u00edho klubu? Potom pro v\u00e1s m\u00e1me nab\u00eddku zv\u00fdhodn\u011bn\u00fdch p\u0159edstaven\u00ed v&nbsp;N\u00e1rodn\u00edm divadle. Slevu 20 % na vybran\u00e1 p\u0159edstaven\u00ed do konce divadeln\u00ed sezony! Vyu\u017eijte slevov\u00fd k\u00f3d a&nbsp;u\u017eijte si kr\u00e1sn\u00fd kulturn\u00ed ve\u010der.<\/strong><\/p>\n\n\n\n<p><\/p>\n\n\n\n<p><strong>Akce plat\u00ed na p\u0159edstaven\u00ed:<\/strong><\/p>\n\n\n\n<p><\/p>\n\n\n\n<div class=\"wp-block-columns is-layout-flex wp-container-core-columns-is-layout-1 wp-block-columns-is-layout-flex\">\n<div class=\"wp-block-column is-layout-flow wp-block-column-is-layout-flow\" style=\"flex-basis:33.33%\">\n<p><\/p>\n\n\n\n<p><\/p>\n\n\n\n<h2 class=\"wp-block-heading\">MACBETH<\/h2>\n<\/div>\n\n\n\n<div class=\"wp-block-column is-layout-flow wp-block-column-is-layout-flow\" style=\"flex-basis:66.66%\">\n<figure class=\"wp-block-image size-full\"><img fetchpriority=\"high\" decoding=\"async\" width=\"864\" height=\"576\" src=\"https:\/\/www.luxor.cz\/blog\/wp-content\/uploads\/Macbeth-uprav.png\" alt=\"Macbeth - St\u00e1tn\u00ed opera\" class=\"wp-image-332647\" title=\"\" srcset=\"https:\/\/www.luxor.cz\/blog\/wp-content\/uploads\/Macbeth-uprav.png 864w, https:\/\/www.luxor.cz\/blog\/wp-content\/uploads\/Macbeth-uprav-300x200.png 300w, https:\/\/www.luxor.cz\/blog\/wp-content\/uploads\/Macbeth-uprav-768x512.png 768w, https:\/\/www.luxor.cz\/blog\/wp-content\/uploads\/Macbeth-uprav-600x400.png 600w, https:\/\/www.luxor.cz\/blog\/wp-content\/uploads\/Macbeth-uprav-780x520.png 780w\" sizes=\"(max-width: 864px) 100vw, 864px\" \/><figcaption class=\"wp-element-caption\">Macbeth &#8211; St\u00e1tn\u00ed opera<\/figcaption><\/figure>\n<\/div>\n<\/div>\n\n\n\n<div class=\"wp-block-columns is-layout-flex wp-container-core-columns-is-layout-2 wp-block-columns-is-layout-flex\"><\/div>\n\n\n\n<p><strong>ST\u00c1TN\u00cd OPERA<\/strong><\/p>\n\n\n\n<p><strong>Term\u00edny: <\/strong>2. kv\u011btna v&nbsp;18.00 a 27. kv\u011btna v&nbsp;19.00<\/p>\n\n\n\n<p>Verdiho opera <a href=\"https:\/\/www.narodni-divadlo.cz\/cs\/predstaveni\/macbeth-1693571?t=2026-05-27-19-00\" target=\"_blank\" rel=\"noopener\"><strong><em>Macbeth<\/em><\/strong><\/a> p\u0159edstavuje tragick\u00e9 podobenstv\u00ed o tom, jak cti\u017e\u00e1dost ni\u010d\u00ed lidskou du\u0161i. Skladatel p\u0159ed melodi\u00ed up\u0159ednostnil psychologii <em>Shakespearov\u00fdch<\/em> postav: Od prvn\u00edho okam\u017eiku v\u00e1s pohlt\u00ed temn\u00e1 atmosf\u00e9ra hlubok\u00e9 noci, osudov\u00fdch v\u011b\u0161teb a vra\u017eedn\u00fdch intrik. Na sc\u00e9n\u011b o\u017e\u00edv\u00e1 fascinuj\u00edc\u00ed souboj sv\u011bdom\u00ed s ambicemi doprov\u00e1zen\u00fd hlasy \u010darod\u011bjnic.<\/p>\n\n\n\n<p><\/p>\n\n\n\n<p><\/p>\n\n\n\n<p><\/p>\n\n\n\n<div class=\"wp-block-columns is-layout-flex wp-container-core-columns-is-layout-3 wp-block-columns-is-layout-flex\">\n<div class=\"wp-block-column is-layout-flow wp-block-column-is-layout-flow\" style=\"flex-basis:33.33%\">\n<p><\/p>\n\n\n\n<p><\/p>\n\n\n\n<h2 class=\"wp-block-heading\">OTELLO<\/h2>\n<\/div>\n\n\n\n<div class=\"wp-block-column is-layout-flow wp-block-column-is-layout-flow\" style=\"flex-basis:66.66%\">\n<figure class=\"wp-block-image size-large\"><img decoding=\"async\" width=\"1024\" height=\"683\" src=\"https:\/\/www.luxor.cz\/blog\/wp-content\/uploads\/Otello-1024x683.webp\" alt=\"Otello - St\u00e1tn\u00ed opera\" class=\"wp-image-332624\" title=\"\" srcset=\"https:\/\/www.luxor.cz\/blog\/wp-content\/uploads\/Otello-1024x683.webp 1024w, https:\/\/www.luxor.cz\/blog\/wp-content\/uploads\/Otello-300x200.webp 300w, https:\/\/www.luxor.cz\/blog\/wp-content\/uploads\/Otello-768x512.webp 768w, https:\/\/www.luxor.cz\/blog\/wp-content\/uploads\/Otello-1536x1024.webp 1536w, https:\/\/www.luxor.cz\/blog\/wp-content\/uploads\/Otello-600x400.webp 600w, https:\/\/www.luxor.cz\/blog\/wp-content\/uploads\/Otello-1000x667.webp 1000w, https:\/\/www.luxor.cz\/blog\/wp-content\/uploads\/Otello-780x520.webp 780w, https:\/\/www.luxor.cz\/blog\/wp-content\/uploads\/Otello.webp 1800w\" sizes=\"(max-width: 1024px) 100vw, 1024px\" \/><figcaption class=\"wp-element-caption\">Otello &#8211; St\u00e1tn\u00ed opera<\/figcaption><\/figure>\n<\/div>\n<\/div>\n\n\n\n<p><strong>ST\u00c1TN\u00cd OPERA<\/strong><\/p>\n\n\n\n<p><strong>Term\u00edny: <\/strong>3. kv\u011btna v&nbsp;17.00, 6. kv\u011btna v&nbsp;19.00 a 9. kv\u011btna v&nbsp;18.00<\/p>\n\n\n\n<p>L\u00e1ska ve Verdiho <a href=\"https:\/\/www.narodni-divadlo.cz\/cs\/predstaveni\/otello-PKnnKGYVT_a-OIpxz7VAXw\" target=\"_blank\" rel=\"noopener\"><strong><em>Otellov<\/em><\/strong><strong>i<\/strong><\/a> nab\u00fdv\u00e1 podoby ni\u010div\u00e9 s\u00edly, kter\u00e1 se skrze manipulaci a \u017e\u00e1rlivost postupn\u011b m\u011bn\u00ed v&nbsp;tragick\u00e9 \u0161\u00edlenstv\u00ed. Orchestr\u00e1ln\u00ed partitura, mistrovsky vykresluj\u00edc\u00ed bou\u0159i \u017eivl\u016f i bou\u0159i v lidsk\u00e9m nitru, graduje od monument\u00e1ln\u00edch sborov\u00fdch sc\u00e9n a\u017e k&nbsp;mraziv\u00e9mu intimn\u00edmu fin\u00e1le.<strong><u><\/u><\/strong><\/p>\n\n\n\n<p><\/p>\n\n\n\n<p><\/p>\n\n\n\n<p><\/p>\n\n\n\n<div class=\"wp-block-columns is-layout-flex wp-container-core-columns-is-layout-4 wp-block-columns-is-layout-flex\">\n<div class=\"wp-block-column is-layout-flow wp-block-column-is-layout-flow\" style=\"flex-basis:33.33%\">\n<p><\/p>\n\n\n\n<p><\/p>\n\n\n\n<h2 class=\"wp-block-heading\">JEJ\u00cd PASTORKY\u0147A<\/h2>\n<\/div>\n\n\n\n<div class=\"wp-block-column is-layout-flow wp-block-column-is-layout-flow\" style=\"flex-basis:66.66%\">\n<figure class=\"wp-block-image size-large\"><img decoding=\"async\" width=\"1024\" height=\"683\" src=\"https:\/\/www.luxor.cz\/blog\/wp-content\/uploads\/Jeji-pastorkyna-1024x683.webp\" alt=\"Jej\u00ed pastorky\u0148a - N\u00e1rodn\u00ed divadlo\" class=\"wp-image-332621\" title=\"\" srcset=\"https:\/\/www.luxor.cz\/blog\/wp-content\/uploads\/Jeji-pastorkyna-1024x683.webp 1024w, https:\/\/www.luxor.cz\/blog\/wp-content\/uploads\/Jeji-pastorkyna-300x200.webp 300w, https:\/\/www.luxor.cz\/blog\/wp-content\/uploads\/Jeji-pastorkyna-768x512.webp 768w, https:\/\/www.luxor.cz\/blog\/wp-content\/uploads\/Jeji-pastorkyna-1536x1024.webp 1536w, https:\/\/www.luxor.cz\/blog\/wp-content\/uploads\/Jeji-pastorkyna-600x400.webp 600w, https:\/\/www.luxor.cz\/blog\/wp-content\/uploads\/Jeji-pastorkyna-1000x667.webp 1000w, https:\/\/www.luxor.cz\/blog\/wp-content\/uploads\/Jeji-pastorkyna-780x520.webp 780w, https:\/\/www.luxor.cz\/blog\/wp-content\/uploads\/Jeji-pastorkyna.webp 1800w\" sizes=\"(max-width: 1024px) 100vw, 1024px\" \/><figcaption class=\"wp-element-caption\">Jej\u00ed pastorky\u0148a &#8211; N\u00e1rodn\u00ed divadlo<\/figcaption><\/figure>\n<\/div>\n<\/div>\n\n\n\n<p><strong>N\u00c1RODN\u00cd DIVADLO<\/strong><\/p>\n\n\n\n<p><strong>Term\u00edny: <\/strong>5. a 19. \u010dervna v&nbsp;19.00; 13. a 27. \u010dervna v&nbsp;18.00<\/p>\n\n\n\n<p>Jan\u00e1\u010dkova opera <a href=\"https:\/\/www.narodni-divadlo.cz\/cs\/predstaveni\/jeji-pastorkyna-Jf-g1CcVSOWgvmDPYmoYEQ?t=2026-06-05-19-00\" target=\"_blank\" rel=\"noopener\"><strong><em>Jej\u00ed pastorky\u0148a<\/em><\/strong><\/a> pat\u0159\u00ed k nejp\u016fsobiv\u011bj\u0161\u00edm d\u00edl\u016fm sv\u011btov\u00e9ho opern\u00edho reperto\u00e1ru. Dr\u00e1sav\u00e9 drama z moravsk\u00e9ho venkova se zde m\u011bn\u00ed v hluboce lidsk\u00e9 poselstv\u00ed o vin\u011b, trestu a&nbsp;nad\u011bji. Skladatelova unik\u00e1tn\u00ed hudebn\u00ed \u0159e\u010d, inspirovan\u00e1 n\u00e1p\u011bvy lidov\u00fdch p\u00edsn\u00ed, dod\u00e1v\u00e1 p\u0159\u00edb\u011bhu o&nbsp;nelehk\u00e9m osudu Jen\u016ffy a&nbsp;tragick\u00e9m rozhodnut\u00ed Kostelni\u010dky nestrojenou pravdivost a syrovou nal\u00e9havost.<\/p>\n\n\n\n<p><\/p>\n\n\n\n<p><\/p>\n\n\n\n<p><\/p>\n\n\n\n<div class=\"wp-block-columns is-layout-flex wp-container-core-columns-is-layout-5 wp-block-columns-is-layout-flex\">\n<div class=\"wp-block-column is-layout-flow wp-block-column-is-layout-flow\" style=\"flex-basis:33.33%\">\n<p><\/p>\n\n\n\n<p><\/p>\n\n\n\n<h2 class=\"wp-block-heading\">WERHTER<\/h2>\n<\/div>\n\n\n\n<div class=\"wp-block-column is-layout-flow wp-block-column-is-layout-flow\" style=\"flex-basis:66.66%\">\n<figure class=\"wp-block-image size-large\"><img loading=\"lazy\" decoding=\"async\" width=\"801\" height=\"534\" src=\"https:\/\/www.luxor.cz\/blog\/wp-content\/uploads\/Werther-edited.webp\" alt=\"Werther - N\u00e1rodn\u00ed divadlo\" class=\"wp-image-332628\" title=\"\" srcset=\"https:\/\/www.luxor.cz\/blog\/wp-content\/uploads\/Werther-edited.webp 801w, https:\/\/www.luxor.cz\/blog\/wp-content\/uploads\/Werther-edited-300x200.webp 300w, https:\/\/www.luxor.cz\/blog\/wp-content\/uploads\/Werther-edited-768x512.webp 768w, https:\/\/www.luxor.cz\/blog\/wp-content\/uploads\/Werther-edited-600x400.webp 600w, https:\/\/www.luxor.cz\/blog\/wp-content\/uploads\/Werther-edited-780x520.webp 780w\" sizes=\"(max-width: 801px) 100vw, 801px\" \/><figcaption class=\"wp-element-caption\">Werther &#8211; N\u00e1rodn\u00ed divadlo<\/figcaption><\/figure>\n<\/div>\n<\/div>\n\n\n\n<p><strong>N\u00c1RODN\u00cd DIVADLO<\/strong><\/p>\n\n\n\n<p><strong>Term\u00edny: <\/strong>12. a 30. \u010dervna v&nbsp;19.00<\/p>\n\n\n\n<p>Massenete vytvo\u0159il dle Goethovy p\u0159edlohy v ope\u0159e <a href=\"https:\/\/www.narodni-divadlo.cz\/cs\/predstaveni\/werther-opera-1520277\" target=\"_blank\" rel=\"noopener\"><strong><em>Werther<\/em><\/strong><\/a> melancholick\u00e9ho hrdinu, kter\u00fd pozn\u00e1 t\u00edhu zak\u00e1zan\u00e9 l\u00e1sky. Podmaniv\u00e1 hudba s neuv\u011b\u0159itelnou citlivost\u00ed vykresluje ka\u017ed\u00fd z\u00e1chv\u011bv citu, od radostn\u00e9ho vzplanut\u00ed a\u017e po naprostou odevzdanost a zoufalstv\u00ed. Pro div\u00e1ka, kter\u00fd hled\u00e1 v um\u011bn\u00ed hloubku, ladnost a&nbsp;dojemnou s\u00edlu citu, p\u0159edstavuje Werther &nbsp;nezapomenuteln\u00fd kulturn\u00ed z\u00e1\u017eitek.<\/p>\n\n\n\n<p><\/p>\n\n\n\n<p><\/p>\n\n\n\n<p><\/p>\n\n\n\n<div class=\"wp-block-columns is-layout-flex wp-container-core-columns-is-layout-6 wp-block-columns-is-layout-flex\">\n<div class=\"wp-block-column is-layout-flow wp-block-column-is-layout-flow\" style=\"flex-basis:33.33%\">\n<p><\/p>\n\n\n\n<p><\/p>\n\n\n\n<h2 class=\"wp-block-heading\">ORESTEIA<\/h2>\n<\/div>\n\n\n\n<div class=\"wp-block-column is-layout-flow wp-block-column-is-layout-flow\" style=\"flex-basis:66.66%\">\n<figure class=\"wp-block-image size-large\"><img loading=\"lazy\" decoding=\"async\" width=\"1024\" height=\"681\" src=\"https:\/\/www.luxor.cz\/blog\/wp-content\/uploads\/Oresteia-1024x681.webp\" alt=\"Oresteia - N\u00e1rodn\u00ed divadlo\" class=\"wp-image-332623\" title=\"\" srcset=\"https:\/\/www.luxor.cz\/blog\/wp-content\/uploads\/Oresteia-1024x681.webp 1024w, https:\/\/www.luxor.cz\/blog\/wp-content\/uploads\/Oresteia-300x200.webp 300w, https:\/\/www.luxor.cz\/blog\/wp-content\/uploads\/Oresteia-768x511.webp 768w, https:\/\/www.luxor.cz\/blog\/wp-content\/uploads\/Oresteia-1536x1022.webp 1536w, https:\/\/www.luxor.cz\/blog\/wp-content\/uploads\/Oresteia-600x399.webp 600w, https:\/\/www.luxor.cz\/blog\/wp-content\/uploads\/Oresteia-1000x665.webp 1000w, https:\/\/www.luxor.cz\/blog\/wp-content\/uploads\/Oresteia-782x520.webp 782w, https:\/\/www.luxor.cz\/blog\/wp-content\/uploads\/Oresteia.webp 1804w\" sizes=\"(max-width: 1024px) 100vw, 1024px\" \/><figcaption class=\"wp-element-caption\">Oresteia &#8211; N\u00e1rodn\u00ed divadlo<\/figcaption><\/figure>\n<\/div>\n<\/div>\n\n\n\n<p><strong>N\u00c1RODN\u00cd DIVADLO<\/strong><\/p>\n\n\n\n<p><strong>Term\u00edny: <\/strong>4. kv\u011btna a 15. \u010dervna v&nbsp;19.00<\/p>\n\n\n\n<p>Sv\u011bt po v\u00e1le\u010dn\u00e9m konfliktu, sv\u011bt hrdin\u016f a sv\u011bt pora\u017een\u00fdch. Sv\u011bt ob\u011bt\u00ed a cti, a tak\u00e9 sv\u011bt pln\u00fd nov\u00fdch za\u010d\u00e1tk\u016f a nad\u011bje, odpu\u0161t\u011bn\u00ed, v\u00fd\u010ditek, ale i vnit\u0159n\u00edch b\u011bs\u016f, mor\u00e1ln\u00ed viny a nekone\u010dna ot\u00e1zek. O tom je modern\u00ed adaptace antick\u00e9ho dramatu <a href=\"https:\/\/www.narodni-divadlo.cz\/cs\/predstaveni\/oresteia-GibSRkYYT4OVpDf6cevb2A\" target=\"_blank\" rel=\"noopener\"><strong><em>Oresteia<\/em><\/strong><\/a>. <em>Robert Icke<\/em> dok\u00e1zal na p\u016fdorysu v\u00edce ne\u017e dva tis\u00edce let star\u00e9 <em>Aischylovy <\/em>hry vystav\u011bt p\u0159ita\u017elivou a p\u016fsobivou rodinnou s\u00e1gu.<\/p>\n\n\n\n<p><\/p>\n\n\n\n<p><\/p>\n\n\n\n<p><\/p>\n\n\n\n<div class=\"wp-block-columns is-layout-flex wp-container-core-columns-is-layout-7 wp-block-columns-is-layout-flex\">\n<div class=\"wp-block-column is-layout-flow wp-block-column-is-layout-flow\" style=\"flex-basis:33.33%\">\n<p><\/p>\n\n\n\n<p><\/p>\n\n\n\n<h2 class=\"wp-block-heading\">PROM\u011aNY <\/h2>\n<\/div>\n\n\n\n<div class=\"wp-block-column is-layout-flow wp-block-column-is-layout-flow\" style=\"flex-basis:66.66%\">\n<figure class=\"wp-block-image size-large\"><img loading=\"lazy\" decoding=\"async\" width=\"1024\" height=\"683\" src=\"https:\/\/www.luxor.cz\/blog\/wp-content\/uploads\/Promeny-1024x683.webp\" alt=\"Prom\u011bny - St\u00e1tn\u00ed opera\" class=\"wp-image-332625\" title=\"\" srcset=\"https:\/\/www.luxor.cz\/blog\/wp-content\/uploads\/Promeny-1024x683.webp 1024w, https:\/\/www.luxor.cz\/blog\/wp-content\/uploads\/Promeny-300x200.webp 300w, https:\/\/www.luxor.cz\/blog\/wp-content\/uploads\/Promeny-768x512.webp 768w, https:\/\/www.luxor.cz\/blog\/wp-content\/uploads\/Promeny-1536x1024.webp 1536w, https:\/\/www.luxor.cz\/blog\/wp-content\/uploads\/Promeny-600x400.webp 600w, https:\/\/www.luxor.cz\/blog\/wp-content\/uploads\/Promeny-1000x667.webp 1000w, https:\/\/www.luxor.cz\/blog\/wp-content\/uploads\/Promeny-780x520.webp 780w, https:\/\/www.luxor.cz\/blog\/wp-content\/uploads\/Promeny.webp 1800w\" sizes=\"(max-width: 1024px) 100vw, 1024px\" \/><figcaption class=\"wp-element-caption\">Prom\u011bny &#8211; St\u00e1tn\u00ed opera<\/figcaption><\/figure>\n<\/div>\n<\/div>\n\n\n\n<p><strong>ST\u00c1TN\u00cd OPERA<\/strong><\/p>\n\n\n\n<p><strong>Term\u00edny: <\/strong>16. kv\u011btna v&nbsp;19.00<\/p>\n\n\n\n<p>Ovidiovy <a href=\"https:\/\/www.narodni-divadlo.cz\/cs\/predstaveni\/promeny-A60-dJRXTCW7XRdnEFcvKQ?t=2026-05-16-19-00\" target=\"_blank\" rel=\"noopener\"><strong><em>Prom\u011bny<\/em><\/strong><\/a> uv\u00e1d\u011bn\u00e9 na sc\u00e9n\u011b St\u00e1tn\u00ed opery v re\u017eii dua <strong>SKUTR<\/strong> jsou nespoutan\u00fdm proudem m\u00fdt\u016f pln\u00fdch fyzick\u00fdch i metafyzick\u00fdch prom\u011bn. Cyklus notoricky zn\u00e1m\u00fdch p\u0159\u00edb\u011bh\u016f od pohansk\u00e9 verze stvo\u0159en\u00ed sv\u011bta a n\u00e1sledn\u00e9ho souboje Tit\u00e1n\u016f a\u017e po individu\u00e1ln\u00ed osudy dobov\u00fdch hrdin\u016f, boh\u016f \u010di poloboh\u016f, p\u0159edstavuje dnes ji\u017e nejvlastn\u011bj\u0161\u00ed kulturn\u011b-historick\u00e9 podlo\u017e\u00ed z\u00e1padn\u00ed civilizace.<\/p>\n\n\n\n<p><\/p>\n\n\n\n<p><\/p>\n\n\n\n<p><\/p>\n\n\n\n<div class=\"wp-block-columns is-layout-flex wp-container-core-columns-is-layout-8 wp-block-columns-is-layout-flex\">\n<div class=\"wp-block-column is-layout-flow wp-block-column-is-layout-flow\" style=\"flex-basis:33.33%\">\n<p><\/p>\n\n\n\n<p><\/p>\n\n\n\n<h2 class=\"wp-block-heading\">Z\u00c1ZRAK (S)TVO\u0158EN\u00cd<\/h2>\n<\/div>\n\n\n\n<div class=\"wp-block-column is-layout-flow wp-block-column-is-layout-flow\" style=\"flex-basis:66.66%\">\n<figure class=\"wp-block-image size-large\"><img loading=\"lazy\" decoding=\"async\" width=\"1024\" height=\"576\" src=\"https:\/\/www.luxor.cz\/blog\/wp-content\/uploads\/Zazrak-stvoreni-1024x576.webp\" alt=\"Z\u00e1zrak (s)tvo\u0159en\u00ed - Stavovsk\u00e9 divadlo\" class=\"wp-image-332627\" title=\"\" srcset=\"https:\/\/www.luxor.cz\/blog\/wp-content\/uploads\/Zazrak-stvoreni-1024x576.webp 1024w, https:\/\/www.luxor.cz\/blog\/wp-content\/uploads\/Zazrak-stvoreni-300x169.webp 300w, https:\/\/www.luxor.cz\/blog\/wp-content\/uploads\/Zazrak-stvoreni-768x432.webp 768w, https:\/\/www.luxor.cz\/blog\/wp-content\/uploads\/Zazrak-stvoreni-1536x864.webp 1536w, https:\/\/www.luxor.cz\/blog\/wp-content\/uploads\/Zazrak-stvoreni-600x337.webp 600w, https:\/\/www.luxor.cz\/blog\/wp-content\/uploads\/Zazrak-stvoreni-1000x562.webp 1000w, https:\/\/www.luxor.cz\/blog\/wp-content\/uploads\/Zazrak-stvoreni-925x520.webp 925w, https:\/\/www.luxor.cz\/blog\/wp-content\/uploads\/Zazrak-stvoreni.webp 1800w\" sizes=\"(max-width: 1024px) 100vw, 1024px\" \/><figcaption class=\"wp-element-caption\">Z\u00e1zrak (s)tvo\u0159en\u00ed &#8211; Stavovsk\u00e9 divadlo<\/figcaption><\/figure>\n<\/div>\n<\/div>\n\n\n\n<p><strong>STAVOVSK\u00c9 DIVADLO<\/strong><\/p>\n\n\n\n<p><strong>Term\u00edny: 30. \u010dervna 2026 v&nbsp;17.00<\/strong><\/p>\n\n\n\n<p>Poetick\u00e1 inscenace pro d\u011bti i jejich rodi\u010de o k\u0159ehk\u00e9m sv\u011bt\u011b, kter\u00fd si vytv\u00e1\u0159\u00edme sami. Hlavn\u00ed slovo v&nbsp;<a href=\"https:\/\/www.narodni-divadlo.cz\/cs\/predstaveni\/zazrak-stvoreni-14666358\" target=\"_blank\" rel=\"noopener\"><strong><em>Z\u00e1zraku (s)tvo\u0159en\u00ed<\/em><\/strong><\/a> pat\u0159\u00ed pap\u00edru. Hrdina stoj\u00ed na \u00fapln\u00e9m za\u010d\u00e1tku \u2013 se svou fantazi\u00ed a b\u011blostn\u00fdm pap\u00edrem, kter\u00fd se m\u016f\u017ee st\u00e1t \u010d\u00edmkoli. V tom pap\u00edrov\u00e9m se d\u011bj\u00ed opravdu podivn\u00e9 v\u011bci, a kdy\u017e se objev\u00ed jeho hrav\u00ed obyvatel\u00e9, je o dobrodru\u017estv\u00ed postar\u00e1no.<\/p>\n\n\n\n<p><\/p>\n\n\n\n<p><\/p>\n\n\n\n<p><\/p>\n\n\n\n<h2 class=\"wp-block-heading\">WHO CARES?<\/h2>\n\n\n\n<p><strong>ST\u00c1TN\u00cd OPERA<\/strong><\/p>\n\n\n\n<p><strong>Term\u00edny: <\/strong>21. \u010dervna v&nbsp;15.00 a v&nbsp;19.00, 30. \u010dervna a 1. \u010dervence v&nbsp;19.00<\/p>\n\n\n\n<p>Posledn\u00ed baletn\u00ed premi\u00e9ra t\u00e9to sezony <a href=\"https:\/\/www.narodni-divadlo.cz\/cs\/predstaveni\/who-cares-WNCS05GuRkeWv1_9IEtXxw\" target=\"_blank\" rel=\"noopener\"><strong><em>Who Cares?<\/em><\/strong><\/a> je poctou <em>Georgi Balanchinovi<\/em>, jednomu z&nbsp;nejv\u00fdznamn\u011bj\u0161\u00edch choreograf\u016f a zakladateli americk\u00e9ho neoklasick\u00e9ho tance. Zat\u00edmco choreografie <strong>Brahms-Schoenberg Quartet<\/strong> n\u00e1s zavede do aristokratick\u00fdch s\u00e1l\u016f star\u00e9 Evropy pln\u00fdch tradice a noblesy, tituln\u00ed <strong>Who Cares?<\/strong> n\u00e1s okam\u017eit\u011b teleportuje do pulzuj\u00edc\u00edch ulic modern\u00edho Manhattanu. Je to fascinuj\u00edc\u00ed uk\u00e1zka Balanchinova g\u00e9nia.<\/p>\n\n\n\n<p><\/p>\n\n\n\n<p><\/p>\n\n\n\n<h2 class=\"wp-block-heading\"><strong>Slevov\u00fd k\u00f3d: ctenar20<\/strong><\/h2>\n\n\n\n<p><\/p>\n\n\n\n<p>Slevu m\u016f\u017eete uplatnit na<strong> 2 vstupenky na nab\u00edzen\u00e9 term\u00edny p\u0159edstaven\u00ed<\/strong>, a to p\u0159i n\u00e1kupu online na webov\u00fdch str\u00e1nk\u00e1ch <a href=\"http:\/\/www.narodni-divadlo.cz\" target=\"_blank\" rel=\"noopener\">www.narodni-divadlo.cz<\/a><strong>. <\/strong>Po v\u00fdb\u011bru vstupenek v&nbsp;s\u00e1le<strong> v&nbsp;n\u00e1kupn\u00edm ko\u0161\u00edku <\/strong>u&nbsp;ka\u017ed\u00e9 vstupenky<strong> zvolte \u201eVyberte si slevu\u201c <\/strong>a do voln\u00e9ho pol\u00ed\u010dka zadejte k\u00f3d<strong> ctenar20 <\/strong>a&nbsp;<strong>potvr\u010fte tla\u010d\u00edtkem \u201e+\u201c.<\/strong> Sleva v\u00e1m bude automaticky ode\u010dtena. <\/p>\n\n\n\n<p>Vstupenky lze zakoupit i osobn\u011b v&nbsp;pokladn\u00e1ch N\u00e1rodn\u00edho divadla.<\/p>\n\n\n\n<p>Pro v\u00edce informac\u00ed \u010di rezervaci vstupenek n\u00e1s m\u016f\u017eete kontaktovat na telefonn\u00edm \u010d\u00edsle +420&nbsp;224&nbsp;901&nbsp;448 nebo e-mailov\u00e9 adrese: <a href=\"mailto:info@narodni-divadlo.cz\">info@narodni-divadlo.cz<\/a>.<\/p>\n\n\n\n<p>Slevy je mo\u017en\u00e9 uplatnit do vyprod\u00e1n\u00ed vstupenek. Slevy nelze kombinovat s&nbsp;jin\u00fdmi akcemi a&nbsp;slevami.<\/p>\n\n\n\n<p><\/p>\n","protected":false},"excerpt":{"rendered":"<p>Jste \u010dlenem Kni\u017en\u00edho klubu? Potom pro v\u00e1s m\u00e1me nab\u00eddku zv\u00fdhodn\u011bn\u00fdch p\u0159edstaven\u00ed v&nbsp;N\u00e1rodn\u00edm divadle. Slevu 20 % na vybran\u00e1 p\u0159edstaven\u00ed do konce divadeln\u00ed sezony! Vyu\u017eijte slevov\u00fd k\u00f3d a&nbsp;u\u017eijte si kr\u00e1sn\u00fd kulturn\u00ed [&hellip;]<\/p>\n","protected":false},"author":11,"featured_media":332620,"comment_status":"open","ping_status":"closed","sticky":false,"template":"","format":"standard","meta":{"_acf_changed":false,"_monsterinsights_skip_tracking":false,"_monsterinsights_sitenote_active":false,"_monsterinsights_sitenote_note":"","_monsterinsights_sitenote_category":0,"_EventAllDay":false,"_EventTimezone":"","_EventStartDate":"","_EventEndDate":"","_EventStartDateUTC":"","_EventEndDateUTC":"","_EventShowMap":false,"_EventShowMapLink":false,"_EventURL":"","_EventCost":"","_EventCostDescription":"","_EventCurrencySymbol":"","_EventCurrencyCode":"","_EventCurrencyPosition":"","_EventDateTimeSeparator":"","_EventTimeRangeSeparator":"","_EventOrganizerID":[],"_EventVenueID":[],"_OrganizerEmail":"","_OrganizerPhone":"","_OrganizerWebsite":"","_VenueAddress":"","_VenueCity":"","_VenueCountry":"","_VenueProvince":"","_VenueState":"","_VenueZip":"","_VenuePhone":"","_VenueURL":"","_VenueStateProvince":"","_VenueLat":"","_VenueLng":"","_VenueShowMap":false,"_VenueShowMapLink":false,"twitterCardType":"","cardImageID":0,"cardImage":"","cardTitle":"","cardDesc":"","cardImageAlt":"","cardPlayer":"","cardPlayerWidth":0,"cardPlayerHeight":0,"cardPlayerStream":"","cardPlayerCodec":"","footnotes":""},"categories":[5],"tags":[20718,21533],"class_list":["post-332619","post","type-post","status-publish","format-standard","has-post-thumbnail","hentry","category-aktuality","tag-divadlo","tag-narodni-divadlo"],"acf":{"related_products":false},"_links":{"self":[{"href":"https:\/\/www.luxor.cz\/blog\/wp-json\/wp\/v2\/posts\/332619","targetHints":{"allow":["GET"]}}],"collection":[{"href":"https:\/\/www.luxor.cz\/blog\/wp-json\/wp\/v2\/posts"}],"about":[{"href":"https:\/\/www.luxor.cz\/blog\/wp-json\/wp\/v2\/types\/post"}],"author":[{"embeddable":true,"href":"https:\/\/www.luxor.cz\/blog\/wp-json\/wp\/v2\/users\/11"}],"replies":[{"embeddable":true,"href":"https:\/\/www.luxor.cz\/blog\/wp-json\/wp\/v2\/comments?post=332619"}],"version-history":[{"count":15,"href":"https:\/\/www.luxor.cz\/blog\/wp-json\/wp\/v2\/posts\/332619\/revisions"}],"predecessor-version":[{"id":332649,"href":"https:\/\/www.luxor.cz\/blog\/wp-json\/wp\/v2\/posts\/332619\/revisions\/332649"}],"wp:featuredmedia":[{"embeddable":true,"href":"https:\/\/www.luxor.cz\/blog\/wp-json\/wp\/v2\/media\/332620"}],"wp:attachment":[{"href":"https:\/\/www.luxor.cz\/blog\/wp-json\/wp\/v2\/media?parent=332619"}],"wp:term":[{"taxonomy":"category","embeddable":true,"href":"https:\/\/www.luxor.cz\/blog\/wp-json\/wp\/v2\/categories?post=332619"},{"taxonomy":"post_tag","embeddable":true,"href":"https:\/\/www.luxor.cz\/blog\/wp-json\/wp\/v2\/tags?post=332619"}],"curies":[{"name":"wp","href":"https:\/\/api.w.org\/{rel}","templated":true}]}}