{"id":326857,"date":"2026-03-17T10:15:00","date_gmt":"2026-03-17T09:15:00","guid":{"rendered":"https:\/\/www.luxor.cz\/blog\/?p=326857"},"modified":"2026-03-18T13:08:18","modified_gmt":"2026-03-18T12:08:18","slug":"pod-hladinou-ciha-zlo-rozhovor-s-kristynou-trpkovou","status":"publish","type":"post","link":"https:\/\/www.luxor.cz\/blog\/magazin-luxor\/pod-hladinou-ciha-zlo-rozhovor-s-kristynou-trpkovou\/","title":{"rendered":"Pod hladinou \u010d\u00edh\u00e1 zlo: Rozhovor s Krist\u00fdnou Trpkovou"},"content":{"rendered":"\n<p><strong>Rozhovor se spisovatelkou Krist\u00fdnou Trpkovou nejen o jej\u00ed novince Temn\u00e9 b\u0159ehy, kter\u00e1 pr\u00e1v\u011b vych\u00e1z\u00ed. A v\u011b\u0159te tomu, \u017ee jej\u00ed fanou\u0161ci se maj\u00ed na co t\u011b\u0161it.<\/strong><\/p>\n\n\n\n<p><strong>M\u016f\u017eete \u010dten\u00e1\u0159\u016fm nast\u00ednit, do jak\u00e9ho prost\u0159ed\u00ed je zavedete v knize Temn\u00e9 b\u0159ehy?<\/strong><\/p>\n\n\n\n<p>Po \u00fasp\u011bchu trilogie s Laurou Linhartovou a Adamem Bene\u0161em jsem se rozhodla, \u017ee se d\u011bj t\u00e9to knihy je\u0161t\u011b jednou, naposledy vr\u00e1t\u00ed zp\u00e1tky do m\u00fdch rodn\u00fdch Holic, tedy do m\u011bsta, kde za\u010dal i p\u0159\u00edb\u011bh Laury a Adama. M\u00e1 to b\u00fdt trochu symbolick\u00e9. Vet\u0159elec neskon\u010dil \u00fapln\u011b dle p\u0159edstav \u010dten\u00e1\u0159\u016f a spousta z nich si moc p\u0159\u00e1la pokra\u010dov\u00e1n\u00ed, kter\u00e9 jsem jim nemohla d\u00e1t. Z\u00e1rove\u0148 jsem ale m\u011bla pocit, \u017ee jim lep\u0161\u00ed konec dlu\u017e\u00edm. Zvolila jsem proto kompromis a napsala <strong><a href=\"https:\/\/www.luxor.cz\/v\/2113865\/temne-brehy\" target=\"_blank\" rel=\"noreferrer noopener\">Temn\u00e9 b\u0159ehy<\/a><\/strong>, ve kter\u00fdch krom\u011b zn\u00e1m\u00e9ho prost\u0159ed\u00ed naleznou i mnoho odkazu pr\u00e1v\u011b na osud Laury a Adama.<\/p>\n\n\n\n<div class=\"wp-block-columns is-layout-flex wp-container-core-columns-is-layout-1 wp-block-columns-is-layout-flex\">\n<div class=\"wp-block-column is-layout-flow wp-block-column-is-layout-flow\">\n<p><strong>N\u00e1zev thrilleru zn\u00ed sugestivn\u011b. Prozrad\u00edte, k \u010demu odkazuje?<\/strong><\/p>\n\n\n\n<p>Odkazuje ke star\u00e9mu kempu a rybn\u00edku s n\u00e1zvem Hlubok\u00fd, kter\u00fd se skute\u010dn\u011b nach\u00e1z\u00ed na okraji Holic a kde jsem str\u00e1vila velkou \u010d\u00e1st sv\u00e9ho d\u011btstv\u00ed. V minulosti byl hojn\u011b nav\u0161t\u011bvov\u00e1n i zahrani\u010dn\u00edmi turisty, v pr\u016fb\u011bhu let ale bohu\u017eel postupn\u011b zch\u00e1tral. V\u00edc asi prozrazovat nechci. Kdyby ale \u010dten\u00e1\u0159i cht\u011bli nas\u00e1t atmosf\u00e9ru prost\u0159ed\u00ed Temn\u00fdch b\u0159eh\u016f i na\u017eivo, ur\u010dit\u011b mohou kemp kdykoli nav\u0161t\u00edvit.<\/p>\n\n\n\n<p><\/p>\n\n\n\n<div class=\"wp-block-buttons is-layout-flex wp-block-buttons-is-layout-flex\">\n<div class=\"wp-block-button\"><a class=\"wp-block-button__link wp-element-button\" href=\"https:\/\/www.luxor.cz\/v\/2113865\/temne-brehy\" target=\"_blank\" rel=\"noreferrer noopener\"><strong><mark style=\"background-color:rgba(0, 0, 0, 0)\" class=\"has-inline-color has-white-color\">Kniha Temn\u00e9 b\u0159ehy<\/mark><\/strong><\/a><\/div>\n<\/div>\n<\/div>\n\n\n\n<div class=\"wp-block-column is-layout-flow wp-block-column-is-layout-flow\">\n<figure class=\"wp-block-image size-large is-resized\"><img decoding=\"async\" src=\"https:\/\/img.luxor.cz\/detail_big\/1400\/800\/produkty\/9788028411381.webp?cbk=107764\" alt=\"\" style=\"width:279px;height:auto\" title=\"\"><\/figure>\n<\/div>\n<\/div>\n\n\n\n<p><\/p>\n\n\n\n<p><strong>Kdo vlastn\u011b v Temn\u00fdch b\u0159ez\u00edch vy\u0161et\u0159uje?<\/strong><\/p>\n\n\n\n<p>Hlavn\u00ed hrdinkou zde bude komisa\u0159ka Emilie Volfov\u00e1. V ledas\u010dem je ale Laure hodn\u011b podobn\u00e1 a j\u00e1 v\u011b\u0159\u00edm, \u017ee bude na \u010dten\u00e1\u0159e p\u016fsobit z\u010d\u00e1sti stejn\u011b nostalgicky jako na m\u011b, kdy\u017e jsem knihu psala. Je to trochu takov\u00e1 Laura, ale uv\u011bdom\u011blej\u0161\u00ed, dosp\u011blej\u0161\u00ed. Jsem opravdu moc zv\u011bdav\u00e1, jak ji \u010dten\u00e1\u0159i p\u0159ijmou.<\/p>\n\n\n\n<p><\/p>\n\n\n\n<p><strong>Va\u0161e knihy \u010dasto krom\u011b detektivn\u00ed z\u00e1pletky \u0159e\u0161\u00ed i rezonuj\u00edc\u00ed soci\u00e1ln\u00ed t\u00e9mata. Jak to je ve va\u0161\u00ed novince?<\/strong><\/p>\n\n\n\n<p>\u0158ekla bych, \u017ee v tomhle ohledu jsou Temn\u00e9 b\u0159ehy trochu jin\u00e9. Takov\u00e9 komorn\u011bj\u0161\u00ed. Je to i t\u00edm, \u017ee nejde o \u010distou krimin\u00e1lku, ale o mystery-krimi, ve kter\u00e9 se objevuj\u00ed i prvky nadp\u0159irozena, tud\u00ed\u017e ta pozornost, kterou jinde v\u011bnuji soci\u00e1ln\u00edm ot\u00e1zk\u00e1m, se tentokr\u00e1t to\u010d\u00ed sp\u00ed\u0161 okolo z\u00e1hadn\u00e9ho kempu a tajemstv\u00ed, kter\u00e1 skr\u00fdv\u00e1. Jedno spole\u010dnost\u00ed rezonuj\u00edc\u00ed t\u00e9ma tam ale je a mohu prozradit, \u017ee se dot\u00fdk\u00e1 pr\u00e1v\u011b podobn\u00e9ho osudu, kter\u00fd Emilie sd\u00edl\u00ed s Laurou.<\/p>\n\n\n\n<div class=\"wp-block-columns is-layout-flex wp-container-core-columns-is-layout-2 wp-block-columns-is-layout-flex\">\n<div class=\"wp-block-column is-layout-flow wp-block-column-is-layout-flow\">\n<figure class=\"wp-block-image size-large is-resized\"><a href=\"https:\/\/www.luxor.cz\/v\/1818083\/stvura\" target=\"_blank\" rel=\" noreferrer noopener\"><img decoding=\"async\" src=\"https:\/\/img.luxor.cz\/detail_big\/1400\/800\/produkty\/9788024275758.webp?cbk=107764\" alt=\"\" style=\"width:291px;height:auto\" title=\"\"><\/a><\/figure>\n<\/div>\n\n\n\n<div class=\"wp-block-column is-layout-flow wp-block-column-is-layout-flow\">\n<p><strong>P\u0159ed ned\u00e1vnem m\u011bl premi\u00e9ru film Stv\u016fry nato\u010den\u00fd dle motivu va\u0161\u00ed knihy Stv\u016fra (nejlep\u0161\u00ed detektivka roku 2021). Jak se v\u00e1m film l\u00edbil?<\/strong><\/p>\n\n\n\n<p>Mn\u011b se l\u00edbil moc. Kolem sebe v\u00edd\u00e1m \u0159ady autor\u016f, kte\u0159\u00ed jsou z filmov\u00fdch zpracov\u00e1n\u00ed sv\u00fdch d\u011bl ne\u0161\u0165astn\u00ed, automaticky jsem proto i na z\u00e1klad\u011b podobn\u00fdch p\u0159edsudk\u016f o\u010dek\u00e1vala, \u017ee ani m\u011b se <strong><a href=\"https:\/\/www.luxor.cz\/v\/1818083\/stvura\" target=\"_blank\" rel=\"noreferrer noopener\">Stv\u016fry<\/a><\/strong> l\u00edbit nebudou. \u017de to skon\u010d\u00ed \u0161patn\u011b a j\u00e1 budu nespokojen\u00e1 a na\u0161tvan\u00e1. Opak byl ale pravdou a film dopadl nad moje o\u010dek\u00e1v\u00e1n\u00ed. Mysl\u00edm, \u017ee jako autorka jsem si nemohla p\u0159\u00e1t lep\u0161\u00ed v\u00fdsledek.<\/p>\n\n\n\n<p><\/p>\n\n\n\n<div class=\"wp-block-buttons is-layout-flex wp-block-buttons-is-layout-flex\">\n<div class=\"wp-block-button\"><a class=\"wp-block-button__link wp-element-button\" href=\"https:\/\/www.luxor.cz\/v\/1818083\/stvura\" target=\"_blank\" rel=\"noreferrer noopener\"><strong><mark style=\"background-color:rgba(0, 0, 0, 0)\" class=\"has-inline-color has-white-color\">Prohl\u00e9dnout knihu Stv\u016fra<\/mark><\/strong><\/a><\/div>\n<\/div>\n<\/div>\n<\/div>\n\n\n\n<p><\/p>\n\n\n\n<div class=\"wp-block-columns is-layout-flex wp-container-core-columns-is-layout-3 wp-block-columns-is-layout-flex\">\n<div class=\"wp-block-column is-layout-flow wp-block-column-is-layout-flow\">\n<p><strong>A budou se nat\u00e1\u010det dal\u0161\u00ed filmy nebo s\u00e9rie podle n\u00e1m\u011btu va\u0161ich knih?<\/strong><\/p>\n\n\n\n<p>Nechte se p\u0159ekvapit\u2026<\/p>\n\n\n\n<p><strong>\u010cesk\u00e1 detektivka za\u017e\u00edv\u00e1 v posledn\u00edch letech obrovsk\u00fd boom. V \u010dem si mysl\u00edte, \u017ee je specifikum va\u0161ich knih?<\/strong><\/p>\n\n\n\n<p>Popravd\u011b nev\u00edm. J\u00e1 posledn\u00ed roky v\u016fbec ne\u010dtu, tak\u017ee nejsem schopn\u00e1 to objektivn\u011b soudit nebo se porovn\u00e1vat s ostatn\u00edmi. A hlavn\u011b se s nik\u00fdm ani  porovn\u00e1vat nechci. <\/p>\n\n\n\n<p><\/p>\n\n\n\n<div class=\"wp-block-buttons is-layout-flex wp-block-buttons-is-layout-flex\">\n<div class=\"wp-block-button\"><a class=\"wp-block-button__link wp-element-button\" href=\"http:\/\/Prohl\u00e9dnout knihu Vet\u0159elec\" target=\"_blank\" rel=\"noreferrer noopener\"><strong><mark style=\"background-color:rgba(0, 0, 0, 0)\" class=\"has-inline-color has-white-color\">Prohl\u00e9dnout knihu Vet\u0159elec<\/mark><\/strong><\/a><\/div>\n<\/div>\n<\/div>\n\n\n\n<div class=\"wp-block-column is-layout-flow wp-block-column-is-layout-flow\">\n<figure class=\"wp-block-image size-large is-resized\"><img decoding=\"async\" src=\"https:\/\/img.luxor.cz\/detail_big\/1400\/800\/produkty\/9788024286136.webp?cbk=107764\" alt=\"\" style=\"width:297px;height:auto\" title=\"\"><\/figure>\n<\/div>\n<\/div>\n\n\n\n<blockquote class=\"wp-block-quote is-layout-flow wp-block-quote-is-layout-flow\">\n<p><\/p>\n\n\n\n<p>Moje okol\u00ed by ale m\u011blo jasno:<br>\u010dasto si m\u011b toti\u017e dob\u00edr\u00e1 za to, \u017ee ve sv\u00fdch knih\u00e1ch vra\u017ed\u00edm d\u011bti. J\u00e1 si to d\u0159\u00edv neuv\u011bdomovala, ale te\u010f zp\u011btn\u011b, kdy\u017e se ohl\u00e9dnu, tak vid\u00edm, \u017ee opravdu v ka\u017ed\u00e9 m\u00e9 knize p\u0159ijde k \u00fahone n\u011bjak\u00e9 d\u00edt\u011b. A ne, nen\u00ed to frustrace z mate\u0159sk\u00e9! N\u00e1sil\u00ed na d\u011btech se v m\u00fdch knih\u00e1ch objevuje \u010dasto, ale jen proto, \u017ee mnou to t\u00e9ma rezonuje a mysl\u00edm, \u017ee se mu st\u00e1le nev\u011bnuje takov\u00e1 pozornost, jak\u00e1 by m\u011bla.<\/p>\n<\/blockquote>\n\n\n\n<div class=\"wp-block-columns is-layout-flex wp-container-core-columns-is-layout-4 wp-block-columns-is-layout-flex\">\n<div class=\"wp-block-column is-layout-flow wp-block-column-is-layout-flow\">\n<figure class=\"wp-block-image size-large is-resized\"><a href=\"https:\/\/www.luxor.cz\/v\/1816820\/vesnice\" target=\"_blank\" rel=\" noreferrer noopener\"><img decoding=\"async\" src=\"https:\/\/img.luxor.cz\/detail_big\/1400\/800\/produkty\/9788024279800.webp?cbk=107764\" alt=\"\" style=\"width:290px;height:auto\" title=\"\"><\/a><\/figure>\n<\/div>\n\n\n\n<div class=\"wp-block-column is-layout-flow wp-block-column-is-layout-flow\">\n<p><strong>M\u00e1te dej sv\u00fdch knih detailn\u011b nalinkovan\u00fd p\u0159edem, nebo v\u00e1s samotnou n\u011bkdy p\u0159ekvap\u00ed, kam se postavy v p\u0159\u00edb\u011bhu vydaj\u00ed?<\/strong><\/p>\n\n\n\n<p>J\u00e1 jsem typ autora, kter\u00fd mus\u00ed m\u00edt ve v\u011bcech z\u00e1sadn\u00edch pro dej jasno hned od za\u010d\u00e1tku. Detaily se pak t\u0159eba zm\u011bn\u00ed, ale jde opravdu sp\u00ed\u0161 o drobnosti, kter\u00e9 nejsou pro dej samotn\u00fd p\u0159\u00edli\u0161 v\u00fdznamn\u00e9. S t\u00edm hlavn\u00edm, charakterem postav, jejich osudy, u\u017e zpravidla neh\u00fdbu.<\/p>\n\n\n\n<p><\/p>\n\n\n\n<div class=\"wp-block-buttons is-layout-flex wp-block-buttons-is-layout-flex\">\n<div class=\"wp-block-button\"><a class=\"wp-block-button__link wp-element-button\" href=\"https:\/\/www.luxor.cz\/v\/1816820\/vesnice\" target=\"_blank\" rel=\"noreferrer noopener\"><strong><mark style=\"background-color:rgba(0, 0, 0, 0)\" class=\"has-inline-color has-white-color\">Prohl\u00e9dnout knihu Vesnice<\/mark><\/strong><\/a><\/div>\n<\/div>\n<\/div>\n<\/div>\n\n\n\n<div class=\"wp-block-columns is-layout-flex wp-container-core-columns-is-layout-5 wp-block-columns-is-layout-flex\">\n<div class=\"wp-block-column is-layout-flow wp-block-column-is-layout-flow\">\n<p><\/p>\n\n\n\n<p><strong>A v\u00edte v\u017edy p\u0159edem, kdo je vrah?<\/strong><\/p>\n\n\n\n<p>Ano. Pro m\u011b je vrah jedna z hlavn\u00edch v\u011bc\u00ed, ve kter\u00fdch mus\u00edm m\u00edt hned na za\u010d\u00e1tku jasno, a teprve od toho vym\u00fd\u0161l\u00edm dal\u0161\u00ed okolnosti vy\u0161et\u0159ov\u00e1n\u00ed, stopy a podobn\u011b. Je\u0161t\u011b se mi nestalo, \u017ee bych pachatele za pochodu m\u011bnila. N\u011bkomu to t\u0159eba vyhovuje v\u00edc, ale j\u00e1 takhle pracovat neum\u00edm.<\/p>\n\n\n\n<p><\/p>\n\n\n\n<div class=\"wp-block-buttons is-layout-flex wp-block-buttons-is-layout-flex\">\n<div class=\"wp-block-button\"><a class=\"wp-block-button__link wp-element-button\" href=\"https:\/\/www.luxor.cz\/v\/1990966\/nekdo-z-nas\" target=\"_blank\" rel=\"noreferrer noopener\"><strong><mark style=\"background-color:rgba(0, 0, 0, 0)\" class=\"has-inline-color has-white-color\">Prohl\u00e9dnout knihu N\u011bkdo z n\u00e1s<\/mark><\/strong><\/a><\/div>\n<\/div>\n<\/div>\n\n\n\n<div class=\"wp-block-column is-layout-flow wp-block-column-is-layout-flow\">\n<figure class=\"wp-block-image size-large is-resized\"><a href=\"https:\/\/www.luxor.cz\/v\/1990966\/nekdo-z-nas\" target=\"_blank\" rel=\" noreferrer noopener\"><img decoding=\"async\" src=\"https:\/\/img.luxor.cz\/detail_big\/1400\/800\/produkty\/9788024295947.webp?cbk=107764\" alt=\"\" style=\"width:292px;height:auto\" title=\"\"><\/a><\/figure>\n<\/div>\n<\/div>\n\n\n\n<p><\/p>\n\n\n\n<p><strong>Va\u0161e p\u0159\u00edb\u011bhy b\u00fdvaj\u00ed hodn\u011b temn\u00e9 a emo\u010dn\u011b n\u00e1ro\u010dn\u00e9. Jak balancujete mezi profesn\u00edm a poklidn\u00fdm rodinn\u00fdm \u017eivotem? Je pro v\u00e1s t\u011b\u017ek\u00e9 se ze sv\u011bta zlo\u010dinu oprostit a vr\u00e1tit se do b\u011b\u017en\u00e9 reality?<\/strong><\/p>\n\n\n\n<p>D\u0159\u00edv jsem s t\u00edm trochu bojovala, ale dnes u\u017e na\u0161t\u011bst\u00ed ne. Ted v b\u0159eznu jsem slavila \u0161est\u00e9 v\u00fdro\u010d\u00ed ode dne, kdy jsem s psan\u00edm za\u010dala. Za ta l\u00e9ta jsem se nau\u010dila se sebou v tomhle sm\u011bru pracovat a m\u016f\u017eu hrd\u011b prohl\u00e1sit, \u017ee dnes u\u017e um\u00edm odpo\u010d\u00edvat, vypnout. A up\u0159\u00edmn\u011b mysl\u00edm, \u017ee existuj\u00ed psychicky mnohem n\u00e1ro\u010dn\u011bj\u0161\u00ed povol\u00e1n\u00ed.<\/p>\n\n\n\n<p><\/p>\n\n\n\n<div class=\"wp-block-columns is-layout-flex wp-container-core-columns-is-layout-6 wp-block-columns-is-layout-flex\">\n<div class=\"wp-block-column is-layout-flow wp-block-column-is-layout-flow\">\n<figure class=\"wp-block-image size-large is-resized\"><a href=\"https:\/\/www.luxor.cz\/v\/2088492\/smirak\" target=\"_blank\" rel=\" noreferrer noopener\"><img decoding=\"async\" src=\"https:\/\/img.luxor.cz\/detail_big\/1400\/800\/produkty\/9788028404482.webp?cbk=107764\" alt=\"\" style=\"width:318px;height:auto\" title=\"\"><\/a><\/figure>\n<\/div>\n\n\n\n<div class=\"wp-block-column is-layout-flow wp-block-column-is-layout-flow\">\n<p><strong>Krom\u011b psan\u00ed jste aktivn\u00ed i na soci\u00e1ln\u00edch s\u00edt\u00edch, kde komunikujete se \u010dten\u00e1\u0159i. Jak d\u016fle\u017eit\u00e1 je pro v\u00e1s zp\u011btn\u00e1 vazba a ovliv\u0148uje v\u00e1s n\u00e1zor fanou\u0161k\u016f p\u0159i psan\u00ed dal\u0161\u00edch knih?<\/strong><\/p>\n\n\n\n<p>Obvykle ne, ale jak jsem u\u017e zm\u00ednila, zrovna <strong><a href=\"https:\/\/www.luxor.cz\/v\/2113865\/temne-brehy\" target=\"_blank\" rel=\"noreferrer noopener\">Temn\u00e9 b\u0159ehy<\/a><\/strong> vznikly \u010d\u00e1ste\u010dn\u011b na popud fanou\u0161k\u016f Laury a Adama. Zde opravdu \u010dten\u00e1\u0159i sehr\u00e1li d\u016fle\u017eitou roli,<br>proto\u017ee neb\u00fdt jich, n\u00e1pad na tuhle knihu by mo\u017en\u00e1 v\u016fbec nevznikl. P\u0159inejmen\u0161\u00edm osudy hlavn\u00edch hrdinu by byly \u00fapln\u011b jin\u00e9.<\/p>\n\n\n\n<p><\/p>\n\n\n\n<div class=\"wp-block-buttons is-layout-flex wp-block-buttons-is-layout-flex\">\n<div class=\"wp-block-button\"><a class=\"wp-block-button__link wp-element-button\" href=\"https:\/\/www.luxor.cz\/v\/2088492\/smirak\" target=\"_blank\" rel=\"noreferrer noopener\"><strong><mark style=\"background-color:rgba(0, 0, 0, 0)\" class=\"has-inline-color has-white-color\">Prohl\u00e9dnout knihu \u0160m\u00edr\u00e1k<\/mark><\/strong><\/a><\/div>\n<\/div>\n<\/div>\n<\/div>\n\n\n\n<p><\/p>\n\n\n\n<p><strong>Temn\u00e9 b\u0159ehy pr\u00e1v\u011b vych\u00e1zej\u00ed, ale spisovatelsk\u00e1 mysl se m\u00e1lokdy zastav\u00ed. U\u017e pl\u00e1nujete n\u011bco dal\u0161\u00edho?<\/strong><\/p>\n\n\n\n<p>Pl\u00e1nuji a u\u017e m\u00e1m i odevzd\u00e1no. <strong><a href=\"https:\/\/www.luxor.cz\/v\/2113865\/temne-brehy\" target=\"_blank\" rel=\"noreferrer noopener\">Temn\u00e9 b\u0159ehy<\/a><\/strong> jsou sice \u201estand alone\u201c, ale pokud si \u010dten\u00e1\u0159i Emilii obl\u00edb\u00ed a budou se do\u017eadovat pokra\u010dov\u00e1n\u00ed, nevylu\u010duji dal\u0161\u00ed d\u00edly.<\/p>\n\n\n\n<p><em>Rozhovor vy\u0161el v Magaz\u00ednu Luxor 2026. Jeho autorkou je Pavla Sta\u0148kov\u00e1.<\/em><\/p>\n","protected":false},"excerpt":{"rendered":"<p>Rozhovor se spisovatelkou Krist\u00fdnou Trpkovou nejen o jej\u00ed novince Temn\u00e9 b\u0159ehy, kter\u00e1 pr\u00e1v\u011b vych\u00e1z\u00ed. A v\u011b\u0159te tomu, \u017ee jej\u00ed fanou\u0161ci se maj\u00ed na co t\u011b\u0161it. M\u016f\u017eete \u010dten\u00e1\u0159\u016fm nast\u00ednit, do jak\u00e9ho [&hellip;]<\/p>\n","protected":false},"author":13,"featured_media":326937,"comment_status":"open","ping_status":"closed","sticky":false,"template":"","format":"standard","meta":{"_acf_changed":false,"_monsterinsights_skip_tracking":false,"_monsterinsights_sitenote_active":false,"_monsterinsights_sitenote_note":"","_monsterinsights_sitenote_category":0,"_EventAllDay":false,"_EventTimezone":"","_EventStartDate":"","_EventEndDate":"","_EventStartDateUTC":"","_EventEndDateUTC":"","_EventShowMap":false,"_EventShowMapLink":false,"_EventURL":"","_EventCost":"","_EventCostDescription":"","_EventCurrencySymbol":"","_EventCurrencyCode":"","_EventCurrencyPosition":"","_EventDateTimeSeparator":"","_EventTimeRangeSeparator":"","_EventOrganizerID":[],"_EventVenueID":[],"_OrganizerEmail":"","_OrganizerPhone":"","_OrganizerWebsite":"","_VenueAddress":"","_VenueCity":"","_VenueCountry":"","_VenueProvince":"","_VenueState":"","_VenueZip":"","_VenuePhone":"","_VenueURL":"","_VenueStateProvince":"","_VenueLat":"","_VenueLng":"","_VenueShowMap":false,"_VenueShowMapLink":false,"twitterCardType":"","cardImageID":0,"cardImage":"","cardTitle":"","cardDesc":"","cardImageAlt":"","cardPlayer":"","cardPlayerWidth":0,"cardPlayerHeight":0,"cardPlayerStream":"","cardPlayerCodec":"","footnotes":""},"categories":[21655,8],"tags":[18344],"class_list":["post-326857","post","type-post","status-publish","format-standard","has-post-thumbnail","hentry","category-magazin-luxor","category-rozhovor","tag-rozhovor"],"acf":{"related_products":false},"_links":{"self":[{"href":"https:\/\/www.luxor.cz\/blog\/wp-json\/wp\/v2\/posts\/326857","targetHints":{"allow":["GET"]}}],"collection":[{"href":"https:\/\/www.luxor.cz\/blog\/wp-json\/wp\/v2\/posts"}],"about":[{"href":"https:\/\/www.luxor.cz\/blog\/wp-json\/wp\/v2\/types\/post"}],"author":[{"embeddable":true,"href":"https:\/\/www.luxor.cz\/blog\/wp-json\/wp\/v2\/users\/13"}],"replies":[{"embeddable":true,"href":"https:\/\/www.luxor.cz\/blog\/wp-json\/wp\/v2\/comments?post=326857"}],"version-history":[{"count":7,"href":"https:\/\/www.luxor.cz\/blog\/wp-json\/wp\/v2\/posts\/326857\/revisions"}],"predecessor-version":[{"id":326938,"href":"https:\/\/www.luxor.cz\/blog\/wp-json\/wp\/v2\/posts\/326857\/revisions\/326938"}],"wp:featuredmedia":[{"embeddable":true,"href":"https:\/\/www.luxor.cz\/blog\/wp-json\/wp\/v2\/media\/326937"}],"wp:attachment":[{"href":"https:\/\/www.luxor.cz\/blog\/wp-json\/wp\/v2\/media?parent=326857"}],"wp:term":[{"taxonomy":"category","embeddable":true,"href":"https:\/\/www.luxor.cz\/blog\/wp-json\/wp\/v2\/categories?post=326857"},{"taxonomy":"post_tag","embeddable":true,"href":"https:\/\/www.luxor.cz\/blog\/wp-json\/wp\/v2\/tags?post=326857"}],"curies":[{"name":"wp","href":"https:\/\/api.w.org\/{rel}","templated":true}]}}