{"id":326851,"date":"2026-03-12T17:09:36","date_gmt":"2026-03-12T16:09:36","guid":{"rendered":"https:\/\/www.luxor.cz\/blog\/?p=326851"},"modified":"2026-03-12T17:09:38","modified_gmt":"2026-03-12T16:09:38","slug":"feministicke-cteni","status":"publish","type":"post","link":"https:\/\/www.luxor.cz\/blog\/knizni-zajimavosti\/feministicke-cteni\/","title":{"rendered":"Women&#8217;s History Month: 8 tip\u016f na feministick\u00e9 \u010dten\u00ed, kter\u00e9 v\u00e1s inspiruje i na\u0161tve"},"content":{"rendered":"\n<p><strong>B\u0159ezen se ka\u017edoro\u010dn\u011b nese v\u00a0duchu oslav \u017een. Zat\u00edmco u n\u00e1s se 8. 3. v\u00a0kv\u011btin\u00e1\u0159stv\u00edch stoj\u00ed z\u00e1stupy na kv\u011btiny k\u00a0MD\u017d, v\u00a0mnoha zem\u00edch se cel\u00fd m\u011bs\u00edc slav\u00ed Women&#8217;s History Month. My si pro v\u00e1s p\u0159i t\u00e9 p\u0159\u00edle\u017eitosti p\u0159ipravili tipy na knihy oslavuj\u00edc\u00ed s\u00edlu \u017een \u2013 a tak\u00e9 na ty, kter\u00e9 poukazuj\u00ed na fakt, \u017ee k\u00a0genderov\u00e9 rovnosti vede je\u0161t\u011b dlouh\u00e1 cesta.<\/strong><\/p>\n\n\n\n<p><\/p>\n\n\n\n<h2 class=\"wp-block-heading\"><a href=\"https:\/\/www.luxor.cz\/v\/2023043\/neviditelne-zeny\" data-type=\"link\" data-id=\"https:\/\/www.luxor.cz\/v\/2023043\/neviditelne-zeny\" target=\"_blank\" rel=\"noreferrer noopener\">Caroline Criado Perez \u2013 Neviditeln\u00e9 \u017eeny<\/a><\/h2>\n\n\n\n<p><\/p>\n\n\n\n<blockquote class=\"wp-block-quote is-layout-flow wp-block-quote-is-layout-flow\">\n<p>Jak se n\u00e1m \u017eije ve sv\u011bt\u011b, kter\u00fd pova\u017euje mu\u017ee za standard a \u017eeny za atypick\u00e9? A pro\u010d za to \u017eeny plat\u00ed sv\u00fdm \u010dasem, pen\u011bzi a \u010dasto i \u017eivotem?<\/p>\n<\/blockquote>\n\n\n\n<p><\/p>\n\n\n\n<div class=\"wp-block-columns is-layout-flex wp-container-core-columns-is-layout-1 wp-block-columns-is-layout-flex\">\n<div class=\"wp-block-column is-layout-flow wp-block-column-is-layout-flow\">\n<figure class=\"wp-block-image size-large\"><img fetchpriority=\"high\" decoding=\"async\" width=\"649\" height=\"1024\" src=\"https:\/\/www.luxor.cz\/blog\/wp-content\/uploads\/neviditelne-zeny-649x1024.jpeg\" alt=\"\" class=\"wp-image-326852\" title=\"\" srcset=\"https:\/\/www.luxor.cz\/blog\/wp-content\/uploads\/neviditelne-zeny-649x1024.jpeg 649w, https:\/\/www.luxor.cz\/blog\/wp-content\/uploads\/neviditelne-zeny-190x300.jpeg 190w, https:\/\/www.luxor.cz\/blog\/wp-content\/uploads\/neviditelne-zeny-768x1212.jpeg 768w, https:\/\/www.luxor.cz\/blog\/wp-content\/uploads\/neviditelne-zeny-973x1536.jpeg 973w, https:\/\/www.luxor.cz\/blog\/wp-content\/uploads\/neviditelne-zeny-1297x2048.jpeg 1297w, https:\/\/www.luxor.cz\/blog\/wp-content\/uploads\/neviditelne-zeny-600x947.jpeg 600w, https:\/\/www.luxor.cz\/blog\/wp-content\/uploads\/neviditelne-zeny-1000x1579.jpeg 1000w, https:\/\/www.luxor.cz\/blog\/wp-content\/uploads\/neviditelne-zeny-329x520.jpeg 329w, https:\/\/www.luxor.cz\/blog\/wp-content\/uploads\/neviditelne-zeny.jpeg 1571w\" sizes=\"(max-width: 649px) 100vw, 649px\" \/><\/figure>\n<\/div>\n\n\n\n<div class=\"wp-block-column is-vertically-aligned-center is-layout-flow wp-block-column-is-layout-flow\">\n<p>Za\u010dneme p\u011bkn\u011b zhurta. Tato kniha v\u00e1s toti\u017e sice informa\u010dn\u011b obohat\u00ed, ale taky po\u0159\u00e1dn\u011b rozho\u0159\u010d\u00ed! Autorka v\u00a0n\u00ed mapuje,<strong>\u00a0jak jsou pot\u0159eby \u017een v sou\u010dasn\u00e9 dob\u011b ve spole\u010dnosti r\u016fzn\u00fdmi zp\u016fsoby opom\u00edjeny.\u00a0<\/strong>Vych\u00e1z\u00ed p\u0159itom z cel\u00e9 \u0159ady p\u0159\u00edpadov\u00fdch studi\u00ed, p\u0159\u00edb\u011bh\u016f a v\u00fdzkum\u016f z cel\u00e9ho sv\u011bta. A tak se dozv\u00edte, \u017ee je mu\u017esk\u00fdm t\u011bl\u016fm a pot\u0159eb\u00e1m uzp\u016fsoben\u00e1 t\u0159eba optim\u00e1ln\u00ed teplota v\u00a0kancel\u00e1\u0159i, velikost mobiln\u00edch telefon\u016f, ve\u0159ejn\u00e9 z\u00e1chody i uspo\u0159\u00e1d\u00e1n\u00ed m\u011bsta. A taky \u017ee v\u011bt\u0161ina l\u00e9k\u016f nebyla testovan\u00e1 na \u017een\u00e1ch \u2013 p\u0159ece si nebudeme v\u00fdzkum komplikovat jejich slo\u017eit\u00fdm hormon\u00e1ln\u00edm syst\u00e9mem\u2026<\/p>\n<\/div>\n<\/div>\n\n\n\n<p><\/p>\n\n\n\n<h2 class=\"wp-block-heading\"><a href=\"https:\/\/www.luxor.cz\/v\/2165845\/veci-dejiny-zen-ve-stovce-predmet\" data-type=\"link\" data-id=\"https:\/\/www.luxor.cz\/v\/2165845\/veci-dejiny-zen-ve-stovce-predmet\" target=\"_blank\" rel=\"noreferrer noopener\">Annabelle Hirsch \u2013 V\u011bci<\/a><\/h2>\n\n\n\n<p><\/p>\n\n\n\n<blockquote class=\"wp-block-quote is-layout-flow wp-block-quote-is-layout-flow\">\n<p>\u017deny nikdy nest\u00e1ly stranou historie, pouze jim nebyla v\u011bnov\u00e1na pozornost.<\/p>\n<\/blockquote>\n\n\n\n<p><\/p>\n\n\n\n<div class=\"wp-block-columns is-layout-flex wp-container-core-columns-is-layout-2 wp-block-columns-is-layout-flex\">\n<div class=\"wp-block-column is-vertically-aligned-center is-layout-flow wp-block-column-is-layout-flow\">\n<p>D\u011bjiny se daj\u00ed vypr\u00e1v\u011bt r\u016fzn\u011b \u2013 spole\u010dnost si je ale obvykle p\u0159ipom\u00edn\u00e1 pomoc\u00ed vyhran\u00fdch bitev, v\u00fdznamn\u00fdch \u00famluv, st\u0159\u00edd\u00e1n\u00ed panovn\u00edk\u016f a historick\u00fdch zvrat\u016f. Annabelle Hirsch si ale vybrala \u00fapln\u011b jinou formu: <strong>Vybrala 100 p\u0159edm\u011bt\u016f, kter\u00e9 pat\u0159ily nebo byly ur\u010deny \u017een\u00e1m a kter\u00e9 hovo\u0159\u00ed o \u017eensk\u00e9 ka\u017edodennosti i o velk\u00fdch ud\u00e1lostech. <\/strong>N\u011bkter\u00e9 zvou do soukrom\u00e9ho, intimn\u00edho prostoru, jin\u00e9 symbolizuj\u00ed z\u00e1sadn\u00ed \u017eensk\u00e1 hnut\u00ed, dal\u0161\u00ed zase konkr\u00e9tn\u00ed \u017eeny. Do jednoho v\u0161ak ukazuj\u00ed, \u017ee role\u00a0\u017een v d\u011bjin\u00e1ch byla mnohem aktivn\u011bj\u0161\u00ed a rozmanit\u011bj\u0161\u00ed, ne\u017e si mysl\u00edme.<\/p>\n<\/div>\n\n\n\n<div class=\"wp-block-column is-layout-flow wp-block-column-is-layout-flow\">\n<figure class=\"wp-block-image size-large\"><a href=\"https:\/\/www.luxor.cz\/v\/2165845\/veci-dejiny-zen-ve-stovce-predmet\" target=\"_blank\" rel=\" noreferrer noopener\"><img decoding=\"async\" src=\"https:\/\/img.luxor.cz\/detail_big\/1900\/900\/produkty\/9788027527922.webp?cbk=107764\" alt=\"\" title=\"\"><\/a><\/figure>\n<\/div>\n<\/div>\n\n\n\n<p><\/p>\n\n\n\n<h2 class=\"wp-block-heading\"><a href=\"https:\/\/www.luxor.cz\/v\/2168779\/oda-na-zivot-hanba-musi-zmenit-strany\" target=\"_blank\" rel=\"noreferrer noopener\">Gis\u00e8le Pelicot \u2013 \u00d3da na \u017eivot<\/a><\/h2>\n\n\n\n<p><\/p>\n\n\n\n<blockquote class=\"wp-block-quote is-layout-flow wp-block-quote-is-layout-flow\">\n<p>Hanba mus\u00ed zm\u011bnit strany.<\/p>\n<\/blockquote>\n\n\n\n<p><\/p>\n\n\n\n<div class=\"wp-block-columns is-layout-flex wp-container-core-columns-is-layout-3 wp-block-columns-is-layout-flex\">\n<div class=\"wp-block-column is-layout-flow wp-block-column-is-layout-flow\">\n<figure class=\"wp-block-image size-large\"><a href=\"https:\/\/www.luxor.cz\/v\/2168779\/oda-na-zivot-hanba-musi-zmenit-strany\" target=\"_blank\" rel=\" noreferrer noopener\"><img decoding=\"async\" src=\"https:\/\/img.luxor.cz\/detail_big\/1900\/900\/produkty\/9788075553096.webp?cbk=107764\" alt=\"\" title=\"\"><\/a><\/figure>\n<\/div>\n\n\n\n<div class=\"wp-block-column is-vertically-aligned-center is-layout-flow wp-block-column-is-layout-flow\">\n<p>\u017dena, kter\u00e1 se odm\u00edtla styd\u011bt \u2013 to je <strong>Gis\u00e8le Pelicot, jej\u00ed\u017e p\u0159\u00edb\u011bh a n\u00e1sledn\u00fd soudn\u00ed proces z\u00e1sadn\u011b zm\u011bnil debatu o sexu\u00e1ln\u00edm n\u00e1sil\u00ed, vin\u011b a odpov\u011bdnosti. <\/strong>Man\u017eela, s n\u00edm\u017e str\u00e1vila pades\u00e1t let, p\u0159istihla ostraha supermarketu p\u0159i nat\u00e1\u010den\u00ed z\u00e1b\u011br\u016f pod sukn\u011bmi \u017een. N\u00e1sledn\u00e9 vy\u0161et\u0159ov\u00e1n\u00ed odhalilo, \u017ee Dominique sv\u00e9 \u017een\u011b dev\u011bt let tajn\u011b pod\u00e1val omamn\u00e9 l\u00e1tky, v bezv\u011bdom\u00ed ji zn\u00e1sil\u0148oval a do jejich domova zval des\u00edtky ciz\u00edch mu\u017e\u016f, aby ji zneu\u017e\u00edvali tak\u00e9. To v\u0161e nav\u00edc dokumentoval. Gis\u00e8le Pelicot se rozhodla k\u00a0netradi\u010dn\u00edmu kroku: \u201eTo oni mus\u00ed zahanben\u011b sklonit hlavu, ne j\u00e1,\u201c prohl\u00e1sila a otev\u0159ela soudn\u00ed jedn\u00e1n\u00ed ve\u0159ejnosti. P\u0159e\u010dt\u011bte si jej\u00ed memo\u00e1ry!<\/p>\n<\/div>\n<\/div>\n\n\n\n<p><\/p>\n\n\n\n<h2 class=\"wp-block-heading\"><a href=\"https:\/\/www.luxor.cz\/v\/1934641\/v-pasti-pohlavi\" data-type=\"link\" data-id=\"https:\/\/www.luxor.cz\/v\/1934641\/v-pasti-pohlavi\" target=\"_blank\" rel=\"noreferrer noopener\">Silvie Lauder \u2013 V\u00a0pasti pohlav\u00ed<\/a><\/h2>\n\n\n\n<p><\/p>\n\n\n\n<blockquote class=\"wp-block-quote is-layout-flow wp-block-quote-is-layout-flow\">\n<p>B\u00fdt \u017eenou v \u010cesku nen\u00ed jednoduch\u00e9. Ale mohlo by!<\/p>\n<\/blockquote>\n\n\n\n<p><\/p>\n\n\n\n<div class=\"wp-block-columns is-layout-flex wp-container-core-columns-is-layout-4 wp-block-columns-is-layout-flex\">\n<div class=\"wp-block-column is-vertically-aligned-center is-layout-flow wp-block-column-is-layout-flow\">\n<p>Rovnost pohlav\u00ed u\u017e p\u0159ece m\u00e1me, tak co je\u0161t\u011b chceme? <strong>Novin\u00e1\u0159ka Silvie Lauder v knize <em>V pasti pohlav\u00ed <\/em>popisuje, na \u010dem se \u017eensk\u00e1 emancipace v \u010cesku zadrhla. <\/strong>Sice jsme p\u0159ijali za samoz\u0159ejm\u00e9, \u017ee \u017eeny mohou volit, v\u00a0politice ale po\u0159\u00e1d chyb\u00ed \u2013 a kdy\u017e u\u017e se tam dostanou, je\u0161t\u011b po\u0159\u00e1d se setk\u00e1vaj\u00ed s\u00a0ot\u00e1zkou, kdo jim hl\u00edd\u00e1 d\u011bti. Stejn\u011b tak mohou zast\u00e1vat jakoukoliv pracovn\u00ed pozici, pokud je ov\u0161em nezastav\u00ed slo\u017eit\u00e9 obdob\u00ed n\u00e1vratu do pr\u00e1ce po mate\u0159sk\u00e9. Nedej bo\u017ee, pokud \u017eena d\u011bti nem\u00e1 a nechce\u2026 Jak\u00e9 to m\u00e1 n\u00e1sledky nejen pro \u017eeny, ale i celou spole\u010dnost?<\/p>\n<\/div>\n\n\n\n<div class=\"wp-block-column is-layout-flow wp-block-column-is-layout-flow\">\n<figure class=\"wp-block-image size-large\"><a href=\"https:\/\/www.luxor.cz\/v\/1934641\/v-pasti-pohlavi\" target=\"_blank\" rel=\" noreferrer noopener\"><img decoding=\"async\" width=\"658\" height=\"1024\" src=\"https:\/\/www.luxor.cz\/blog\/wp-content\/uploads\/v-pasti-pohlavi-658x1024.jpeg\" alt=\"\" class=\"wp-image-326853\" title=\"\" srcset=\"https:\/\/www.luxor.cz\/blog\/wp-content\/uploads\/v-pasti-pohlavi-658x1024.jpeg 658w, https:\/\/www.luxor.cz\/blog\/wp-content\/uploads\/v-pasti-pohlavi-193x300.jpeg 193w, https:\/\/www.luxor.cz\/blog\/wp-content\/uploads\/v-pasti-pohlavi-768x1195.jpeg 768w, https:\/\/www.luxor.cz\/blog\/wp-content\/uploads\/v-pasti-pohlavi-987x1536.jpeg 987w, https:\/\/www.luxor.cz\/blog\/wp-content\/uploads\/v-pasti-pohlavi-1316x2048.jpeg 1316w, https:\/\/www.luxor.cz\/blog\/wp-content\/uploads\/v-pasti-pohlavi-600x934.jpeg 600w, https:\/\/www.luxor.cz\/blog\/wp-content\/uploads\/v-pasti-pohlavi-1000x1556.jpeg 1000w, https:\/\/www.luxor.cz\/blog\/wp-content\/uploads\/v-pasti-pohlavi-334x520.jpeg 334w, https:\/\/www.luxor.cz\/blog\/wp-content\/uploads\/v-pasti-pohlavi.jpeg 1594w\" sizes=\"(max-width: 658px) 100vw, 658px\" \/><\/a><\/figure>\n<\/div>\n<\/div>\n\n\n\n<p><\/p>\n\n\n\n<h2 class=\"wp-block-heading\"><a href=\"https:\/\/www.luxor.cz\/v\/2068897\/chci\" target=\"_blank\" rel=\"noreferrer noopener\">Gillian Anderson \u2013 Chci<\/a><\/h2>\n\n\n\n<p><\/p>\n\n\n\n<blockquote class=\"wp-block-quote is-layout-flow wp-block-quote-is-layout-flow\">\n<p>Co chcete, kdy\u017e se nikdo ned\u00edv\u00e1?<\/p>\n<\/blockquote>\n\n\n\n<p><\/p>\n\n\n\n<div class=\"wp-block-columns is-layout-flex wp-container-core-columns-is-layout-5 wp-block-columns-is-layout-flex\">\n<div class=\"wp-block-column is-layout-flow wp-block-column-is-layout-flow\">\n<figure class=\"wp-block-image size-large\"><a href=\"https:\/\/www.luxor.cz\/v\/2068897\/chci\" target=\"_blank\" rel=\" noreferrer noopener\"><img decoding=\"async\" src=\"https:\/\/img.luxor.cz\/detail_big\/1900\/900\/produkty\/9788025745854.webp?cbk=107764\" alt=\"\" title=\"\"><\/a><\/figure>\n<\/div>\n\n\n\n<div class=\"wp-block-column is-vertically-aligned-center is-layout-flow wp-block-column-is-layout-flow\">\n<p>Kdy\u017e mluv\u00edme o sexu, mluv\u00edme o \u017eenstv\u00ed a mate\u0159stv\u00ed, nev\u011b\u0159e a zneu\u017e\u00edv\u00e1n\u00ed, souhlasu a respektu, spravedlnosti a rovnost\u00e1\u0159stv\u00ed, l\u00e1sce a nen\u00e1visti, rozko\u0161i a bolesti. A p\u0159esto o n\u011bm z nejr\u016fzn\u011bj\u0161\u00edch d\u016fvod\u016f \u0159ada z n\u00e1s v\u016fbec nemluv\u00ed. <strong>Gillian Anderson v t\u00e9to p\u0159elomov\u00e9 knize uv\u00e1d\u00ed sb\u00edrku anonymn\u00edch dopis\u016f stovek \u017een z cel\u00e9ho sv\u011bta, v\u010detn\u011b sv\u00e9ho vlastn\u00edho. <\/strong>V\u00a0bezpe\u010dn\u00e9m prostoru zde \u017eeny pod rou\u0161kou anonymity odhaluj\u00ed sv\u00e9 cht\u00ed\u010de, nejtajn\u011bj\u0161\u00ed sexu\u00e1ln\u00ed fantazie, p\u0159edstavy a sny.<\/p>\n<\/div>\n<\/div>\n\n\n\n<p><\/p>\n\n\n\n<h2 class=\"wp-block-heading\"><a href=\"https:\/\/www.luxor.cz\/v\/2119203\/pod-jinym-jmenem\" target=\"_blank\" rel=\"noreferrer noopener\">Jodi Picoult \u2013 Pod jin\u00fdm jm\u00e9nem<\/a><\/h2>\n\n\n\n<p><\/p>\n\n\n\n<blockquote class=\"wp-block-quote is-layout-flow wp-block-quote-is-layout-flow\">\n<p>Byl nejv\u011bt\u0161\u00ed dramatik v\u0161ech dob ve skute\u010dnosti \u017eena?<\/p>\n<\/blockquote>\n\n\n\n<p><\/p>\n\n\n\n<div class=\"wp-block-columns is-layout-flex wp-container-core-columns-is-layout-6 wp-block-columns-is-layout-flex\">\n<div class=\"wp-block-column is-vertically-aligned-center is-layout-flow wp-block-column-is-layout-flow\">\n<p>Preferujete rom\u00e1ny? Nen\u00ed probl\u00e9m, i pro v\u00e1s m\u00e1me tematick\u00e9 \u010dten\u00ed! Spisovatelka\u00a0<a href=\"https:\/\/www.luxor.cz\/autor\/8185\" target=\"_blank\" rel=\"noreferrer noopener\">Jodi Picoultov\u00e1<\/a> se neboj\u00ed dotknout i kontroverzn\u00edch \u010di bolestiv\u00fdch t\u00e9mat. V\u00a0jej\u00ed nejnov\u011bj\u0161\u00ed knize je to pr\u00e1v\u011b rovnost pohlav\u00ed. <strong>Mlad\u00e1 dramati\u010dka Melina p\u00ed\u0161e hru o Emilii Bassanov\u00e9 \u2013 sv\u00e9 al\u017eb\u011btinsk\u00e9 p\u0159edch\u016fdkyni, kter\u00e1 se rozhodne tajn\u011b dostat na jevi\u0161t\u011b svou hru t\u00edm, \u017ee zaplat\u00ed herci jm\u00e9nem William Shakespeare, aby ji uvedl pod sv\u00fdm jm\u00e9nem.<\/strong>\u00a0Jako \u017eenu ji toti\u017e v divadeln\u00edm sv\u011bt\u011b nikdo nebude br\u00e1t v\u00e1\u017en\u011b\u2026 Ale kolik se od t\u00e9 doby vlastn\u011b zm\u011bnilo? Za\u010dt\u011bte se do p\u016fsobiv\u00e9ho p\u0159\u00edb\u011bhu \u017eensk\u00fdch ambic\u00ed, odvahy a odhodl\u00e1n\u00ed.<\/p>\n<\/div>\n\n\n\n<div class=\"wp-block-column is-layout-flow wp-block-column-is-layout-flow\">\n<figure class=\"wp-block-image size-large\"><a href=\"https:\/\/www.luxor.cz\/v\/2119203\/pod-jinym-jmenem\" target=\"_blank\" rel=\" noreferrer noopener\"><img decoding=\"async\" src=\"https:\/\/img.luxor.cz\/detail_big\/1900\/900\/produkty\/9788024959078.webp?cbk=107764\" alt=\"\" title=\"\"><\/a><\/figure>\n<\/div>\n<\/div>\n\n\n\n<p><\/p>\n\n\n\n<h2 class=\"wp-block-heading\"><a href=\"https:\/\/www.luxor.cz\/v\/1742561\/prsa-a-vajicka\" target=\"_blank\" rel=\"noreferrer noopener\">Mieko Kawakami \u2013 Prsa a vaj\u00ed\u010dka<\/a><\/h2>\n\n\n\n<p><\/p>\n\n\n\n<blockquote class=\"wp-block-quote is-layout-flow wp-block-quote-is-layout-flow\">\n<p>Je hlavn\u00edm smyslem \u017eivota \u017eeny porodit d\u00edt\u011b?<\/p>\n<\/blockquote>\n\n\n\n<p><\/p>\n\n\n\n<div class=\"wp-block-columns is-layout-flex wp-container-core-columns-is-layout-7 wp-block-columns-is-layout-flex\">\n<div class=\"wp-block-column is-layout-flow wp-block-column-is-layout-flow\">\n<figure class=\"wp-block-image size-large\"><a href=\"https:\/\/www.luxor.cz\/v\/1742561\/prsa-a-vajicka\" target=\"_blank\" rel=\" noreferrer noopener\"><img decoding=\"async\" src=\"https:\/\/img.luxor.cz\/detail_big\/1900\/900\/produkty\/9788020720306.webp?cbk=107764\" alt=\"\" title=\"\"><\/a><\/figure>\n<\/div>\n\n\n\n<div class=\"wp-block-column is-vertically-aligned-center is-layout-flow wp-block-column-is-layout-flow\">\n<p>Neodpust\u00edme si je\u0161t\u011b jeden rom\u00e1nov\u00fd tip: <em>Prsa a vaj\u00ed\u010dka<\/em> Mieko Kawakami. Intimn\u00ed portr\u00e9t \u017eenstv\u00ed v\u00a0siln\u011b patriarch\u00e1ln\u00ed japonsk\u00e9 spole\u010dnosti sleduje <strong>p\u0159\u00edb\u011bh \u017eeny, kter\u00e1 je sice \u0161\u0165astn\u011b single, ale tak\u00e9 bez chuti na sex a zm\u00edtan\u00e1 nezvladatelnou touhou po d\u00edt\u011bti. <\/strong>Je ale etick\u00e9 zplodit d\u00edt\u011b, kter\u00e9 nikdy nepozn\u00e1 sv\u016fj p\u016fvod ani sv\u00e9ho otce? Siln\u00fd \u017eensk\u00fd rom\u00e1n vyjad\u0159uje n\u011bkolik postoj\u016f k\u00a0d\u011btem, mate\u0159stv\u00ed i rodinn\u00e9mu \u017eivotu a je pln\u00fd dilemat a protich\u016fdn\u00fdch emoc\u00ed \u2013 a taky ve v\u00e1s z\u016fstane je\u0161t\u011b dlouho po p\u0159e\u010dten\u00ed.<\/p>\n<\/div>\n<\/div>\n\n\n\n<p><\/p>\n\n\n\n<h2 class=\"wp-block-heading\"><a href=\"https:\/\/www.luxor.cz\/v\/2123108\/zenska-prace\" target=\"_blank\" rel=\"noreferrer noopener\">Pavel Klus\u00e1k \u2013 \u017densk\u00e1 pr\u00e1ce<\/a><\/h2>\n\n\n\n<p><\/p>\n\n\n\n<blockquote class=\"wp-block-quote is-layout-flow wp-block-quote-is-layout-flow\">\n<p>Popov\u00e1 historie, jak ji psaly \u017eeny.<\/p>\n<\/blockquote>\n\n\n\n<p><\/p>\n\n\n\n<div class=\"wp-block-columns is-layout-flex wp-container-core-columns-is-layout-8 wp-block-columns-is-layout-flex\">\n<div class=\"wp-block-column is-vertically-aligned-center is-layout-flow wp-block-column-is-layout-flow\">\n<p>Novinka hudebn\u00edho publicisty Pavla Klus\u00e1ka l\u00ed\u010d\u00ed d\u00edlo i \u017eivoty \u0159ady zp\u011bva\u010dek a autorek, kter\u00e9 prom\u011bnily hudbu i sv\u011bt. <strong>Stejn\u011b jako v\u00a0mnoha jin\u00fdch oborech a \u017eivotn\u00edch oblastech, i v\u00a0hudb\u011b (a t\u00e9 popul\u00e1rn\u00ed obzvl\u00e1\u0161\u0165) plat\u00ed, \u017ee co je pro mu\u017ee samoz\u0159ejmost\u00ed, pro \u017eeny po\u0159\u00e1d znamen\u00e1 v\u00fdzvu a bitvu nav\u00edc. <\/strong>Sledovat dr\u00e1hy z\u00e1sadn\u00edch hudebnic od Billie Holiday p\u0159es Kate Bush po Bj\u00f6rk proto neznamen\u00e1 jen zkoumat v\u00fdvoj hudby ve dvac\u00e1t\u00e9m a sou\u010dasn\u00e9m stolet\u00ed \u2014 je to tak\u00e9 p\u0159\u00edb\u011bh emancipace a soci\u00e1ln\u00ed zm\u011bny, kter\u00e1 p\u0159esahuje hudbu.<\/p>\n<\/div>\n\n\n\n<div class=\"wp-block-column is-layout-flow wp-block-column-is-layout-flow\">\n<figure class=\"wp-block-image size-large\"><a href=\"https:\/\/www.luxor.cz\/v\/2123108\/zenska-prace\" target=\"_blank\" rel=\" noreferrer noopener\"><img decoding=\"async\" src=\"https:\/\/img.luxor.cz\/detail_big\/1900\/900\/produkty\/9788027527601.webp?cbk=107764\" alt=\"\" title=\"\"><\/a><\/figure>\n<\/div>\n<\/div>\n","protected":false},"excerpt":{"rendered":"<p>B\u0159ezen se ka\u017edoro\u010dn\u011b nese v\u00a0duchu oslav \u017een. Zat\u00edmco u n\u00e1s se 8. 3. v\u00a0kv\u011btin\u00e1\u0159stv\u00edch stoj\u00ed z\u00e1stupy na kv\u011btiny k\u00a0MD\u017d, v\u00a0mnoha zem\u00edch se cel\u00fd m\u011bs\u00edc slav\u00ed Women&#8217;s History Month. My si [&hellip;]<\/p>\n","protected":false},"author":9,"featured_media":326855,"comment_status":"open","ping_status":"open","sticky":false,"template":"","format":"standard","meta":{"_acf_changed":false,"_monsterinsights_skip_tracking":false,"_monsterinsights_sitenote_active":false,"_monsterinsights_sitenote_note":"","_monsterinsights_sitenote_category":0,"_EventAllDay":false,"_EventTimezone":"","_EventStartDate":"","_EventEndDate":"","_EventStartDateUTC":"","_EventEndDateUTC":"","_EventShowMap":false,"_EventShowMapLink":false,"_EventURL":"","_EventCost":"","_EventCostDescription":"","_EventCurrencySymbol":"","_EventCurrencyCode":"","_EventCurrencyPosition":"","_EventDateTimeSeparator":"","_EventTimeRangeSeparator":"","_EventOrganizerID":[],"_EventVenueID":[],"_OrganizerEmail":"","_OrganizerPhone":"","_OrganizerWebsite":"","_VenueAddress":"","_VenueCity":"","_VenueCountry":"","_VenueProvince":"","_VenueState":"","_VenueZip":"","_VenuePhone":"","_VenueURL":"","_VenueStateProvince":"","_VenueLat":"","_VenueLng":"","_VenueShowMap":false,"_VenueShowMapLink":false,"twitterCardType":"","cardImageID":0,"cardImage":"","cardTitle":"","cardDesc":"","cardImageAlt":"","cardPlayer":"","cardPlayerWidth":0,"cardPlayerHeight":0,"cardPlayerStream":"","cardPlayerCodec":"","footnotes":""},"categories":[6],"tags":[21847,20788],"class_list":["post-326851","post","type-post","status-publish","format-standard","has-post-thumbnail","hentry","category-knizni-zajimavosti","tag-feminismus","tag-zeny"],"acf":{"related_products":false},"_links":{"self":[{"href":"https:\/\/www.luxor.cz\/blog\/wp-json\/wp\/v2\/posts\/326851","targetHints":{"allow":["GET"]}}],"collection":[{"href":"https:\/\/www.luxor.cz\/blog\/wp-json\/wp\/v2\/posts"}],"about":[{"href":"https:\/\/www.luxor.cz\/blog\/wp-json\/wp\/v2\/types\/post"}],"author":[{"embeddable":true,"href":"https:\/\/www.luxor.cz\/blog\/wp-json\/wp\/v2\/users\/9"}],"replies":[{"embeddable":true,"href":"https:\/\/www.luxor.cz\/blog\/wp-json\/wp\/v2\/comments?post=326851"}],"version-history":[{"count":2,"href":"https:\/\/www.luxor.cz\/blog\/wp-json\/wp\/v2\/posts\/326851\/revisions"}],"predecessor-version":[{"id":326856,"href":"https:\/\/www.luxor.cz\/blog\/wp-json\/wp\/v2\/posts\/326851\/revisions\/326856"}],"wp:featuredmedia":[{"embeddable":true,"href":"https:\/\/www.luxor.cz\/blog\/wp-json\/wp\/v2\/media\/326855"}],"wp:attachment":[{"href":"https:\/\/www.luxor.cz\/blog\/wp-json\/wp\/v2\/media?parent=326851"}],"wp:term":[{"taxonomy":"category","embeddable":true,"href":"https:\/\/www.luxor.cz\/blog\/wp-json\/wp\/v2\/categories?post=326851"},{"taxonomy":"post_tag","embeddable":true,"href":"https:\/\/www.luxor.cz\/blog\/wp-json\/wp\/v2\/tags?post=326851"}],"curies":[{"name":"wp","href":"https:\/\/api.w.org\/{rel}","templated":true}]}}