{"id":326265,"date":"2026-01-27T12:49:28","date_gmt":"2026-01-27T11:49:28","guid":{"rendered":"https:\/\/www.luxor.cz\/blog\/?p=326265"},"modified":"2026-03-04T16:14:30","modified_gmt":"2026-03-04T15:14:30","slug":"ceska-fantastika-ma-co-nabidnout-recenze-knihy-neklidny-hrob","status":"publish","type":"post","link":"https:\/\/www.luxor.cz\/blog\/recenze\/ceska-fantastika-ma-co-nabidnout-recenze-knihy-neklidny-hrob\/","title":{"rendered":"\u010cesk\u00e1 fantastika m\u00e1 co nab\u00eddnout: Recenze knihy NEKLIDN\u00dd HROB"},"content":{"rendered":"\n<p><strong>Pokud m\u00e1te slabost pro ponurou atmosf\u00e9ru, tajemstv\u00ed a p\u0159\u00edb\u011bhy, ze kter\u00fdch trochu mraz\u00ed, Neklidn\u00fd hrob z pera \u010desk\u00e9 autorky Kate\u0159iny \u0160ardick\u00e9 by v\u00e1m rozhodn\u011b nem\u011bl uniknout. Tahle kniha je temn\u00e1, morbidn\u00ed, m\u00edsty nep\u0159\u00edjemn\u00e1, a proto tak skv\u011bl\u00e1.<\/strong><\/p>\n\n\n\n<p><\/p>\n\n\n\n<div class=\"wp-block-columns is-layout-flex wp-container-core-columns-is-layout-1 wp-block-columns-is-layout-flex\">\n<div class=\"wp-block-column is-layout-flow wp-block-column-is-layout-flow\">\n<figure class=\"wp-block-image size-large\"><a href=\"https:\/\/www.luxor.cz\/v\/2122075\/neklidny-hrob\" target=\"_blank\" rel=\" noreferrer noopener\"><img fetchpriority=\"high\" decoding=\"async\" width=\"768\" height=\"1024\" src=\"https:\/\/www.luxor.cz\/blog\/wp-content\/uploads\/IMG_2860-768x1024.jpeg\" alt=\"\" class=\"wp-image-326266\" title=\"\" srcset=\"https:\/\/www.luxor.cz\/blog\/wp-content\/uploads\/IMG_2860-768x1024.jpeg 768w, https:\/\/www.luxor.cz\/blog\/wp-content\/uploads\/IMG_2860-225x300.jpeg 225w, https:\/\/www.luxor.cz\/blog\/wp-content\/uploads\/IMG_2860-1152x1536.jpeg 1152w, https:\/\/www.luxor.cz\/blog\/wp-content\/uploads\/IMG_2860-1536x2048.jpeg 1536w, https:\/\/www.luxor.cz\/blog\/wp-content\/uploads\/IMG_2860-600x800.jpeg 600w, https:\/\/www.luxor.cz\/blog\/wp-content\/uploads\/IMG_2860-1000x1333.jpeg 1000w, https:\/\/www.luxor.cz\/blog\/wp-content\/uploads\/IMG_2860-390x520.jpeg 390w, https:\/\/www.luxor.cz\/blog\/wp-content\/uploads\/IMG_2860-scaled.jpeg 1920w\" sizes=\"(max-width: 768px) 100vw, 768px\" \/><\/a><\/figure>\n<\/div>\n\n\n\n<div class=\"wp-block-column is-vertically-aligned-center is-layout-flow wp-block-column-is-layout-flow\">\n<p>P\u0159\u00edb\u011bh n\u00e1s zav\u00e1d\u00ed do pochmurn\u00e9ho Skotska, kde sledujeme hned dv\u011b hlavn\u00ed d\u011bjov\u00e9 linky. Prvn\u00ed pat\u0159\u00ed Anselmovi, kter\u00fd studuje m\u00edsto sv\u00e9ho zesnul\u00e9ho bratra medic\u00ednu v&nbsp;Glasgow. I kdy\u017e se sna\u017e\u00ed ut\u00e9ct p\u0159ed smutkem a ztr\u00e1tou, bolest si ho neust\u00e1le nach\u00e1z\u00ed. A kdy\u017e mu otec nap\u00ed\u0161e, aby se vr\u00e1til dom\u016f, je jasn\u00e9, \u017ee minulost se znovu oz\u00fdv\u00e1.<\/p>\n\n\n\n<p>Druhou linkou je p\u0159\u00edb\u011bh hrobnice Ady, kterou lid\u00e9 pot\u0159ebuj\u00ed, ale z\u00e1rove\u0148 z n\u00ed maj\u00ed strach a opovrhuj\u00ed j\u00ed. Klidn\u011b ji nechaj\u00ed st\u00e1t venku v de\u0161ti a p\u0159i jej\u00edm odchodu se k\u0159i\u017euj\u00ed. Ada sv\u00e9 \u0159emeslo p\u0159evzala po mu\u017ei, kter\u00fd ji jako d\u00edt\u011b na\u0161el, vychoval a dal j\u00ed domov. Pr\u00e1v\u011b kv\u016fli n\u011bmu p\u0159ed n\u00edm i p\u0159ed sv\u011btem skr\u00fdv\u00e1 svou tajnou no\u010dn\u00ed \u010dinnost \u2013 obchod s mrtv\u00fdmi t\u011bly.<\/p>\n<\/div>\n<\/div>\n\n\n\n<p><\/p>\n\n\n\n<div class=\"wp-block-buttons is-content-justification-center is-layout-flex wp-container-core-buttons-is-layout-1 wp-block-buttons-is-layout-flex\">\n<div class=\"wp-block-button\"><a class=\"wp-block-button__link wp-element-button\" href=\"https:\/\/www.luxor.cz\/v\/2122075\/neklidny-hrob\" target=\"_blank\" rel=\"noreferrer noopener\"><strong><mark style=\"background-color:rgba(0, 0, 0, 0)\" class=\"has-inline-color has-luminous-vivid-amber-color\">Prohl\u00e9dnout NEKLIDN\u00dd HROB<\/mark><\/strong><\/a><\/div>\n<\/div>\n\n\n\n<p><\/p>\n\n\n\n<div class=\"wp-block-columns is-layout-flex wp-container-core-columns-is-layout-2 wp-block-columns-is-layout-flex\">\n<div class=\"wp-block-column is-vertically-aligned-center is-layout-flow wp-block-column-is-layout-flow\">\n<p>Temnota v\u00e1s obklopuje od prvn\u00ed str\u00e1nky a\u017e po z\u00e1v\u011bre\u010dn\u00e9 kapitoly. Sv\u011bt knihy je komplexn\u00ed a rozmanit\u00fd. Nahl\u00e9dneme do \u017eivota chud\u00fdch i bohat\u00fdch, m\u00e1me tady vykrada\u010de hrob\u016f, \u010dern\u00fd trh, ko\u010dovn\u00edky s cirkusem. To v\u0161echno dohromady vytv\u00e1\u0159\u00ed sv\u011bt, kter\u00fd je temn\u00fd, drsn\u00fd a opravdov\u00fd. <a href=\"https:\/\/www.luxor.cz\/autor\/10392\" target=\"_blank\" rel=\"noreferrer noopener\">Autorka<\/a> m\u00e1 kr\u00e1sn\u00fd bohat\u00fd jazyk a p\u0159esn\u011b v\u00ed, jak \u010dten\u00e1\u0159e vt\u00e1hnout do d\u011bje, aby m\u011bl pocit, \u017ee je p\u0159\u00edmo jeho sou\u010d\u00e1st\u00ed. I kdy\u017e zrovna na m\u00edst\u011b hlavn\u00edch hrdin\u016f b\u00fdt opravdu nechcete. Velmi se mi l\u00edbilo, \u017ee p\u0159\u00edb\u011bh dopl\u0148uj\u00ed citace z pov\u00eddek <a href=\"https:\/\/www.luxor.cz\/vysledky-vyhledavani?q=Edgar%20Alan%20Poe\" target=\"_blank\" rel=\"noreferrer noopener\">Edgara Allana Poea<\/a>, <a href=\"https:\/\/www.luxor.cz\/autor\/12093\" target=\"_blank\" rel=\"noreferrer noopener\">H. P. Lovecrafta<\/a> nebo z rom\u00e1nu Mary Shelleyov\u00e9.<\/p>\n<\/div>\n\n\n\n<div class=\"wp-block-column is-layout-flow wp-block-column-is-layout-flow\">\n<figure class=\"wp-block-image size-large is-resized\"><img decoding=\"async\" width=\"768\" height=\"1024\" src=\"https:\/\/www.luxor.cz\/blog\/wp-content\/uploads\/IMG_2863-1-768x1024.jpeg\" alt=\"\" class=\"wp-image-326269\" style=\"width:375px;height:auto\" title=\"\" srcset=\"https:\/\/www.luxor.cz\/blog\/wp-content\/uploads\/IMG_2863-1-768x1024.jpeg 768w, https:\/\/www.luxor.cz\/blog\/wp-content\/uploads\/IMG_2863-1-225x300.jpeg 225w, https:\/\/www.luxor.cz\/blog\/wp-content\/uploads\/IMG_2863-1-1152x1536.jpeg 1152w, https:\/\/www.luxor.cz\/blog\/wp-content\/uploads\/IMG_2863-1-1536x2048.jpeg 1536w, https:\/\/www.luxor.cz\/blog\/wp-content\/uploads\/IMG_2863-1-600x800.jpeg 600w, https:\/\/www.luxor.cz\/blog\/wp-content\/uploads\/IMG_2863-1-1000x1333.jpeg 1000w, https:\/\/www.luxor.cz\/blog\/wp-content\/uploads\/IMG_2863-1-390x520.jpeg 390w, https:\/\/www.luxor.cz\/blog\/wp-content\/uploads\/IMG_2863-1-scaled.jpeg 1920w\" sizes=\"(max-width: 768px) 100vw, 768px\" \/><\/figure>\n<\/div>\n<\/div>\n\n\n\n<p><\/p>\n\n\n\n<div class=\"wp-block-columns is-layout-flex wp-container-core-columns-is-layout-3 wp-block-columns-is-layout-flex\">\n<div class=\"wp-block-column is-vertically-aligned-center is-layout-flow wp-block-column-is-layout-flow\">\n<figure class=\"wp-block-image size-large\"><a href=\"https:\/\/www.luxor.cz\/v\/2122075\/neklidny-hrob\" target=\"_blank\" rel=\" noreferrer noopener\"><img decoding=\"async\" width=\"768\" height=\"1024\" src=\"https:\/\/www.luxor.cz\/blog\/wp-content\/uploads\/IMG_2864-1-768x1024.jpeg\" alt=\"\" class=\"wp-image-326272\" title=\"\" srcset=\"https:\/\/www.luxor.cz\/blog\/wp-content\/uploads\/IMG_2864-1-768x1024.jpeg 768w, https:\/\/www.luxor.cz\/blog\/wp-content\/uploads\/IMG_2864-1-225x300.jpeg 225w, https:\/\/www.luxor.cz\/blog\/wp-content\/uploads\/IMG_2864-1-1152x1536.jpeg 1152w, https:\/\/www.luxor.cz\/blog\/wp-content\/uploads\/IMG_2864-1-1536x2048.jpeg 1536w, https:\/\/www.luxor.cz\/blog\/wp-content\/uploads\/IMG_2864-1-600x800.jpeg 600w, https:\/\/www.luxor.cz\/blog\/wp-content\/uploads\/IMG_2864-1-1000x1333.jpeg 1000w, https:\/\/www.luxor.cz\/blog\/wp-content\/uploads\/IMG_2864-1-390x520.jpeg 390w, https:\/\/www.luxor.cz\/blog\/wp-content\/uploads\/IMG_2864-1-scaled.jpeg 1920w\" sizes=\"(max-width: 768px) 100vw, 768px\" \/><\/a><\/figure>\n<\/div>\n\n\n\n<div class=\"wp-block-column is-vertically-aligned-center is-layout-flow wp-block-column-is-layout-flow\">\n<p>Postavy jsou napsan\u00e9 velmi uv\u011b\u0159iteln\u011b a ka\u017ed\u00e1 z nich m\u00e1 n\u011bco do sebe. Ada mi sedla asi nejv\u00edc. \u017dena s&nbsp;pro\u0159\u00edzlou pusou, kter\u00e1 se nenech\u00e1 jen tak vyv\u00e9st z&nbsp;m\u00edry, od lid\u00ed si udr\u017euje odstup, uva\u017euje logicky a v\u011b\u0159\u00ed, \u017ee by se s&nbsp;otcem mohli odst\u011bhovat a \u017e\u00edt n\u011bkde  lep\u0161\u00ed \u017eivot. <\/p>\n\n\n\n<blockquote class=\"wp-block-quote is-layout-flow wp-block-quote-is-layout-flow\">\n<blockquote class=\"wp-block-quote is-layout-flow wp-block-quote-is-layout-flow\">\n<p><a href=\"https:\/\/www.luxor.cz\/v\/2146567\/neklidny-hrob\" target=\"_blank\" rel=\"noreferrer noopener\">Neklidn\u00fd hrob<\/a> v\u00e1s nut\u00ed \u010d\u00edst d\u00e1l a d\u00e1l, proto\u017ee po\u0159\u00e1d chcete v\u011bd\u011bt, kam to v\u0161echno povede.<\/p>\n<\/blockquote>\n<\/blockquote>\n<\/div>\n<\/div>\n\n\n\n<p><\/p>\n\n\n\n<p>Pokud hled\u00e1te knihu, kter\u00e1 v\u00e1s pohlt\u00ed, nab\u00eddne temnou atmosf\u00e9ru, \u0161petku nadp\u0159irozena a neboj\u00edte se d\u00edvat smrti p\u0159\u00edmo do o\u010d\u00ed, <strong><a href=\"https:\/\/www.luxor.cz\/v\/2122075\/neklidny-hrob\" target=\"_blank\" rel=\"noreferrer noopener\">Neklidn\u00fd hrob<\/a><\/strong> m\u016f\u017eu jedin\u011b doporu\u010dit. Je to jasn\u00fd d\u016fkaz, \u017ee \u010desk\u00e1 fantastika m\u00e1 co nab\u00eddnout.<\/p>\n\n\n\n<p class=\"has-text-align-right\"><em>Autorkou recenze je Nikol.<\/em><\/p>\n\n\n\n<p><\/p>\n","protected":false},"excerpt":{"rendered":"<p>Pokud m\u00e1te slabost pro ponurou atmosf\u00e9ru, tajemstv\u00ed a p\u0159\u00edb\u011bhy, ze kter\u00fdch trochu mraz\u00ed, Neklidn\u00fd hrob z pera \u010desk\u00e9 autorky Kate\u0159iny \u0160ardick\u00e9 by v\u00e1m rozhodn\u011b nem\u011bl uniknout. Tahle kniha je temn\u00e1, [&hellip;]<\/p>\n","protected":false},"author":13,"featured_media":326273,"comment_status":"open","ping_status":"closed","sticky":false,"template":"","format":"standard","meta":{"_acf_changed":false,"_monsterinsights_skip_tracking":false,"_monsterinsights_sitenote_active":false,"_monsterinsights_sitenote_note":"","_monsterinsights_sitenote_category":0,"_EventAllDay":false,"_EventTimezone":"","_EventStartDate":"","_EventEndDate":"","_EventStartDateUTC":"","_EventEndDateUTC":"","_EventShowMap":false,"_EventShowMapLink":false,"_EventURL":"","_EventCost":"","_EventCostDescription":"","_EventCurrencySymbol":"","_EventCurrencyCode":"","_EventCurrencyPosition":"","_EventDateTimeSeparator":"","_EventTimeRangeSeparator":"","_EventOrganizerID":[],"_EventVenueID":[],"_OrganizerEmail":"","_OrganizerPhone":"","_OrganizerWebsite":"","_VenueAddress":"","_VenueCity":"","_VenueCountry":"","_VenueProvince":"","_VenueState":"","_VenueZip":"","_VenuePhone":"","_VenueURL":"","_VenueStateProvince":"","_VenueLat":"","_VenueLng":"","_VenueShowMap":false,"_VenueShowMapLink":false,"twitterCardType":"","cardImageID":0,"cardImage":"","cardTitle":"","cardDesc":"","cardImageAlt":"","cardPlayer":"","cardPlayerWidth":0,"cardPlayerHeight":0,"cardPlayerStream":"","cardPlayerCodec":"","footnotes":""},"categories":[7],"tags":[18356],"class_list":["post-326265","post","type-post","status-publish","format-standard","has-post-thumbnail","hentry","category-recenze","tag-fantasy"],"acf":{"related_products":false},"_links":{"self":[{"href":"https:\/\/www.luxor.cz\/blog\/wp-json\/wp\/v2\/posts\/326265","targetHints":{"allow":["GET"]}}],"collection":[{"href":"https:\/\/www.luxor.cz\/blog\/wp-json\/wp\/v2\/posts"}],"about":[{"href":"https:\/\/www.luxor.cz\/blog\/wp-json\/wp\/v2\/types\/post"}],"author":[{"embeddable":true,"href":"https:\/\/www.luxor.cz\/blog\/wp-json\/wp\/v2\/users\/13"}],"replies":[{"embeddable":true,"href":"https:\/\/www.luxor.cz\/blog\/wp-json\/wp\/v2\/comments?post=326265"}],"version-history":[{"count":6,"href":"https:\/\/www.luxor.cz\/blog\/wp-json\/wp\/v2\/posts\/326265\/revisions"}],"predecessor-version":[{"id":326706,"href":"https:\/\/www.luxor.cz\/blog\/wp-json\/wp\/v2\/posts\/326265\/revisions\/326706"}],"wp:featuredmedia":[{"embeddable":true,"href":"https:\/\/www.luxor.cz\/blog\/wp-json\/wp\/v2\/media\/326273"}],"wp:attachment":[{"href":"https:\/\/www.luxor.cz\/blog\/wp-json\/wp\/v2\/media?parent=326265"}],"wp:term":[{"taxonomy":"category","embeddable":true,"href":"https:\/\/www.luxor.cz\/blog\/wp-json\/wp\/v2\/categories?post=326265"},{"taxonomy":"post_tag","embeddable":true,"href":"https:\/\/www.luxor.cz\/blog\/wp-json\/wp\/v2\/tags?post=326265"}],"curies":[{"name":"wp","href":"https:\/\/api.w.org\/{rel}","templated":true}]}}