{"id":325987,"date":"2025-11-05T15:16:00","date_gmt":"2025-11-05T14:16:00","guid":{"rendered":"https:\/\/www.luxor.cz\/blog\/?p=325987"},"modified":"2025-11-05T15:16:01","modified_gmt":"2025-11-05T14:16:01","slug":"co-rodina-to-pribeh-vezmete-deti-do-kina-na-festival-male-oci","status":"publish","type":"post","link":"https:\/\/www.luxor.cz\/blog\/aktuality\/co-rodina-to-pribeh-vezmete-deti-do-kina-na-festival-male-oci\/","title":{"rendered":"Co rodina, to p\u0159\u00edb\u011bh: Vezm\u011bte d\u011bti do kina na festival Mal\u00e9 o\u010di!"},"content":{"rendered":"\n<p><strong>Vezm\u011bte d\u011bti nebo rovnou celou rodinu a vyrazte na d\u011btsk\u00fd filmov\u00fd festival Mal\u00e9 o\u010di! Leto\u0161n\u00ed 12. ro\u010dn\u00edk slav\u00ed rozmanitost rodin s t\u00e9matem Co rodina, to p\u0159\u00edb\u011bh. Na pl\u00e1tna 17 kin po cel\u00e9 republice p\u0159inesou kina takov\u00e9 filmy, kter\u00e9 spojuj\u00ed generace i r\u016fzn\u00e9 pohledy na\u00a0rodinu.<\/strong><\/p>\n\n\n\n<p><\/p>\n\n\n\n<p>Rodina je jak\u00fdkoli okruh bl\u00edzk\u00fdch lid\u00ed, kte\u0159\u00ed se navz\u00e1jem podporuj\u00ed, sd\u00edlej\u00ed spole\u010dn\u00fd \u010das a tvo\u0159\u00ed sv\u00e9 jedine\u010dn\u00e9 p\u0159\u00edb\u011bhy. Toto t\u00e9ma se prop\u00ed\u0161e cel\u00fdm festivalem, v\u00fdb\u011brem film\u016f i doprovodn\u00fdm programem v&nbsp;cel\u00e9 festivalov\u00e9 rodin\u011b kin po \u010cesk\u00e9 republice. Stejn\u011b jako se li\u0161\u00ed p\u0159\u00edb\u011bhy jednotliv\u00fdch rodin, bude i program pestr\u00fd. Ka\u017ed\u00e9 zapojen\u00e9 kino p\u0159in\u00e1\u0161\u00ed sv\u016fj unik\u00e1tn\u00ed festivalov\u00fd p\u0159\u00edb\u011bh. D\u011bti i jejich (pra)rodi\u010de se mohou t\u011b\u0161it na zn\u00e1m\u00e9 hity <strong>\u00da\u017eas\u0148\u00e1kovi<\/strong>, <strong>Kubo a kouzeln\u00fd me\u010d<\/strong>, nebo <strong>Rozum v divo\u010din\u011b.<\/strong> Z \u010desk\u00fdch novinek doraz\u00ed <strong>Poh\u00e1dky po babi\u010dce<\/strong> podle knihy Arno\u0161ta Goldflama a <strong>Bub\u00e1k<\/strong> od obl\u00edben\u00e9 re\u017eis\u00e9rky <strong>Kate\u0159iny Karh\u00e1nkov\u00e9<\/strong>, autorky <em>Mlsn\u00fdch medv\u011bd\u00edch p\u0159\u00edb\u011bh\u016f.<\/em> Prvn\u00ed festivalov\u00fd v\u00edkend v Praze nav\u00edc nab\u00eddne slavnostn\u00ed premi\u00e9ru anim\u00e1ku <strong>Netop\u00fdrek Nik<\/strong>.<\/p>\n\n\n\n<p><\/p>\n\n\n\n<p>Sou\u010d\u00e1st\u00ed festivalu jsou i obl\u00edben\u00e9 <strong>d\u00edlny animace<\/strong>, <strong>prekinematografick\u00e9 optick\u00e9 hr\u00e1tky<\/strong> a <strong>d\u00edlna analogov\u00e9ho portr\u00e9tu bez kamery.<\/strong> Ka\u017ed\u00e9 kino p\u0159ipravuje sv\u016fj vlastn\u00ed doprovodn\u00fd program, tak\u017ee n\u00e1v\u0161t\u011bvn\u00edky \u010dek\u00e1 poka\u017ed\u00e9 trochu jin\u00fd z\u00e1\u017eitek.<\/p>\n\n\n\n<p><\/p>\n\n\n\n<h2 class=\"wp-block-heading\"><strong>Kde se festival kon\u00e1:<\/strong><\/h2>\n\n\n\n<p><\/p>\n\n\n\n<p>Kino Aero, Praha (8.\u20139. 11.)<br>Kino Retro, Z\u00e1b\u0159eh (8. 11.)<br>Kino Napajedla, Napajedla (15.\u201316. 11.)<br>Kino Kosmos (Knihovna), T\u0159inec (15. 11.)<br>Kino Sv\u011bt, Hodon\u00edn (15.\u201316. 11.)<br>Biograf Kotva, \u010cesk\u00e9 Bud\u011bjovice (15.\u201317. 11.)<br>Kino Dukla, Jihlava (20.\u201323. 11.)<br>Kino Hv\u011bzda, Uhersk\u00e9 Hradi\u0161t\u011b (20.\u201323. 11.)<br>Kino Netolice, Netolice (22. 11.)<br>KD Sv\u011bt, \u010cesk\u00fd Brod (23. 11.)<br>Kino Sokolsk\u00fd d\u016fm, Vy\u0161kov (28. 11.)<br>Kino Metro 70, Prost\u011bjov (28.\u201329. 11.)<br>Kino Sv\u011bt, Chomutov (28.\u201329. 11.)<br>Kino Metropol, Olomouc (30. 11.)<br>Bio Central, Hradec Kr\u00e1lov\u00e9 (5.\u20136. 12.)<br>Univerzitn\u00ed kino Scala, Brno (6.\u20137. 12.)<\/p>\n\n\n\n<h2 class=\"wp-block-heading\"><strong><em>Co kino, to p\u0159\u00edb\u011bh.<\/em><\/strong><\/h2>\n\n\n\n<p><\/p>\n\n\n\n<div class=\"wp-block-buttons is-content-justification-center is-layout-flex wp-container-core-buttons-is-layout-1 wp-block-buttons-is-layout-flex\">\n<div class=\"wp-block-button\"><a class=\"wp-block-button__link has-white-color has-vivid-cyan-blue-background-color has-text-color has-background has-link-color wp-element-button\" href=\"https:\/\/www.maleoci.cz\/\" target=\"_blank\" rel=\"noreferrer noopener\">Program festivalu<\/a><\/div>\n<\/div>\n\n\n\n<p><\/p>\n\n\n\n<figure class=\"wp-block-embed is-type-video is-provider-youtube wp-block-embed-youtube wp-embed-aspect-16-9 wp-has-aspect-ratio\"><div class=\"wp-block-embed__wrapper\">\n<iframe title=\"Mal\u00e9 o\u010di - festivalov\u00e1 zn\u011blka 2025\" width=\"1200\" height=\"675\" src=\"https:\/\/www.youtube.com\/embed\/MZXHRa3KJ5Q?feature=oembed\" frameborder=\"0\" allow=\"accelerometer; autoplay; clipboard-write; encrypted-media; gyroscope; picture-in-picture; web-share\" referrerpolicy=\"strict-origin-when-cross-origin\" allowfullscreen><\/iframe>\n<\/div><\/figure>\n\n\n\n<p><\/p>\n","protected":false},"excerpt":{"rendered":"<p>Vezm\u011bte d\u011bti nebo rovnou celou rodinu a vyrazte na d\u011btsk\u00fd filmov\u00fd festival Mal\u00e9 o\u010di! Leto\u0161n\u00ed 12. ro\u010dn\u00edk slav\u00ed rozmanitost rodin s t\u00e9matem Co rodina, to p\u0159\u00edb\u011bh. Na pl\u00e1tna 17 kin [&hellip;]<\/p>\n","protected":false},"author":9,"featured_media":325992,"comment_status":"open","ping_status":"open","sticky":false,"template":"","format":"standard","meta":{"_acf_changed":false,"_monsterinsights_skip_tracking":false,"_monsterinsights_sitenote_active":false,"_monsterinsights_sitenote_note":"","_monsterinsights_sitenote_category":0,"_EventAllDay":false,"_EventTimezone":"","_EventStartDate":"","_EventEndDate":"","_EventStartDateUTC":"","_EventEndDateUTC":"","_EventShowMap":false,"_EventShowMapLink":false,"_EventURL":"","_EventCost":"","_EventCostDescription":"","_EventCurrencySymbol":"","_EventCurrencyCode":"","_EventCurrencyPosition":"","_EventDateTimeSeparator":"","_EventTimeRangeSeparator":"","_EventOrganizerID":[],"_EventVenueID":[],"_OrganizerEmail":"","_OrganizerPhone":"","_OrganizerWebsite":"","_VenueAddress":"","_VenueCity":"","_VenueCountry":"","_VenueProvince":"","_VenueState":"","_VenueZip":"","_VenuePhone":"","_VenueURL":"","_VenueStateProvince":"","_VenueLat":"","_VenueLng":"","_VenueShowMap":false,"_VenueShowMapLink":false,"twitterCardType":"","cardImageID":0,"cardImage":"","cardTitle":"","cardDesc":"","cardImageAlt":"","cardPlayer":"","cardPlayerWidth":0,"cardPlayerHeight":0,"cardPlayerStream":"","cardPlayerCodec":"","footnotes":""},"categories":[5],"tags":[18343],"class_list":["post-325987","post","type-post","status-publish","format-standard","has-post-thumbnail","hentry","category-aktuality","tag-film"],"acf":{"related_products":false},"_links":{"self":[{"href":"https:\/\/www.luxor.cz\/blog\/wp-json\/wp\/v2\/posts\/325987","targetHints":{"allow":["GET"]}}],"collection":[{"href":"https:\/\/www.luxor.cz\/blog\/wp-json\/wp\/v2\/posts"}],"about":[{"href":"https:\/\/www.luxor.cz\/blog\/wp-json\/wp\/v2\/types\/post"}],"author":[{"embeddable":true,"href":"https:\/\/www.luxor.cz\/blog\/wp-json\/wp\/v2\/users\/9"}],"replies":[{"embeddable":true,"href":"https:\/\/www.luxor.cz\/blog\/wp-json\/wp\/v2\/comments?post=325987"}],"version-history":[{"count":3,"href":"https:\/\/www.luxor.cz\/blog\/wp-json\/wp\/v2\/posts\/325987\/revisions"}],"predecessor-version":[{"id":325994,"href":"https:\/\/www.luxor.cz\/blog\/wp-json\/wp\/v2\/posts\/325987\/revisions\/325994"}],"wp:featuredmedia":[{"embeddable":true,"href":"https:\/\/www.luxor.cz\/blog\/wp-json\/wp\/v2\/media\/325992"}],"wp:attachment":[{"href":"https:\/\/www.luxor.cz\/blog\/wp-json\/wp\/v2\/media?parent=325987"}],"wp:term":[{"taxonomy":"category","embeddable":true,"href":"https:\/\/www.luxor.cz\/blog\/wp-json\/wp\/v2\/categories?post=325987"},{"taxonomy":"post_tag","embeddable":true,"href":"https:\/\/www.luxor.cz\/blog\/wp-json\/wp\/v2\/tags?post=325987"}],"curies":[{"name":"wp","href":"https:\/\/api.w.org\/{rel}","templated":true}]}}