{"id":325846,"date":"2020-04-09T15:15:32","date_gmt":"2020-04-09T13:15:32","guid":{"rendered":"https:\/\/www.luxor.cz\/blog\/nezarazene\/63068-fama-html\/"},"modified":"2020-04-09T15:15:32","modified_gmt":"2020-04-09T13:15:32","slug":"63068-fama-html","status":"publish","type":"post","link":"https:\/\/www.luxor.cz\/blog\/recenze\/63068-fama-html\/","title":{"rendered":"\u010cten\u00e1\u0159sk\u00e1 recenze: Lesley Kara &#8211; F\u00e1ma"},"content":{"rendered":"<p><strong>Zv\u011bst o tajemn\u00e9 vra\u017eedkyni z\u00a0ospal\u00e9ho m\u011bste\u010dka<\/strong><\/p>\n<p>Zv\u011bst se m\u011bla t\u00fdkat zn\u00e1m\u00e9 vra\u017eedkyn\u011b <strong>Sally McGowan<\/strong>, kter\u00e1 t\u00e9m\u011b\u0159 <strong>p\u0159ed pades\u00e1ti lety zabila bodnou ranou teprve p\u011btilet\u00e9ho chlapce jm\u00e9nem Robbie<\/strong>. V\u00a0t\u00e9 dob\u011b j\u00ed bylo 10 let. \u00dadajn\u011b <strong>tahle vra\u017eedkyn\u011b dodnes bydl\u00ed v\u00a0m\u011bste\u010dku, samoz\u0159ejm\u011b s\u00a0novou identitou<\/strong>.<\/p>\n<p>V\u00a0moment\u011b, kdy Joanna neuv\u00e1\u017een\u011b tuhle f\u00e1mu vypustila na \u010dten\u00e1\u0159sk\u00e9m krou\u017eku, ani netu\u0161ila, jak velkou lavinu t\u00edm spust\u00ed. <strong>Ka\u017ed\u00fd z\u00a0obyvatel Flinsteadu najednou za\u010d\u00edn\u00e1 podez\u00edrat toho druh\u00e9ho, hledat sebemen\u0161\u00ed z\u00e1minku pro obvin\u011bn\u00ed z\u00a0n\u011b\u010deho tak hrozn\u00e9ho, jako je vra\u017eda mal\u00e9ho d\u00edt\u011bte. <\/strong><\/p>\n<p><strong>P\u0159\u00edb\u011bh, kter\u00fd se klidn\u011b mohl st\u00e1t<\/strong><\/p>\n<p>Dokud jsem nenarazila na tuhle knihu, spisovatelku <a href=\"http:\/\/www.knizniklub.cz.old\/autori\/88381-lesley-kara?ord=DATE-true&#038;filter=ALL&#038;lang=CZE\" target=\"_blank\" rel=\"noopener\">Lesley Kara<\/a> jsem neznala. Podle anotace jsem od p\u0159\u00edb\u011bhu ne\u010dekala a\u017e tak moc, ale nakonec m\u011b mile p\u0159ekvapil. Stoj\u00ed n\u011bkde na pomez\u00ed psychologick\u00e9ho rom\u00e1nu a thrilleru. Prvn\u00ed dv\u011b t\u0159etiny jsou sp\u00ed\u0161 psychologick\u00fdm rom\u00e1nem, popisuj\u00edc\u00edm, co v\u0161echno m\u016f\u017ee nastat, vypust\u00ed-li se na ve\u0159ejnost docela nevinn\u011b vyhl\u00ed\u017eej\u00edc\u00ed f\u00e1ma. V\u00a0t\u00e9hle \u010d\u00e1sti je tak\u00e9 tempo p\u0159\u00edb\u011bhu sp\u00ed\u0161e pomalej\u0161\u00ed a rozvl\u00e1\u010dn\u00e9. <strong>Zvrat nast\u00e1v\u00e1 a\u017e v\u00a0posledn\u00ed t\u0159etin\u011b knihy<\/strong>, kter\u00e1 u\u017e by se \u017e\u00e1nrov\u011b dala nazvat thrillerem. Z\u00a0cel\u00e9 knihy m\u011b nadchla asi nejv\u00edc, nepo\u010d\u00edt\u00e1m-li samotn\u00fd n\u00e1m\u011bt.<\/p>\n<p>D\u011bj je \u010dlen\u011bn\u00fd do kr\u00e1tk\u00fdch kapitolek, kter\u00e9 v\u00e1s <strong>nut\u00ed obracet str\u00e1nky jednu za druhou a nep\u0159estat \u010d\u00edst<\/strong>. P\u0159\u00edb\u011bh Joanny je vypr\u00e1v\u011bn\u00fd v\u00a0ich-form\u011b a dopln\u011bn\u00fd r\u016fzn\u00fdmi novinov\u00fdmi \u010dl\u00e1nky o on\u00e9 vra\u017eedkyni Sally McGowan. Ta cel\u00e9 to d\u011bn\u00ed pozoruje v\u00a0tichosti zpovzd\u00e1l\u00ed. Charaktery obyvatel malom\u011bsta jsou skv\u011ble prokresleny, tak\u017ee <strong>m\u00e1te pocit, \u017ee tenhle p\u0159\u00edb\u011bh se n\u011bkde klidn\u011b mohl st\u00e1t<\/strong>.<\/p>\n<p>Na pozad\u00ed tohoto p\u0159\u00edb\u011bhu sledujeme tak\u00e9 <strong>v\u00fdvoj vztahu Joanny a Michaela<\/strong>, biologick\u00e9ho otce Joannina syna Alfieho. Michael je novin\u00e1\u0159 a z\u0159ejm\u011b proto, \u017ee c\u00edt\u00ed kni\u017en\u00ed senzaci, nast\u011bhuje se k\u00a0Joann\u011b. Jeho postava mi moc nesed\u011bla, ani\u017e bych p\u0159esn\u011b v\u011bd\u011bla pro\u010d. Joanna mi byla v\u00edcem\u00e9n\u011b sympatick\u00e1 a\u017e do t\u00e9 doby, ne\u017e z\u00a0\u00fast vypustila onu osudnou f\u00e1mu. <strong>Ne\u017e si uv\u011bdomila, \u017ee m\u011bla trochu v\u00edc p\u0159em\u00fd\u0161let nad t\u00edm, co vyslov\u00ed a p\u0159ed k\u00fdm, bylo u\u017e pozd\u011b<\/strong>. Reakce okol\u00ed v\u016f\u010di n\u00ed byla zcela adekv\u00e1tn\u00ed. Co mi vadilo, bylo mnohdy dost naivn\u00ed jedn\u00e1n\u00ed hlavn\u00ed hrdinky, kter\u00e1 mi d\u00edky tomu byla o dost m\u00e9n\u011b sympatick\u00e1.<\/p>\n<p><strong>P\u0159ekvapen\u00ed na posledn\u00edch dvou str\u00e1nk\u00e1ch<\/strong><\/p>\n<p>Uzn\u00e1v\u00e1m, \u017ee na n\u011bkoho by mohl za\u010d\u00e1tek knihy p\u016fsobit a\u017e nudn\u011b, nicm\u00e9n\u011b pro m\u011b byl \u010dtiv\u00fd a pomal\u00fd rozjezd mi a\u017e tak nevadil. O to v\u00edc m\u011b pak dostalo z\u00e1v\u011bre\u010dn\u00e9 fin\u00e1le! Posledn\u00ed t\u0159etinu kn\u00ed\u017eky jsem \u010detla jedn\u00edm dechem. Bavilo m\u011b prodlu\u017eov\u00e1n\u00ed nap\u011bt\u00ed a\u017e k\u00a0z\u00e1v\u011bru a u\u017e\u00edvala jsem si ten pocit, kdy n\u011bco tu\u0161\u00edte, ale nev\u00edte, co se stane a jak\u00fdm sm\u011brem se d\u011bj obr\u00e1t\u00ed. <strong>A nejv\u011bt\u0161\u00ed p\u0159ekvapen\u00ed p\u0159ijde a\u017e na \u00fapln\u00fd z\u00e1v\u011br, konkr\u00e9tn\u011b na posledn\u00edch dvou str\u00e1nk\u00e1ch<\/strong>!<\/p>\n<p><strong>Kniha <\/strong><a href=\"http:\/\/www.knizniklub.cz.old\/knihy\/382521-fama\" target=\"_blank\" rel=\"noopener\"><strong>F\u00e1ma<\/strong><\/a><strong> je takov\u00e9 jednoduch\u00e9, nen\u00e1ro\u010dn\u00e9 \u010dten\u00ed, u kter\u00e9ho si skv\u011ble odpo\u010dinete. P\u0159irovnala bych ji ke stylu <\/strong><a href=\"http:\/\/www.knizniklub.cz.old\/autori\/52339-shari-lapena\" target=\"_blank\" rel=\"noopener\"><strong>Shari Lapena<\/strong><\/a><strong> nebo <\/strong><a href=\"http:\/\/www.knizniklub.cz.old\/autori\/40231-liane-moriarty\" target=\"_blank\" rel=\"noopener\"><strong>Liane Moriarty<\/strong><\/a><strong>. Ur\u010dit\u011b ji doporu\u010duji v\u0161em, kte\u0159\u00ed maj\u00ed r\u00e1di psychologick\u00e9 rom\u00e1ny kombinovan\u00e9 s\u00a0prvky thrilleru. A pokud v\u00e1m nebude vadit pomalej\u0161\u00ed rozjezd, v\u011b\u0159te, \u017ee z\u00e1v\u011br v\u00e1s dostane!<\/strong><\/p>\n<p>\u00a0<\/p>\n<p><iframe src=\"https:\/\/www.youtube.com\/embed\/ZtAaIfPj_YU\" width=\"560\" height=\"314\" allowfullscreen=\"allowfullscreen\"><\/iframe><\/p>\n<p><em>Autorkou recenze je Andrea Simoglu.<\/em><\/p>\n<p>&#8222;<\/p>\n<p>Autor:\u00a0Kni\u017en\u00ed klub<\/p>\n","protected":false},"excerpt":{"rendered":"<p>V\u0161echno za\u010dalo nevinn\u00fdm drbem\u2026 Joanna je svobodn\u00e1 matka, kter\u00e1 se z Lond\u00fdna p\u0159est\u011bhovala do p\u0159\u00edmo\u0159sk\u00e9ho m\u011bste\u010dka Flinstead. Chce se sv\u00fdm synem Alfiem za\u010d\u00edt nanovo pr\u00e1v\u011b tady, a aby se co nejl\u00e9pe sezn\u00e1mila s m\u00edstn\u00edmi obyvateli, p\u0159ihl\u00e1s\u00ed se do \u010dten\u00e1\u0159sk\u00e9ho krou\u017eku&#8230;<\/p>\n","protected":false},"author":2,"featured_media":325847,"comment_status":"open","ping_status":"open","sticky":false,"template":"","format":"standard","meta":{"_acf_changed":false,"_monsterinsights_skip_tracking":false,"_monsterinsights_sitenote_active":false,"_monsterinsights_sitenote_note":"","_monsterinsights_sitenote_category":0,"_EventAllDay":false,"_EventTimezone":"","_EventStartDate":"","_EventEndDate":"","_EventStartDateUTC":"","_EventEndDateUTC":"","_EventShowMap":false,"_EventShowMapLink":false,"_EventURL":"","_EventCost":"","_EventCostDescription":"","_EventCurrencySymbol":"","_EventCurrencyCode":"","_EventCurrencyPosition":"","_EventDateTimeSeparator":"","_EventTimeRangeSeparator":"","_EventOrganizerID":[],"_EventVenueID":[],"_OrganizerEmail":"","_OrganizerPhone":"","_OrganizerWebsite":"","_VenueAddress":"","_VenueCity":"","_VenueCountry":"","_VenueProvince":"","_VenueState":"","_VenueZip":"","_VenuePhone":"","_VenueURL":"","_VenueStateProvince":"","_VenueLat":"","_VenueLng":"","_VenueShowMap":false,"_VenueShowMapLink":false,"twitterCardType":"","cardImageID":0,"cardImage":"","cardTitle":"","cardDesc":"","cardImageAlt":"","cardPlayer":"","cardPlayerWidth":0,"cardPlayerHeight":0,"cardPlayerStream":"","cardPlayerCodec":"","footnotes":""},"categories":[7],"tags":[21832],"class_list":["post-325846","post","type-post","status-publish","format-standard","has-post-thumbnail","hentry","category-recenze","tag-literarni-kavarna"],"acf":{"related_products":null},"_links":{"self":[{"href":"https:\/\/www.luxor.cz\/blog\/wp-json\/wp\/v2\/posts\/325846","targetHints":{"allow":["GET"]}}],"collection":[{"href":"https:\/\/www.luxor.cz\/blog\/wp-json\/wp\/v2\/posts"}],"about":[{"href":"https:\/\/www.luxor.cz\/blog\/wp-json\/wp\/v2\/types\/post"}],"author":[{"embeddable":true,"href":"https:\/\/www.luxor.cz\/blog\/wp-json\/wp\/v2\/users\/2"}],"replies":[{"embeddable":true,"href":"https:\/\/www.luxor.cz\/blog\/wp-json\/wp\/v2\/comments?post=325846"}],"version-history":[{"count":0,"href":"https:\/\/www.luxor.cz\/blog\/wp-json\/wp\/v2\/posts\/325846\/revisions"}],"wp:featuredmedia":[{"embeddable":true,"href":"https:\/\/www.luxor.cz\/blog\/wp-json\/wp\/v2\/media\/325847"}],"wp:attachment":[{"href":"https:\/\/www.luxor.cz\/blog\/wp-json\/wp\/v2\/media?parent=325846"}],"wp:term":[{"taxonomy":"category","embeddable":true,"href":"https:\/\/www.luxor.cz\/blog\/wp-json\/wp\/v2\/categories?post=325846"},{"taxonomy":"post_tag","embeddable":true,"href":"https:\/\/www.luxor.cz\/blog\/wp-json\/wp\/v2\/tags?post=325846"}],"curies":[{"name":"wp","href":"https:\/\/api.w.org\/{rel}","templated":true}]}}